{"id":165130,"date":"2025-10-09T13:02:10","date_gmt":"2025-10-09T13:02:10","guid":{"rendered":"https:\/\/www.europesays.com\/es\/165130\/"},"modified":"2025-10-09T13:02:10","modified_gmt":"2025-10-09T13:02:10","slug":"el-regreso-de-sepulveda-de-yeltes-o-la-incorporacion-de-ganaderia-de-tomas-novedades-en-la-ructl","status":"publish","type":"post","link":"https:\/\/www.europesays.com\/es\/165130\/","title":{"rendered":"El regreso de Sep\u00falveda de Yeltes o la incorporaci\u00f3n de Ganader\u00eda de Tom\u00e1s, novedades en la RUCTL"},"content":{"rendered":"<p>La <strong>Real Uni\u00f3n de Criadores de Toros de Lidia (RUCTL)<\/strong> ha informado de los \u00faltimos cambios aprobados en su registro oficial de ganader\u00edas tras la celebraci\u00f3n de su Junta Directiva el pasado 23 de septiembre. El regreso de <strong>Sep\u00falveda de Yeltes, Bucar\u00e9<\/strong> o la incorporaci\u00f3n de <strong>Ganader\u00eda de Tom\u00e1s,<\/strong> propiedad del futbolista Ra\u00fal de Tom\u00e1s, son las principales novedades en la RUCTL. Dichas modificaciones son las siguientes:<\/p>\n<p><a href=\"https:\/\/www.europesays.com\/es\/wp-content\/uploads\/2025\/10\/thumbnail_Grafico-modificaciones-ganaderas-RUCTL.jpeg\"><img loading=\"lazy\" decoding=\"async\" class=\"alignnone wp-image-552760 size-full lazy\" src=\"https:\/\/www.europesays.com\/es\/wp-content\/uploads\/2025\/10\/thumbnail_Grafico-modificaciones-ganaderas-RUCTL.jpeg\" alt=\"\" width=\"1280\" height=\"905\"  data-\/><\/a><\/p>\n","protected":false},"excerpt":{"rendered":"La Real Uni\u00f3n de Criadores de Toros de Lidia (RUCTL) ha informado de los \u00faltimos cambios aprobados en&hellip;\n","protected":false},"author":2,"featured_media":165131,"comment_status":"","ping_status":"","sticky":false,"template":"","format":"standard","meta":{"footnotes":""},"categories":[277],"tags":[45,373,168,25,24,22227,48627,23,167,374,444],"class_list":{"0":"post-165130","1":"post","2":"type-post","3":"status-publish","4":"format-standard","5":"has-post-thumbnail","7":"category-toreo","8":"tag-45","9":"tag-bullfighting","10":"tag-deportes","11":"tag-es","12":"tag-espana","13":"tag-ganaderias","14":"tag-ructl","15":"tag-spain","16":"tag-sports","17":"tag-toreo","18":"tag-toros"},"share_on_mastodon":{"url":"","error":""},"_links":{"self":[{"href":"https:\/\/www.europesays.com\/es\/wp-json\/wp\/v2\/posts\/165130","targetHints":{"allow":["GET"]}}],"collection":[{"href":"https:\/\/www.europesays.com\/es\/wp-json\/wp\/v2\/posts"}],"about":[{"href":"https:\/\/www.europesays.com\/es\/wp-json\/wp\/v2\/types\/post"}],"author":[{"embeddable":true,"href":"https:\/\/www.europesays.com\/es\/wp-json\/wp\/v2\/users\/2"}],"replies":[{"embeddable":true,"href":"https:\/\/www.europesays.com\/es\/wp-json\/wp\/v2\/comments?post=165130"}],"version-history":[{"count":0,"href":"https:\/\/www.europesays.com\/es\/wp-json\/wp\/v2\/posts\/165130\/revisions"}],"wp:featuredmedia":[{"embeddable":true,"href":"https:\/\/www.europesays.com\/es\/wp-json\/wp\/v2\/media\/165131"}],"wp:attachment":[{"href":"https:\/\/www.europesays.com\/es\/wp-json\/wp\/v2\/media?parent=165130"}],"wp:term":[{"taxonomy":"category","embeddable":true,"href":"https:\/\/www.europesays.com\/es\/wp-json\/wp\/v2\/categories?post=165130"},{"taxonomy":"post_tag","embeddable":true,"href":"https:\/\/www.europesays.com\/es\/wp-json\/wp\/v2\/tags?post=165130"}],"curies":[{"name":"wp","href":"https:\/\/api.w.org\/{rel}","templated":true}]}}