{"id":165132,"date":"2025-10-09T13:03:11","date_gmt":"2025-10-09T13:03:11","guid":{"rendered":"https:\/\/www.europesays.com\/es\/165132\/"},"modified":"2025-10-09T13:03:11","modified_gmt":"2025-10-09T13:03:11","slug":"la-prohibicion-de-conor-mcgregor-en-ufc-es-conveniente-su-regreso-a-la-casa-blanca-genera-nuevas-preguntas","status":"publish","type":"post","link":"https:\/\/www.europesays.com\/es\/165132\/","title":{"rendered":"La prohibici\u00f3n de Conor McGregor en UFC es conveniente: su regreso a la Casa Blanca genera nuevas preguntas"},"content":{"rendered":"<p>Tu apoyo nos ayuda a contar la historia.<\/p>\n<p class=\"sc-1uza6dc-0 jEZjIj\">Desde los derechos reproductivos hasta el cambio clim\u00e1tico y las grandes tecnolog\u00edas, The Independent est\u00e1 en el terreno cuando se desarrolla la historia. Ya sea investigando las finanzas del PAC pro-Trump de Elon Musk o produciendo nuestro \u00faltimo documental, \u2018The A Word\u2019, que arroja luz sobre las mujeres estadounidenses que luchan por los derechos reproductivos, sabemos lo importante que es analizar los hechos a partir de los mensajes.<\/p>\n<p class=\"sc-1uza6dc-0 jEZjIj\">En un momento tan cr\u00edtico de la historia de Estados Unidos, necesitamos periodistas sobre el terreno. Su donaci\u00f3n nos permite seguir enviando periodistas para hablar de ambos lados de la historia.<\/p>\n<p class=\"sc-1uza6dc-0 jEZjIj\">Los estadounidenses de todo el espectro pol\u00edtico conf\u00edan en The Independent. Y a diferencia de muchos otros medios de noticias de calidad, optamos por no excluir a los estadounidenses de nuestros informes y an\u00e1lisis con barreras de pago. Creemos que el periodismo de calidad debe estar disponible para todos y ser pagado por quienes puedan permit\u00edrselo.<\/p>\n<p><strong class=\"sc-1uza6dc-1 gunhQQ\">Tu apoyo hace toda la diferencia.<\/strong><\/p>\n<p>Leer m\u00e1s<\/p>\n<p>Conor McGregor y controversia son palabras que han estado estrechamente ligadas desde la aparici\u00f3n del irland\u00e9s en UFC. Un v\u00ednculo inextricable, tal vez, y esas palabras no parecen estar m\u00e1s cerca de desvincularse a \u00faltima hora del martes. Porque fue entonces cuando salt\u00f3 la noticia, de repente, de que McGregor hab\u00eda recibido una suspensi\u00f3n antidopaje.<\/p>\n<p>La ya mencionada propensi\u00f3n de McGregor a la controversia signific\u00f3 que algunos recibieron esta noticia con poco m\u00e1s que un f\u00e1cil suspiro y un medio levantamiento de cejas. A\u00fan as\u00ed, hab\u00eda algo alarmante en ver las palabras en <a rel=\"nofollow noopener\" target=\"_blank\" href=\"https:\/\/www.ufc.com\/news\/conor-mcgregor-accepts-18-month-sanction-whereabouts-failures-under-ufc-anti-doping-policy\">may\u00fasculas blancas, sobre un fondo negro<\/a>. \u201cCONOR MCGREGOR ACEPTA UNA SANCI\u00d3N DE 18 MESES POR FALLAS EN EL PARAdero BAJO LA POL\u00cdTICA ANTIDOPAJE DE UFC\u201d (colores invertidos, aqu\u00ed).<\/p>\n<p>Sin embargo, inmediatamente hubo factores que suavizaron el aparente esc\u00e1ndalo de esta revelaci\u00f3n.<\/p>\n<p>En primer lugar, esas palabras \u201cerrores de localizaci\u00f3n\u201d. Entonces, para ser claros, McGregor, hasta donde sabemos, no ha dado positivo en una prueba de drogas. En cambio, el ex campe\u00f3n de dos pesos fue castigado por faltar a tres pruebas antidopaje, todas en 2024, el 13 de junio.<strong> <\/strong>19 de septiembre y 20 de septiembre. <\/p>\n<p>Algunos pueden tomar su ausencia como un signo de culpa, pero no es tan simple. La propia declaraci\u00f3n de UFC dec\u00eda as\u00ed: \u201cEl Antidopaje de Deportes de Combate (CSAD) se\u00f1al\u00f3 que se estaba recuperando de una lesi\u00f3n y no se estaba preparando para una pr\u00f3xima pelea en el momento de las tres pruebas perdidas. McGregor cooper\u00f3 plenamente con la investigaci\u00f3n de CSAD, acept\u00f3 la responsabilidad y proporcion\u00f3 informaci\u00f3n detallada que CSAD determin\u00f3 que contribuy\u00f3 a las pruebas perdidas\u201d.<\/p>\n<p>De hecho, McGregor hab\u00eda sufrido una fractura en un dedo del pie en junio de 2024, lo que descarril\u00f3 su planeado regreso contra Michael Chandler, y no ha peleado ni ha tenido un campo de entrenamiento desde entonces. <\/p>\n<p>abrir imagen en la galer\u00eda<\/p>\n<p>Conor McGregor fotografiado en un d\u00eda ben\u00e9fico en Nueva York en septiembre (Getty)<\/p>\n<p>En segundo lugar, la suspensi\u00f3n de 18 meses de McGregor se remonta a su \u00faltima prueba perdida, es decir, el 20 de septiembre de 2024. Habr\u00eda sido una suspensi\u00f3n de dos a\u00f1os, pero \u201cteniendo en cuenta la cooperaci\u00f3n y las circunstancias de McGregor\u201d, se redujo. Eso significa convenientemente que, despu\u00e9s de los gritos iniciales de algunos en la base de fan\u00e1ticos de las artes marciales mixtas, McGregor ser\u00e1 elegible para competir en el evento planeado para junio en la Casa Blanca.<\/p>\n<p>Muchos han expresado escepticismo no s\u00f3lo sobre el realismo de este evento, y particularmente sobre las posibilidades de que McGregor est\u00e9 involucrado. Sin embargo, parece que se han logrado avances; El presidente de UFC, Dana White, amigo de Donald Trump, se reuni\u00f3 con el presidente de Estados Unidos, comparti\u00f3 representaciones del oct\u00e1gono en el jard\u00edn sur y consigui\u00f3 que Trump \u201caprobase\u201d varios factores. De hecho, Trump dijo esta semana que la cartelera se llevar\u00e1 a cabo el 14 de junio, su cumplea\u00f1os, nada menos.<\/p>\n<p>Sin embargo, de alguna manera, la participaci\u00f3n de McGregor parece menos probable que el evento en s\u00ed. En primer lugar, ha pasado menos de un a\u00f1o desde que un jurado civil fall\u00f3 a favor de una mujer que hab\u00eda acusado al luchador de violaci\u00f3n en 2018, y McGregor fue declarado responsable de agresi\u00f3n. Cabe se\u00f1alar que niega todas las acusaciones en su contra, aunque en julio fracas\u00f3 un recurso de apelaci\u00f3n contra el veredicto.<\/p>\n<p>En cualquier caso, el hombre de 37 a\u00f1os afirm\u00f3 que estaba negociando directamente con el gobierno de Estados Unidos un lugar en la cartelera de la Casa Blanca, en lugar de con el presidente de la UFC, White, y dijo que su papel en la cartelera estaba \u201cfirmado\u201d y \u201cacuerdo cerrado\u201d. No ha habido noticias de la oficina de Trump, mientras que White ha enfatizado que las negociaciones sobre los cazas no comenzar\u00e1n hasta febrero.<\/p>\n<p><img decoding=\"async\" src=\"https:\/\/www.europesays.com\/es\/wp-content\/uploads\/2025\/10\/GettyImages-2205529027.jpeg\"  loading=\"lazy\" alt=\"McGregor hablando en la Casa Blanca a principios de este a\u00f1o\" class=\"sc-1mc30lb-0 ggpMaE inline-gallery-btn\"\/><\/p>\n<p>abrir imagen en la galer\u00eda<\/p>\n<p>McGregor hablando en la Casa Blanca a principios de este a\u00f1o (Im\u00e1genes falsas)<\/p>\n<p>Uno podr\u00eda haber sentido que McGregor, quien anunci\u00f3 su participaci\u00f3n en Fox News, simplemente estaba tratando de presionar a UFC. Exigi\u00f3 (en una medida que ciertamente debe tomarse a\u00fan menos en serio) el pago de \u201c100 millones de d\u00f3lares\u201d y \u201c100 \u2018visas doradas\u2019 estadounidenses\u201d a X.<\/p>\n<p>Por supuesto, su medida m\u00e1s significativa este mes fue dejar de aspirar a la presidencia irlandesa, al tiempo que calific\u00f3 los criterios de elegibilidad como una \u201ccamisa de fuerza\u201d. Pero incluso la \u201cimportancia\u201d de esta decisi\u00f3n podr\u00eda ser cuestionada, dado que las posibilidades de \u00e9xito de McGregor eran tan escasas que resultaban casi imperceptibles.<\/p>\n<p>Entonces, \u00bfd\u00f3nde deja esto a McGregor? Lo deja todav\u00eda suspirando por regresar a UFC, cuatro a\u00f1os despu\u00e9s de su \u00faltima pelea, cuando sufri\u00f3 una fractura en la pierna en el primer asalto de una segunda derrota consecutiva. Para el pr\u00f3ximo junio, su ausencia del oct\u00e1gono habr\u00e1 alcanzado la marca de cinco a\u00f1os.<\/p>\n<p>Teniendo esto en cuenta, en un deporte que es relativamente joven y evoluciona r\u00e1pidamente, \u00bfqu\u00e9 raz\u00f3n hay para creer que McGregor mostrar\u00eda su fascinante brutalismo de anta\u00f1o en la Casa Blanca, incluso si apareciera?<\/p>\n<p><img decoding=\"async\" src=\"https:\/\/www.europesays.com\/es\/wp-content\/uploads\/2025\/10\/GettyImages-1328084664.jpg\"  loading=\"lazy\" alt=\"McGregor sufri\u00f3 una fractura en la pierna en su \u00faltima pelea, derrota ante Dustin Poirier en 2021\" class=\"sc-1mc30lb-0 ggpMaE inline-gallery-btn\"\/><\/p>\n<p>abrir imagen en la galer\u00eda<\/p>\n<p>McGregor sufri\u00f3 una fractura en la pierna en su \u00faltima pelea, derrota ante Dustin Poirier en 2021 (Im\u00e1genes falsas)<\/p>\n<p>En este punto, la idea de que McGregor entre en la jaula el pr\u00f3ximo junio, frente a la Casa Blanca, el presidente Trump y millones de espectadores, y agregue otro nocaut destacado a su r\u00e9cord parece absurda. <\/p>\n<p>Por supuesto, nada es imposible, como demostr\u00f3 McGregor durante su mejor momento. \u00bfY el hecho de que su prohibici\u00f3n termine convenientemente antes del evento planeado por la UFC en la Casa Blanca \u2013 provisionalmente, un momento deportivo a una escala incomprensible? Eso a\u00fan podr\u00eda abrir la puerta a otro momento McGregor desconcertante pero cautivador.<\/p>\n","protected":false},"excerpt":{"rendered":"Tu apoyo nos ayuda a contar la historia. Desde los derechos reproductivos hasta el cambio clim\u00e1tico y las&hellip;\n","protected":false},"author":2,"featured_media":165133,"comment_status":"","ping_status":"","sticky":false,"template":"","format":"standard","meta":{"footnotes":""},"categories":[276],"tags":[168,25,24,23,167,343],"class_list":{"0":"post-165132","1":"post","2":"type-post","3":"status-publish","4":"format-standard","5":"has-post-thumbnail","7":"category-ufc","8":"tag-deportes","9":"tag-es","10":"tag-espana","11":"tag-spain","12":"tag-sports","13":"tag-ufc"},"share_on_mastodon":{"url":"","error":""},"_links":{"self":[{"href":"https:\/\/www.europesays.com\/es\/wp-json\/wp\/v2\/posts\/165132","targetHints":{"allow":["GET"]}}],"collection":[{"href":"https:\/\/www.europesays.com\/es\/wp-json\/wp\/v2\/posts"}],"about":[{"href":"https:\/\/www.europesays.com\/es\/wp-json\/wp\/v2\/types\/post"}],"author":[{"embeddable":true,"href":"https:\/\/www.europesays.com\/es\/wp-json\/wp\/v2\/users\/2"}],"replies":[{"embeddable":true,"href":"https:\/\/www.europesays.com\/es\/wp-json\/wp\/v2\/comments?post=165132"}],"version-history":[{"count":0,"href":"https:\/\/www.europesays.com\/es\/wp-json\/wp\/v2\/posts\/165132\/revisions"}],"wp:featuredmedia":[{"embeddable":true,"href":"https:\/\/www.europesays.com\/es\/wp-json\/wp\/v2\/media\/165133"}],"wp:attachment":[{"href":"https:\/\/www.europesays.com\/es\/wp-json\/wp\/v2\/media?parent=165132"}],"wp:term":[{"taxonomy":"category","embeddable":true,"href":"https:\/\/www.europesays.com\/es\/wp-json\/wp\/v2\/categories?post=165132"},{"taxonomy":"post_tag","embeddable":true,"href":"https:\/\/www.europesays.com\/es\/wp-json\/wp\/v2\/tags?post=165132"}],"curies":[{"name":"wp","href":"https:\/\/api.w.org\/{rel}","templated":true}]}}