{"id":165144,"date":"2025-10-09T13:10:09","date_gmt":"2025-10-09T13:10:09","guid":{"rendered":"https:\/\/www.europesays.com\/es\/165144\/"},"modified":"2025-10-09T13:10:09","modified_gmt":"2025-10-09T13:10:09","slug":"mario-biondo-doce-anos-de-una-traumatica-muerte-que-sigue-salpicando-a-raquel-sanchez-silva-la-voz-de-galicia","status":"publish","type":"post","link":"https:\/\/www.europesays.com\/es\/165144\/","title":{"rendered":"Mario Biondo, doce a\u00f1os de una traum\u00e1tica muerte que sigue salpicando a Raquel S\u00e1nchez Silva &#8211; La Voz de Galicia"},"content":{"rendered":"<ol>\n<li><a href=\"https:\/\/news.google.com\/rss\/articles\/CBMi8wFBVV95cUxPX3BwU0wyZDUzWVJGLTdnX1RubnZ0OTJYNmpVT3llaV9ncXFlNVZLMEJhOVFSNm5EdUxWVEpTRHlZTlp2UFRadm5LZnQycTVjMFc3VlNnNEhPS1gyTlNyRi1xNGl2SUE0YWlsQ0JPbFZkVXoxV1ZNd2ZvSW1rS2RBSjRQVUx1VzdaRkE4VVlIb0g3a1YxUEotUFJjVDJDc2Qybi1zUHlUejdTcG54dUpLemI4bDhZSFFXaE9RQ0dfM2lld3BTaTV0YUJMMDdCNHJlSjlRcmFYNzN3bXd0cS1ycW1EWFJVMlRCWVp0eThUQV9Xb3PSAY8CQVVfeXFMTWdUd3UxcTlJVnBQTzNtaHhBNFZ3Y2hHbWlPTmEyWnNIdGloTXVod2hmeGtnUE1PRlRmN2h3YW12QnhXVEZSTDFfSDVINi1fN3pSVWpaMTJ1T0ljcDJNLV8zMzRpcjloNndrNkxyaXB0UVE1SmxsYXVraWQ5Zlh3dmw5cWZmQXB4WTBQR2N3OTk5bWwwV212RkMxQ21pVmhUNjNicUFYbkJLTmVsUGFONGpTZHdRRF92ZVhwcUZjY21RbXlNQkFlNERqMEtYVHZKVVJVRWNSUnRlS3ZTVXBuaG1CLVc4aVFYQ2pGZ3lodGk5aG0yX2Z0dElvU0VIS09LM1oyU2JTYWdsLXFzYnRaTQ?oc=5\" target=\"_blank\" rel=\"nofollow noopener\">Mario Biondo, doce a\u00f1os de una traum\u00e1tica muerte que sigue salpicando a Raquel S\u00e1nchez Silva<\/a>&nbsp;&nbsp;La Voz de Galicia<\/li>\n<li><a href=\"https:\/\/news.google.com\/rss\/articles\/CBMigAFBVV95cUxQc0RHZERqV3g0aGk0OXgtdElnU3I1V0lzMzVTa3RUVFJtM0hoZG4zSVI4RG9sR2FjM2N6bGEtanpwMlNqM1RwVkJNVEZoYmdXMGJDYzNwYkVwUm52VE9yNU11MEFzTkxyYVhEeWk0bzh0anptR1l2Ri1raTFtRmpLSNIBgAFBVV95cUxQNmMtRXVDODN2elNHbmtHQWxSNTJGdTU3cDB3bU9qQkh6N1BqRWk3eGsxY3FKZ0gwY3ZMVXB2TldybXF1UEhWdXNrRTI2aVF5V3V1YWRYWFRab2duS1hOczdweU1PS3ZhWDFYZkpZLVZGQ3ZRdWZnem1MYUJETnVPUA?oc=5\" target=\"_blank\" rel=\"nofollow noopener\">Los padres de Mario Biondo piden reabrir el caso ante la justicia espa\u00f1ola: \u00abSolo queremos saber qui\u00e9n ha matado a nuestro hijo y por qu\u00e9\u00bb<\/a>&nbsp;&nbsp;El Mundo<\/li>\n<li><a href=\"https:\/\/news.google.com\/rss\/articles\/CBMivAFBVV95cUxPWFlZczdnNkZCWVQ4VF9JYWx2bmVzR0JKTVpGaUJtRmZOajMtS1lUQTlFTFlvOTlXZ0tuTVNtbUJZaU9aUlpScmRHZWl0dTVLbi1YeUtZSE5ja29TNmtFV1ZLbjZiZjZmd3JHVUV3cFZxeHJJMmx6d1NPcFRLTk1YVkxMZUt5ZW9rOVcyNU9MTDhvOFl4ekE0ajl2NDVBSk9KR2F4UFhzWmxmTlRXRTZad1IyWXh3cWNMeHB1R9IByAFBVV95cUxNZklIQXA0MGVlaE1EZUR4UFJVZXpMeXNYWm9WRFlTTGlDVFNBVkRwazJzQm5JdTdFUS1nRUFWbkpsSFdwOWRtaHF6MjBaXzdnLUljNzVaM1IxN3lFSU9pT1hfUzRnRVoxazVlSGphQ0g3clRzSFY2M080Ni1mV3YtS0RoY3BpWFpPNGNRMVRHZU9uQjJjMlI3bHhxODdUa3o4aEp2WE9pZTJVT2J0bURPRllYRlRQSFR0ejdqNUM1emk2UU4wMTVxUg?oc=5\" target=\"_blank\" rel=\"nofollow noopener\">Primera reacci\u00f3n de Raquel S\u00e1nchez Silva ante los \u00faltimos comentarios de los padres de Mario Biondo<\/a>&nbsp;&nbsp;Telecinco<\/li>\n<li><a href=\"https:\/\/news.google.com\/rss\/articles\/CBMitgFBVV95cUxPS3FPTUlCdDY5LXgwTWtoWUZDVkZia1FBNUJlUmpEaTZoYVY4TWMtOUFra19PZDRXTHhRb0tyTGhSMGFzVU5PNkgyWW43TXJUZFpRb25LVm9scC1uYmtqQU80TjVxRExMemJyVlVvRGVWYVpJaElxSFNsWVhFalpzWXRQUWlxZ2l2cHNidk9VYlg1NlMwUkNPZmJfU2JUVTlPWlgyY3A3NDZ3bXVUNTlEZktRLVR5QQ?oc=5\" target=\"_blank\" rel=\"nofollow noopener\">Los padres de Mario Biondo presentar\u00e1n un incidente de nulidad para reabrir el caso: \u00abHan permitido que el tiempo borre las huellas del asesino\u00bb<\/a>&nbsp;&nbsp;ABC<\/li>\n<li><a href=\"https:\/\/news.google.com\/rss\/articles\/CBMi7AFBVV95cUxOelpIWmJMZG04N0JJLWZQZnJVZzVLTFVid0VWNEwwMjFobzliYXQ3bmRpcUo5UlcxQkRaTWJibEJwOUkxVl9JUDFYU2VqVVp3dThFN0QzZm9PTUUwV3ItbGlxMnVpeE55RkRfcjdKaUl0ek5FUGpIUWI5U181NVFLNXhXX3U5UktwTVRxZ016RFNVREZseFpEYlZTOFBxOElrNmFhVUFyUEpta2VPb1FLM0NhdHdrMGVIMzMweUlfSDdOTXV6MzV3YnhrbWtFM2tRNXVUT1NCSl9lS2ZxYVRnM2NUdU9nR3g2QkNWMNIBgAJBVV95cUxQTVl2T1dLMXhuQ2JxaWNBQmtkQTNKWHUzOTU1N2J2bTB5SEd0cnpXSjZvUlZJS2M0MllmdlNrN2ttcWdmZGplcC15X0xleHBLekxOUFZZaVd0Z1R5bmtPLUZtbVNVNzdiNVJlNmp3OWh6a3k5MGJlVHRzUTNhUHBzLWFfYUE2MTlzZWNOREg4YlJhc0FFNnZvNUw3dW9JOFBRSjdLNWlvZVpGOFE2M0hlYm1JWWVnaFFLSlpBaEFsbHZjVkp0X2d6aGFYTmg5N1h5S2xDNEQ1Rlo2UUN2eXJJelVNSExQNzlvc3ZQTHg2Q09ydloxcnNpMlVfVllocnBa?oc=5\" target=\"_blank\" rel=\"nofollow noopener\">Boris Izaguirre da la \u00faltima hora sobre Raquel S\u00e1nchez Silva tras el giro en el caso de Mario Biondo: \u201cNo es j<\/a>&nbsp;&nbsp;Diario AS<\/li>\n<\/ol>\n","protected":false},"excerpt":{"rendered":"Mario Biondo, doce a\u00f1os de una traum\u00e1tica muerte que sigue salpicando a Raquel S\u00e1nchez Silva&nbsp;&nbsp;La Voz de Galicia&hellip;\n","protected":false},"author":2,"featured_media":165145,"comment_status":"","ping_status":"","sticky":false,"template":"","format":"standard","meta":{"footnotes":""},"categories":[174],"tags":[255,146,147,25,24,256,45356,23],"class_list":{"0":"post-165144","1":"post","2":"type-post","3":"status-publish","4":"format-standard","5":"has-post-thumbnail","7":"category-famosos","8":"tag-celebrities","9":"tag-entertainment","10":"tag-entretenimiento","11":"tag-es","12":"tag-espana","13":"tag-famosos","14":"tag-raquel-sanchez-silva","15":"tag-spain"},"share_on_mastodon":{"url":"","error":""},"_links":{"self":[{"href":"https:\/\/www.europesays.com\/es\/wp-json\/wp\/v2\/posts\/165144","targetHints":{"allow":["GET"]}}],"collection":[{"href":"https:\/\/www.europesays.com\/es\/wp-json\/wp\/v2\/posts"}],"about":[{"href":"https:\/\/www.europesays.com\/es\/wp-json\/wp\/v2\/types\/post"}],"author":[{"embeddable":true,"href":"https:\/\/www.europesays.com\/es\/wp-json\/wp\/v2\/users\/2"}],"replies":[{"embeddable":true,"href":"https:\/\/www.europesays.com\/es\/wp-json\/wp\/v2\/comments?post=165144"}],"version-history":[{"count":0,"href":"https:\/\/www.europesays.com\/es\/wp-json\/wp\/v2\/posts\/165144\/revisions"}],"wp:featuredmedia":[{"embeddable":true,"href":"https:\/\/www.europesays.com\/es\/wp-json\/wp\/v2\/media\/165145"}],"wp:attachment":[{"href":"https:\/\/www.europesays.com\/es\/wp-json\/wp\/v2\/media?parent=165144"}],"wp:term":[{"taxonomy":"category","embeddable":true,"href":"https:\/\/www.europesays.com\/es\/wp-json\/wp\/v2\/categories?post=165144"},{"taxonomy":"post_tag","embeddable":true,"href":"https:\/\/www.europesays.com\/es\/wp-json\/wp\/v2\/tags?post=165144"}],"curies":[{"name":"wp","href":"https:\/\/api.w.org\/{rel}","templated":true}]}}