{"id":165148,"date":"2025-10-09T13:12:19","date_gmt":"2025-10-09T13:12:19","guid":{"rendered":"https:\/\/www.europesays.com\/es\/165148\/"},"modified":"2025-10-09T13:12:19","modified_gmt":"2025-10-09T13:12:19","slug":"seis-imprescindibles-de-krasznahorkai-traducidos-al-castellano","status":"publish","type":"post","link":"https:\/\/www.europesays.com\/es\/165148\/","title":{"rendered":"Seis imprescindibles de Krasznahorkai traducidos al castellano"},"content":{"rendered":"<p><a href=\"https:\/\/www.diariosur.es\/culturas\/libros\/laszlo-krasznahorkai-gana-nobel-literatura-2025-20251009130357-ntrc.html\" target=\"_blank\" data-voc-vtm-id=\"in-text-traffic\" title=\"L\u00e1szl\u00f3 Krasznahorkai \" rel=\"nofollow noopener\">L\u00e1szl\u00f3 Krasznahorkai <\/a>no est\u00e1, evidentemente, entre los autores internacionales m\u00e1s le\u00eddos en Espa\u00f1a, pero s\u00ed se ha traducido al castellano buena parte de su obra,  &#8230; mayormente por el inter\u00e9s de la compa\u00f1\u00eda independiente Acantilado, que desde 2001 ha ido publicando algunos de los t\u00edtulos m\u00e1s reconocidos del autor h\u00fangaro, que recibi\u00f3 el pasado 2024 el Premio Formentor.<\/p>\n<p class=\"v-p\">Entre ellos, figuran seis novelas largas, todas ellas traducidas al espa\u00f1ol por Adan Kovacsics y que forman parte del cat\u00e1logo de la editorial barcelonesa.<\/p>\n<ol class=\"v-cmp-u-b__u\">\n<li class=\"v-cmp-u-b__l\">\n<p>&#8216;Tango sat\u00e1nico&#8217; (S\u00e1t\u00e1ntang\u00f3, 1985), Acantilado, 2017<\/p>\n<\/li>\n<\/ol>\n<p><img decoding=\"async\" loading=\"lazy\" src=\"https:\/\/www.europesays.com\/es\/wp-content\/uploads\/2025\/10\/Clipboard-0171-k0zH--258x367@RC.jpg\" class=\"v-a-img\" width=\"258\" height=\"367\" alt=\"Imagen - \"\/><\/p>\n<p><img decoding=\"async\" loading=\"lazy\" src=\"https:\/\/www.europesays.com\/es\/wp-content\/uploads\/2025\/10\/Clipboard-0172-k0zH--760x1080@RC.jpg\" class=\"v-mdl__img-z\" width=\"760\" height=\"1080\" alt=\"Imagen - \"\/><\/p>\n<p class=\"v-p\">Inspiraci\u00f3n para la obra maestra de seis horas del cineasta B\u00e9la Tarr, la historia se extiende a lo largo de un par de d\u00edas de lluvia interminable y se centra en la docena de habitantes de una aldea aislada sin nombre, atrapados en medio de la nada. Cr\u00edmenes, infidelidades, esperanzas de escape y, sobre todo, la confianza y su constante traici\u00f3n son el eje de la novela.<\/p>\n<ol class=\"v-cmp-u-b__u\">\n<li class=\"v-cmp-u-b__l\">\n<p>&#8216;Melancol\u00eda de la resistencia&#8217; (Az ellen\u00e1ll\u00e1s melank\u00f3li\u00e1ja, 1989), Acantilado, 2001<\/p>\n<\/li>\n<\/ol>\n<p><img decoding=\"async\" loading=\"lazy\" src=\"https:\/\/www.europesays.com\/es\/wp-content\/uploads\/2025\/10\/Clipboard-0173-k0zH--258x367@RC.jpg\" class=\"v-a-img\" width=\"258\" height=\"367\" alt=\"Imagen - \"\/><\/p>\n<p><img decoding=\"async\" loading=\"lazy\" src=\"https:\/\/www.europesays.com\/es\/wp-content\/uploads\/2025\/10\/Clipboard-0174-k0zH--760x1080@RC.jpg\" class=\"v-mdl__img-z\" width=\"760\" height=\"1080\" alt=\"Imagen - \"\/><\/p>\n<p class=\"v-p\">Una novela surrealista sobre la llegada de un circo a un peque\u00f1o pueblo h\u00fangaro. Un circo que promete exhibir el cuerpo disecado de la ballena m\u00e1s grande del mundo llega en pleno invierno, lo que da pie a extra\u00f1os rumores. Se corre la voz de que la gente del circo tiene siniestros prop\u00f3sitos y los ciudadanos, aterrorizados, se aferran a cualquier manifestaci\u00f3n de orden que encuentren: m\u00fasica, cosmolog\u00eda o fascismo.<\/p>\n<ol class=\"v-cmp-u-b__u\">\n<li class=\"v-cmp-u-b__l\">\n<p>&#8216;Guerra y guerra&#8217; (H\u00e1bor\u00fa \u00e9s h\u00e1bor\u00faa, 1999), Acantilado, 2009<\/p>\n<\/li>\n<\/ol>\n<p><img decoding=\"async\" loading=\"lazy\" src=\"https:\/\/www.europesays.com\/es\/wp-content\/uploads\/2025\/10\/Clipboard-0176-k0zH--258x367@RC.jpg\" class=\"v-a-img\" width=\"258\" height=\"367\" alt=\"Imagen - \"\/><\/p>\n<p><img decoding=\"async\" loading=\"lazy\" src=\"https:\/\/www.europesays.com\/es\/wp-content\/uploads\/2025\/10\/Clipboard-0177-k0zH--760x1080@RC.jpg\" class=\"v-mdl__img-z\" width=\"760\" height=\"1080\" alt=\"Imagen - \"\/><\/p>\n<p class=\"v-p\">&#8216;Guerra y Guerra&#8217; retrata un mundo dividido entre la crueldad y la belleza misteriosa. Korim ha descubierto en los archivos de un peque\u00f1o pueblo h\u00fangaro un manuscrito antiguo de asombrosa belleza: narra la historia \u00e9pica de unos compa\u00f1eros de armas que luchan por regresar a casa tras una guerra desastrosa. Korim est\u00e1 decidido a suicidarse, pero antes de hacerlo, siente la necesidad de escapar a Nueva York con el preciado manuscrito y dejarlo para la eternidad escribi\u00e9ndolo todo en internet.<\/p>\n<ol class=\"v-cmp-u-b__u\">\n<li class=\"v-cmp-u-b__l\">\n<p>&#8216;Al Norte la monta\u00f1a, al Sur el lago, al Oeste el camino, al Este el r\u00edo&#8217; (\u00c9szakr\u00f3l hegy, D\u00e9lr\u0151l t\u00f3, Nyugatr\u00f3l utak, Keletr\u0151l foly\u00f3, 2003), Acantilado, 2007<\/p>\n<\/li>\n<\/ol>\n<p><img decoding=\"async\" loading=\"lazy\" src=\"https:\/\/www.europesays.com\/es\/wp-content\/uploads\/2025\/10\/Clipboard-0178-k0zH--258x367@RC.jpg\" class=\"v-a-img\" width=\"258\" height=\"367\" alt=\"Imagen - \"\/><\/p>\n<p><img decoding=\"async\" loading=\"lazy\" src=\"https:\/\/www.europesays.com\/es\/wp-content\/uploads\/2025\/10\/Clipboard-0180-k0zH--760x1080@RC.jpg\" class=\"v-mdl__img-z\" width=\"760\" height=\"1080\" alt=\"Imagen - \"\/><\/p>\n<p class=\"v-p\">La obra m\u00e1s serena y po\u00e9tica del premio Nobel, describe la b\u00fasqueda de lo inalcanzable y las riquezas que se descubren en el camino. El nieto del pr\u00edncipe Genji vive fuera del espacio y el tiempo y deambula por los terrenos de un antiguo monasterio en Kioto. El monasterio, tambi\u00e9n, es atemporal: un lugar de oraci\u00f3n y liberaci\u00f3n, con apenas rastro de presencia humana, y punto de partida para este viajero que busca con ansia un jard\u00edn, en una meditaci\u00f3n sobre la naturaleza, la vida, la historia y el ser.<\/p>\n<ol class=\"v-cmp-u-b__u\">\n<li class=\"v-cmp-u-b__l\">\n<p>&#8216;Y Seiobo descendi\u00f3 a la Tierra&#8217; (Seiobo j\u00e1rt odalen, 2008), Acantilado, 2015<\/p>\n<\/li>\n<\/ol>\n<p><img decoding=\"async\" loading=\"lazy\" src=\"https:\/\/www.europesays.com\/es\/wp-content\/uploads\/2025\/10\/Clipboard-0183-k0zH--258x367@RC.jpg\" class=\"v-a-img\" width=\"258\" height=\"367\" alt=\"Imagen - \"\/><\/p>\n<p><img decoding=\"async\" loading=\"lazy\" src=\"https:\/\/www.europesays.com\/es\/wp-content\/uploads\/2025\/10\/Clipboard-0184-k0zH--760x1080@RC.jpg\" class=\"v-mdl__img-z\" width=\"760\" height=\"1080\" alt=\"Imagen - \"\/><\/p>\n<p class=\"v-p\">Melanc\u00f3lica y brillante, insta a valorar la concentraci\u00f3n que conlleva la percepci\u00f3n del gran arte. El autor h\u00fangaro presenta un antiguo Buda en proceso de restauraci\u00f3n; Perugino dirigiendo su taller; un actor japon\u00e9s de Noh ensayando; un fan\u00e1tico de la m\u00fasica barroca dando una conferencia a un pu\u00f1ado de ancianos aldeanos; turistas invadiendo los rituales del santuario m\u00e1s sagrado de Jap\u00f3n; una garza cazando\u2026<\/p>\n<ol class=\"v-cmp-u-b__u\">\n<li class=\"v-cmp-u-b__l\">\n<p>&#8216;El bar\u00f3n Wenckheim vuelve a casa&#8217; (B\u00e1r\u00f3 Wenckheim hazat\u00e9r, 2016), Acantilado, 2024<\/p>\n<\/li>\n<\/ol>\n<p><img decoding=\"async\" loading=\"lazy\" src=\"https:\/\/www.europesays.com\/es\/wp-content\/uploads\/2025\/10\/Clipboard-0185-k0zH--258x367@RC.jpg\" class=\"v-a-img\" width=\"258\" height=\"367\" alt=\"Imagen - \"\/><\/p>\n<p><img decoding=\"async\" loading=\"lazy\" src=\"https:\/\/www.europesays.com\/es\/wp-content\/uploads\/2025\/10\/Clipboard-0186-k0zH--760x1080@RC.jpg\" class=\"v-mdl__img-z\" width=\"760\" height=\"1080\" alt=\"Imagen - \"\/><\/p>\n<p class=\"v-p\">Narra la historia del bar\u00f3n Bela Wenckheim, quien decide regresar al final de su vida a su pueblo natal. Tras escapar de sus numerosas deudas de casino en Buenos Aires, donde viv\u00eda exiliado, desea reencontrarse con su novia del instituto, Marika. Lo que sigue es una tormenta interminable de chismes, estafadores y pol\u00edticos locales, que evoca la existencia, a veces mon\u00f3tona y absurda, de un peque\u00f1o pueblo h\u00fangaro.<\/p>\n","protected":false},"excerpt":{"rendered":"L\u00e1szl\u00f3 Krasznahorkai no est\u00e1, evidentemente, entre los autores internacionales m\u00e1s le\u00eddos en Espa\u00f1a, pero s\u00ed se ha traducido&hellip;\n","protected":false},"author":2,"featured_media":165149,"comment_status":"","ping_status":"","sticky":false,"template":"","format":"standard","meta":{"footnotes":""},"categories":[172],"tags":[224,669,146,147,25,24,4695,48628,225,1139,23,48629],"class_list":{"0":"post-165148","1":"post","2":"type-post","3":"status-publish","4":"format-standard","5":"has-post-thumbnail","7":"category-libros","8":"tag-books","9":"tag-castellano","10":"tag-entertainment","11":"tag-entretenimiento","12":"tag-es","13":"tag-espana","14":"tag-imprescindibles","15":"tag-krasznahorkai","16":"tag-libros","17":"tag-seis","18":"tag-spain","19":"tag-traducidos"},"share_on_mastodon":{"url":"","error":""},"_links":{"self":[{"href":"https:\/\/www.europesays.com\/es\/wp-json\/wp\/v2\/posts\/165148","targetHints":{"allow":["GET"]}}],"collection":[{"href":"https:\/\/www.europesays.com\/es\/wp-json\/wp\/v2\/posts"}],"about":[{"href":"https:\/\/www.europesays.com\/es\/wp-json\/wp\/v2\/types\/post"}],"author":[{"embeddable":true,"href":"https:\/\/www.europesays.com\/es\/wp-json\/wp\/v2\/users\/2"}],"replies":[{"embeddable":true,"href":"https:\/\/www.europesays.com\/es\/wp-json\/wp\/v2\/comments?post=165148"}],"version-history":[{"count":0,"href":"https:\/\/www.europesays.com\/es\/wp-json\/wp\/v2\/posts\/165148\/revisions"}],"wp:featuredmedia":[{"embeddable":true,"href":"https:\/\/www.europesays.com\/es\/wp-json\/wp\/v2\/media\/165149"}],"wp:attachment":[{"href":"https:\/\/www.europesays.com\/es\/wp-json\/wp\/v2\/media?parent=165148"}],"wp:term":[{"taxonomy":"category","embeddable":true,"href":"https:\/\/www.europesays.com\/es\/wp-json\/wp\/v2\/categories?post=165148"},{"taxonomy":"post_tag","embeddable":true,"href":"https:\/\/www.europesays.com\/es\/wp-json\/wp\/v2\/tags?post=165148"}],"curies":[{"name":"wp","href":"https:\/\/api.w.org\/{rel}","templated":true}]}}