{"id":165177,"date":"2025-10-09T13:31:07","date_gmt":"2025-10-09T13:31:07","guid":{"rendered":"https:\/\/www.europesays.com\/es\/165177\/"},"modified":"2025-10-09T13:31:07","modified_gmt":"2025-10-09T13:31:07","slug":"de-la-admiracion-a-la-leyenda-en-el-open-de-espana","status":"publish","type":"post","link":"https:\/\/www.europesays.com\/es\/165177\/","title":{"rendered":"de la admiraci\u00f3n a la leyenda en el Open de Espa\u00f1a"},"content":{"rendered":"<p>\u00abGracias a Seve empec\u00e9 a jugar al golf\u00bb nos dijo <strong>Jon Rahm<\/strong> hace dos a\u00f1os cuando inici\u00f3 su periplo hacia la leyenda con los tres Abiertos de Espa\u00f1a que comparte con el mito: <strong>Severiano Ballesteros<\/strong>. Ahora, con ocho a\u00f1os menos que el de Pedre\u00f1a, busca nuevamente superar al que marc\u00f3 el camino, al que inici\u00f3 todo, desde la humildad de un seguidor: \u00abComo amante del golf, quiero pensar que Seve se lo tomar\u00eda bien, por lo que significa para el golf espa\u00f1ol\u00bb. <\/p>\n<p>Rahm se toma muy en serio el torneo que comienza este jueves en el Club de Campo Villa de Madrid hasta el domingo 12 y que presenta un cartel de superestrellas entre los que se encuentran los art\u00edfices de la Ryder Cup lograda por Europa en territorio comanche. Rahm es el estandarte el torneo en su en\u00e9sima cruzada por superar a &#8216;Seve&#8217;.<\/p>\n<p>Tres a\u00f1os para igualarle, \u00bftres para superarle?<\/p>\n<p>Tras lograr su primer triunfo en 2018 y defender el t\u00edtulo en 2019, el de Barrika tuvo que esperar tres a\u00f1os para poder igualar a su \u00eddolo con s\u00f3lo 27 a\u00f1os: \u201cJuego al golf por Seve Ballesteros y <strong>sue\u00f1o con emularle<\/strong> y alcanzar todo lo que \u00e9l ha logrado en el golf. Mi admiraci\u00f3n por \u00e9l ser\u00e1 eterna. Haber conseguido esto es algo que me hace mucha ilusi\u00f3n, y ojal\u00e1 poder seguir igualando a mi gran \u00eddolo en m\u00e1s cosas\u201d dijo entonces cuando la leyenda s\u00f3lo hab\u00eda comenzado al haber igualado al golfista espa\u00f1ol con m\u00e1s Abiertos de Espa\u00f1a. <\/p>\n<p>\t\tJon Rahm logra su tercera victoria en el Open de Espa\u00f1a de golf, igualando a Seve Ballesteros\t<\/p>\n<p>Le alcanz\u00f3 sac\u00e1ndole 11 de a\u00f1os de ventaja al c\u00e1ntabro, que logr\u00f3 sus tres abiertos (en 1981, 1985 y 1995) con 38 a\u00f1os. El Open de Espa\u00f1a es un \u00abdeber\u00bb, seg\u00fan las propias palabras del de Barrika este martes. Una raz\u00f3n, \u00abla m\u00e1s importante\u00bb, es que quiere ganarlo para impulsar el golf espa\u00f1ol y para estrenarse este a\u00f1o en el que <strong>no ha ganado ning\u00fan t\u00edtulo individual<\/strong>. <\/p>\n<p>La Fiesta de los Eagles<\/p>\n<p>El <strong>buen tiempo<\/strong> (22\u00ba) que se espera en Madrid, los <strong>campos cortos<\/strong> y los &#8216;<strong>tees&#8217; estrechos<\/strong> auguran un festival de golf. Lo reconocieron, entre otros, Rahm, Lowry y Sergio Garc\u00eda, golfistas con un drive de 300 metros que podr\u00edan amenazar con bajar el r\u00e9cord de -25 bajo par. Se dan, por tanto, unas condiciones perfectas para poder ver &#8216;<strong>birdies<\/strong>&#8216; (un golpe menos bajo par) y hasta  &#8216;<strong>eagles<\/strong>&#8216; (dos golpes menos bajo par) en el Club de Campo Villa de Madrid, tambi\u00e9n con la posible ausencia de viento: \u00abMe han dicho que los \u2018greenes\u2019 est\u00e1n espectaculares y que el \u2018rough\u2019 est\u00e1 un poco m\u00e1s duro, perfecto para un torneo desafiante\u201d explic\u00f3 el de Barrika. <\/p>\n<p>\t\tJon Rahm en RTVE: \u00abEsta es una buena semana para ganar mi primer torneo del a\u00f1o\u00bb\t<\/p>\n<p>En el cartel de favoritos, tambi\u00e9n el <strong>campe\u00f3n de 2024,<\/strong> <strong>\u00c1ngel Hidalgo<\/strong>, que ya ha probado el sabor del \u00e9xito en el Open de Espa\u00f1a y quiere volver a citarse con la historia: \u00abDentro del campo sigo siendo el mismo, con las mismas ganas de ganar, o incluso m\u00e1s, porque ahora ya s\u00e9 lo que se siente y quiero volver a vivirlo\u00bb record\u00f3 cuando venci\u00f3 en un final apabullante del playoff a Rahm.<\/p>\n<p>\t\t\u00c1ngel Hidalgo: \u00abEmocionado de volver a pisar el campo donde fui feliz\u00bb\t<\/p>\n<p> <strong>Shane Lowry<\/strong>, el h\u00e9roe de la Ryder Cup, tambi\u00e9n estar\u00e1 presente y protangonizar\u00e1 junto a Hidalgo y Rahm el partido estelar de los dos primeros d\u00edas, saliendo el jueves desde el &#8216;tee&#8217; sobre las 9:30h. Levantar el t\u00edtulo el pr\u00f3ximo domingo dar\u00e1 <strong>acceso <\/strong>al ganador para jugar el <strong>Masters de Augusta y el Abierto Brit\u00e1nico<\/strong> Por eso quiz\u00e1s ha regresado <strong>Sergio Garc\u00eda<\/strong>, otro de los estandartes espa\u00f1oles, que vio a Rahm ganar en 2019 y, desde entonces, no hab\u00eda vuelto a participar en un torneo que gan\u00f3 en 2002 con s\u00f3lo 20 a\u00f1os. El de Borriol a\u00fan no tiene su participaci\u00f3n asegurada para el Open brit\u00e1nico. <\/p>\n<p>\t\tSergio Garc\u00eda: \u00abSuena bonito ser capit\u00e1n de la Ryder 2031, pero no quiero pensarlo\u00bb\t<\/p>\n<p>Adem\u00e1s, el Open de Espa\u00f1a tambi\u00e9n contar\u00e1 con la presencia de los internacionales <strong>Justin Rose, Danny Willet, <\/strong>campe\u00f3n de Augusta en 2016,<strong> Joaquin Niem o Patrick Reed<\/strong> y los espa\u00f1oles<strong> Adri Arnaus, Rafa Cabrera-Bello, Nacho Elvira o David Puig.<\/strong><\/p>\n","protected":false},"excerpt":{"rendered":"\u00abGracias a Seve empec\u00e9 a jugar al golf\u00bb nos dijo Jon Rahm hace dos a\u00f1os cuando inici\u00f3 su&hellip;\n","protected":false},"author":2,"featured_media":165178,"comment_status":"","ping_status":"","sticky":false,"template":"","format":"standard","meta":{"footnotes":""},"categories":[275],"tags":[168,25,24,329,23,167],"class_list":{"0":"post-165177","1":"post","2":"type-post","3":"status-publish","4":"format-standard","5":"has-post-thumbnail","7":"category-golf","8":"tag-deportes","9":"tag-es","10":"tag-espana","11":"tag-golf","12":"tag-spain","13":"tag-sports"},"share_on_mastodon":{"url":"","error":""},"_links":{"self":[{"href":"https:\/\/www.europesays.com\/es\/wp-json\/wp\/v2\/posts\/165177","targetHints":{"allow":["GET"]}}],"collection":[{"href":"https:\/\/www.europesays.com\/es\/wp-json\/wp\/v2\/posts"}],"about":[{"href":"https:\/\/www.europesays.com\/es\/wp-json\/wp\/v2\/types\/post"}],"author":[{"embeddable":true,"href":"https:\/\/www.europesays.com\/es\/wp-json\/wp\/v2\/users\/2"}],"replies":[{"embeddable":true,"href":"https:\/\/www.europesays.com\/es\/wp-json\/wp\/v2\/comments?post=165177"}],"version-history":[{"count":0,"href":"https:\/\/www.europesays.com\/es\/wp-json\/wp\/v2\/posts\/165177\/revisions"}],"wp:featuredmedia":[{"embeddable":true,"href":"https:\/\/www.europesays.com\/es\/wp-json\/wp\/v2\/media\/165178"}],"wp:attachment":[{"href":"https:\/\/www.europesays.com\/es\/wp-json\/wp\/v2\/media?parent=165177"}],"wp:term":[{"taxonomy":"category","embeddable":true,"href":"https:\/\/www.europesays.com\/es\/wp-json\/wp\/v2\/categories?post=165177"},{"taxonomy":"post_tag","embeddable":true,"href":"https:\/\/www.europesays.com\/es\/wp-json\/wp\/v2\/tags?post=165177"}],"curies":[{"name":"wp","href":"https:\/\/api.w.org\/{rel}","templated":true}]}}