{"id":165187,"date":"2025-10-09T13:36:09","date_gmt":"2025-10-09T13:36:09","guid":{"rendered":"https:\/\/www.europesays.com\/es\/165187\/"},"modified":"2025-10-09T13:36:09","modified_gmt":"2025-10-09T13:36:09","slug":"osasuna-cierra-el-amistoso-de-zubieta-sin-ver-puerta","status":"publish","type":"post","link":"https:\/\/www.europesays.com\/es\/165187\/","title":{"rendered":"Osasuna cierra el amistoso de Zubieta sin ver puerta"},"content":{"rendered":"<p>\n<strong>Osasuna <\/strong>cay\u00f3 derrotado ante la<strong> Real Sociedad<\/strong> (2-0) en un <strong>partido de entrenamiento<\/strong> disputado en las instalaciones deportivas de <strong>Zubieta <\/strong>con motivo del par\u00f3n de la competici\u00f3n liguera a causa de la ventana FIFA. <strong>Karrikaburu fue el autor de los dos goles<\/strong> del equipo donostiarra.<\/p>\n<p>El encuentro se inici\u00f3 con dominio de Osasuna, que dispuso de cuatro claras ocasiones para adelantarse en el marcador: un disparo de falta y otro desde el interior del \u00e1rea de <strong>Rub\u00e9n Garc\u00eda<\/strong> y dos remates de cabeza de <strong>Osambela <\/strong>en sendos c\u00f3rners. Todas ellas fueron desbaratadas por <strong>Marrero<\/strong>, que repeli\u00f3 de forma excepcional las cuatro acciones. Se jugaba en campo local, pero la Real Sociedad avis\u00f3 primero con un lanzamiento al poste de <strong>Zakharyan<\/strong>. Poco despu\u00e9s, en el minuto 24, <strong>Karrikaburu <\/strong>culmin\u00f3 en la red una buena acci\u00f3n de Goti. Y a los cinco minutos, en un contragolpe conducido por <strong>Ahien<\/strong>, volvi\u00f3 a ser Karrikaburu quien perforase la meta rojilla. Los pupilos de<strong> Alessio Lisci<\/strong> intentaron acortar distancias antes del descanso, teniendo la mejor ocasi\u00f3n con un pase filtrado de Rub\u00e9n Garc\u00eda sobre <strong>Ra\u00fal<\/strong>, que desde una posici\u00f3n escorada intent\u00f3 elevar el esf\u00e9rico sobre Marrero.<\/p>\n<p>\n<strong>Kike Barja<\/strong> estuvo cerca de marcar cuando un centro suyo desde el lateral lo desvi\u00f3 un defensa rival y el bal\u00f3n se estrell\u00f3 en el poste. Ra\u00fal dispuso de una buena ocasi\u00f3n en el ecuador de la segunda parte. El pase de la muerte de <strong>Moncayola <\/strong>encontr\u00f3 al \u20189\u2019 rojillo, pero su disparo lo detuvo Marrero. En los minutos finales dispuso de una nueva ocasi\u00f3n para los locales en un contragolpe, pero tras quedarse mano a mano con <strong>Aitor Fern\u00e1ndez<\/strong>, no acert\u00f3 y se mantuvo el 2-0 en el marcador.<\/p>\n<p>Los rojillos regresar\u00e1n el pr\u00f3ximo lunes 13 de octubre a los entrenamientos con una sesi\u00f3n vespertina a puerta abierta en <strong>Tajonar <\/strong>(18:00 horas) y continuar\u00e1n preparando el pr\u00f3ximo compromiso liguero ante el <strong>Atl\u00e9tico de Madrid<\/strong> (s\u00e1bado, 18 de octubre, 21:00 horas, Riyadh Air Metropolitano).<\/p>\n<p><strong>REAL SOCIEDAD: <\/strong>Marrero, Odriozola (Dadie, min.60), Beitia (Peru Rodr\u00edguez, min.30)(Gorrotxa, min.73), Zubeldia (Lebarbier, min.30)(Sergio G\u00f3mez, min.60), Aihen, Herrera (Mar\u00edn, min.46), Turrientes, Zakharyan (Barrene, min.60), Soler (Brais M\u00e9ndez, min.73), Goti y Karrikaburu (Sadiq, min.60).<br \/><strong>C. A. OSASUNA:<\/strong> Aitor, Iker Benito (V\u00edctor M. V., min. 66), Osambela (Catena, min. 60), Herrando (Boyomo, min. 71), Juan Cruz (Abel Bretones, m. 45), Torr\u00f3 (Mauro, min. 71), Moi G\u00f3mez (Rosier, m. 45), Iker Mu\u00f1oz (Iker Mu\u00f1oz, min. 71), Rub\u00e9n Garc\u00eda, Kike Barja y Ra\u00fal.<br \/><strong>\u00c1RBITRO:<\/strong>\u00a0Ekaitz Garc\u00eda Arriola, asistido por Yuval Conde P\u00e9rez y Jon Aostri Dur\u00e1n.<br \/><strong>GOLES:\u00a0<\/strong>1-0, min. 24: Karrikaburu; 2-0, min. 29: Karrikaburu.<br \/><strong>INCIDENCIAS: <\/strong>Partido de entrenamiento disputado en Zubieta.<\/p>\n","protected":false},"excerpt":{"rendered":"Osasuna cay\u00f3 derrotado ante la Real Sociedad (2-0) en un partido de entrenamiento disputado en las instalaciones deportivas&hellip;\n","protected":false},"author":2,"featured_media":165188,"comment_status":"","ping_status":"","sticky":false,"template":"","format":"standard","meta":{"footnotes":""},"categories":[268],"tags":[168,158,25,24,280,282,23961,48186,281,23,167,26173,12],"class_list":{"0":"post-165187","1":"post","2":"type-post","3":"status-publish","4":"format-standard","5":"has-post-thumbnail","7":"category-futbol","8":"tag-deportes","9":"tag-el","10":"tag-es","11":"tag-espana","12":"tag-football","13":"tag-futbol","14":"tag-lisci","15":"tag-mezcla","16":"tag-soccer","17":"tag-spain","18":"tag-sports","19":"tag-suplentes","20":"tag-titulares"},"share_on_mastodon":{"url":"","error":""},"_links":{"self":[{"href":"https:\/\/www.europesays.com\/es\/wp-json\/wp\/v2\/posts\/165187","targetHints":{"allow":["GET"]}}],"collection":[{"href":"https:\/\/www.europesays.com\/es\/wp-json\/wp\/v2\/posts"}],"about":[{"href":"https:\/\/www.europesays.com\/es\/wp-json\/wp\/v2\/types\/post"}],"author":[{"embeddable":true,"href":"https:\/\/www.europesays.com\/es\/wp-json\/wp\/v2\/users\/2"}],"replies":[{"embeddable":true,"href":"https:\/\/www.europesays.com\/es\/wp-json\/wp\/v2\/comments?post=165187"}],"version-history":[{"count":0,"href":"https:\/\/www.europesays.com\/es\/wp-json\/wp\/v2\/posts\/165187\/revisions"}],"wp:featuredmedia":[{"embeddable":true,"href":"https:\/\/www.europesays.com\/es\/wp-json\/wp\/v2\/media\/165188"}],"wp:attachment":[{"href":"https:\/\/www.europesays.com\/es\/wp-json\/wp\/v2\/media?parent=165187"}],"wp:term":[{"taxonomy":"category","embeddable":true,"href":"https:\/\/www.europesays.com\/es\/wp-json\/wp\/v2\/categories?post=165187"},{"taxonomy":"post_tag","embeddable":true,"href":"https:\/\/www.europesays.com\/es\/wp-json\/wp\/v2\/tags?post=165187"}],"curies":[{"name":"wp","href":"https:\/\/api.w.org\/{rel}","templated":true}]}}