{"id":165195,"date":"2025-10-09T13:40:12","date_gmt":"2025-10-09T13:40:12","guid":{"rendered":"https:\/\/www.europesays.com\/es\/165195\/"},"modified":"2025-10-09T13:40:12","modified_gmt":"2025-10-09T13:40:12","slug":"risto-mejide-emite-un-comunicado-para-anunciar-su-salida-de-got-talent-me-encuentro-grabando-mi-ultimo-baile","status":"publish","type":"post","link":"https:\/\/www.europesays.com\/es\/165195\/","title":{"rendered":"Risto Mejide emite un comunicado para anunciar su salida de Got Talent: \u00abMe encuentro grabando mi \u00faltimo baile\u00bb"},"content":{"rendered":"<p><a href=\"https:\/\/www.elmundo.es\/autor\/esther-mucientes.html\" aria-hidden=\"true\" rel=\"nofollow noopener\" target=\"_blank\"><img loading=\"lazy\" decoding=\"async\" width=\"80\" height=\"80\" class=\"ue-c-author-profile__photo-img\" alt=\"Esther Mucientes\" src=\"https:\/\/phantom-elmundo.uecdn.es\/1d09d282bc0cfbd554cdd146f0e8596f\/crop\/7x7\/120x120\/f\/image\/jpeg\/assets\/multimedia\/imagenes\/2022\/03\/23\/16480361422651.jpg\"\/><\/a><\/p>\n<p>Actualizado  Jueves,<br \/>\n9<br \/>\noctubre<br \/>\n2025<br \/>\n&#8211;<br \/>\n12:33<\/p>\n<p class=\"ue-c-article__paragraph\">Fue el d\u00eda de la presentaci\u00f3n de Demos. El gran sondeo cuando <strong>Risto Mejide<\/strong> solt\u00f3 la bomba: \u00abComo jurado de <strong>Got Talent<\/strong>tengo los d\u00edas contandos\u00bb. El presentador de <strong>Todo es mentira<\/strong> y <strong>Viajando con Chester <\/strong>daba el primer aviso de lo que estaba por llegar. Sin embargo, ha sido esta ma\u00f1ana a trav\u00e9s de un comunicado publicado en sus redes sociales donde <strong>Risto Mejide<\/strong> ha confirmado que abandona <strong>Got Talent<\/strong>.<\/p>\n<p class=\"ue-c-article__paragraph\">Despu\u00e9s de 20 a\u00f1os como juez de talents shows, el presentador, y ahora tambi\u00e9n productor con <strong>Vodevil<\/strong>, productora al frente de <strong>Todo es mentira<\/strong> y <strong>Viajando con Chester<\/strong>, ha cumplido lo que prometi\u00f3. \u00abHe tenido una evoluci\u00f3n como presentador, cuando empec\u00e9 en esto no sab\u00eda presentar, solo hac\u00eda de jurado de talents shows, y creo que <strong>Viajando con Chester<\/strong> y <strong>Todo es mentira<\/strong> tienen mucho que ver en eso.<strong> Han sido pruebas de fuego para m\u00ed y me he enamorado de la televisi\u00f3n gracias a esos dos formatos. No me apetece seguir<\/strong> y el a\u00f1o que viene ser\u00e1 el \u00faltimo que haga <strong>Got Talent <\/strong>(&#8230;) <strong>No me apetece seguir<\/strong> y el a\u00f1o que viene ser\u00e1 el \u00faltimo que haga <strong>Got Talent\u00bb<\/strong>, dijo hace ahora un a\u00f1o. Hoy ya es una realidad.<\/p>\n<p class=\"ue-c-article__paragraph\">\u00abLast dance. Estos d\u00edas me encuentro grabando mi \u00faltimo baile como jurado de talent shows\u00bb, arranca su escrito el cual acompa\u00f1a con una fotograf\u00eda suya con las estrellas de <strong>Got Talent<\/strong> detr\u00e1s. <\/p>\n<p class=\"ue-c-article__paragraph\">\u00abHabr\u00e1n sido 20 a\u00f1os valorando m\u00e1s de 4.500 actuaciones en pr\u00e1cticamente todos los formatos que se han emitido en nuestro pa\u00eds. Est\u00e1 siendo muy pero que muy emotivo. Y me alegro que la despedida sea en <strong>Got Talent<\/strong>, el mejor programa de talentos de la televisi\u00f3n\u00bb, asegura el presentador, que por sus palabras parece ser que est\u00e1 rodando las \u00faltimas entregas de la nueva temporada de<strong> Got Talent<\/strong>.<\/p>\n<p class=\"ue-c-article__paragraph\">La despedida de <strong>Risto Mejide<\/strong> de<strong> Got Talent<\/strong> supone perder al &#8216;inventor&#8217; de los jueces, digamos, malignos. Lejos quedan sus inicios en <strong>Operaci\u00f3n Triunfo<\/strong> donde <strong>Risto Mejide<\/strong> se convirti\u00f3 en protagonista de decenas de titulares.<\/p>\n<p class=\"ue-c-article__paragraph\">En julio de 2009 fue expulsado como jurado de <strong>Operaci\u00f3n Triunfo<\/strong> tras una discusi\u00f3n con Jes\u00fas V\u00e1zquez y poco despu\u00e9s comenz\u00f3 a presentar su propio programa, <strong>G-20<\/strong>, cancelado al poco de su estreno. En 2011 entr\u00f3 como jurado en <strong>T\u00fa s\u00ed que vales<\/strong>, de Telecinco. Fue fichado para el a\u00f1o 2018 como jurado de la tercera edici\u00f3n de <strong>Factor X<\/strong>, presentado por Jes\u00fas V\u00e1zquez, producido por Grundy y emitido en Telecinco. A partir de oto\u00f1o de 2021 colabor\u00f3 en el programa <strong>Top Star \u00bfCu\u00e1nto vale tu voz?<\/strong> emitido en Telecinco, mientras ejerc\u00eda como juez de <strong>Got Talent<\/strong> donde comenz\u00f3 en el a\u00f1o 2017.<\/p>\n<p class=\"ue-c-article__paragraph\"><strong>Risto Mejide<\/strong> ha hecho muchas cosas para televisi\u00f3n, publicidad e incluso se ha atrevido a ser productor musical. Sin embargo, ha sido en su papel de jurado donde m\u00e1s ha destacado por ser \u00fanico con su crudeza. Sin embargo, el buen funcionamiento de <strong>Todo es mentira<\/strong>, cada tarde en Cuatro, y su pasi\u00f3n por <strong>Viajando con Chester<\/strong> han hecho que el presentador haya tomado una decisi\u00f3n que deja a la televisi\u00f3n sin el juez m\u00e1s duro de la televisi\u00f3n.<\/p>\n<p class=\"ue-c-article__paragraph\">Hace unos meses, durante una entrevista a EL MUNDO, <strong>Risto Mejide<\/strong> desvel\u00f3 su pasi\u00f3n por \u00abcomunicar\u00bb: \u00abMe apasiona el momento profesional en el que estoy. Me apasiona el haber podido empezar a mis 50 a\u00f1os una productora de tele, Vodevil. Y me apasiona el momento pol\u00edtico y social que estamos viviendo, que creo que es un lujo en un momento as\u00ed tener una herramienta tan potente de comunicaci\u00f3n\u00bb.<\/p>\n<p class=\"ue-c-article__paragraph\">El papel\u00f3n lo tiene ahora <strong>Got Talent<\/strong>, pues encontrar a un juez con el carisma de <strong>Risto Mejide<\/strong> va a ser complicado. Adem\u00e1s, a la marcha de <strong>Risto Mejide<\/strong> en la nueva temporada que se est\u00e1 grabando ahora tampoco estar\u00e1n <strong>Florentino Fern\u00e1ndez<\/strong>, que dej\u00f3 el talent de Telecinco para sumarse al jurado de <strong>Tu cara me suena<\/strong>, en Antena 3, ni tampoco <strong>Tamara Falc\u00f3<\/strong>. El primero ya tiene sustituto, <strong>Carlos Latre<\/strong>, que regresa a un programa de Telecinco tras el fracaso de Babylon Show. Mientras que la marquesa de Gri\u00f1\u00f3n ser\u00e1 sustituida por <strong>Lorena Castell<\/strong>. <\/p>\n","protected":false},"excerpt":{"rendered":"Actualizado Jueves, 9 octubre 2025 &#8211; 12:33 Fue el d\u00eda de la presentaci\u00f3n de Demos. El gran sondeo&hellip;\n","protected":false},"author":2,"featured_media":165196,"comment_status":"","ping_status":"","sticky":false,"template":"","format":"standard","meta":{"footnotes":""},"categories":[171],"tags":[146,147,25,24,48635,24468,23,692,807,214],"class_list":{"0":"post-165195","1":"post","2":"type-post","3":"status-publish","4":"format-standard","5":"has-post-thumbnail","7":"category-tv","8":"tag-entertainment","9":"tag-entretenimiento","10":"tag-es","11":"tag-espana","12":"tag-got-talent","13":"tag-risto-mejide","14":"tag-spain","15":"tag-telecinco","16":"tag-television","17":"tag-tv"},"share_on_mastodon":{"url":"","error":""},"_links":{"self":[{"href":"https:\/\/www.europesays.com\/es\/wp-json\/wp\/v2\/posts\/165195","targetHints":{"allow":["GET"]}}],"collection":[{"href":"https:\/\/www.europesays.com\/es\/wp-json\/wp\/v2\/posts"}],"about":[{"href":"https:\/\/www.europesays.com\/es\/wp-json\/wp\/v2\/types\/post"}],"author":[{"embeddable":true,"href":"https:\/\/www.europesays.com\/es\/wp-json\/wp\/v2\/users\/2"}],"replies":[{"embeddable":true,"href":"https:\/\/www.europesays.com\/es\/wp-json\/wp\/v2\/comments?post=165195"}],"version-history":[{"count":0,"href":"https:\/\/www.europesays.com\/es\/wp-json\/wp\/v2\/posts\/165195\/revisions"}],"wp:featuredmedia":[{"embeddable":true,"href":"https:\/\/www.europesays.com\/es\/wp-json\/wp\/v2\/media\/165196"}],"wp:attachment":[{"href":"https:\/\/www.europesays.com\/es\/wp-json\/wp\/v2\/media?parent=165195"}],"wp:term":[{"taxonomy":"category","embeddable":true,"href":"https:\/\/www.europesays.com\/es\/wp-json\/wp\/v2\/categories?post=165195"},{"taxonomy":"post_tag","embeddable":true,"href":"https:\/\/www.europesays.com\/es\/wp-json\/wp\/v2\/tags?post=165195"}],"curies":[{"name":"wp","href":"https:\/\/api.w.org\/{rel}","templated":true}]}}