{"id":165214,"date":"2025-10-09T13:55:14","date_gmt":"2025-10-09T13:55:14","guid":{"rendered":"https:\/\/www.europesays.com\/es\/165214\/"},"modified":"2025-10-09T13:55:14","modified_gmt":"2025-10-09T13:55:14","slug":"medvedev-reprocha-al-juez-de-linea-el-supuesto-privilegio-de-nadal-no-le-decian-nada","status":"publish","type":"post","link":"https:\/\/www.europesays.com\/es\/165214\/","title":{"rendered":"Medvedev reprocha al juez de l\u00ednea el supuesto privilegio de Nadal: \u00abNo le dec\u00edan nada\u00bb"},"content":{"rendered":"<p>La <strong>actitud de Daniil Medvedev<\/strong> suele estar siempre en el foco de la noticia y en el Masters 1000 de Shangh\u00e1i no iba a ser una excepci\u00f3n. Ya durante el Abierto de Estados Unidos, su mal comportamiento le termin\u00f3 costando la ruptura con su entrenador, Gilles Cervara, con el que llevaba ligado ocho a\u00f1os.<\/p>\n<p>En el <a href=\"https:\/\/www.libertaddigital.com\/deportes\/tenis\/2025-09-30\/musetti-acusado-de-racismo-por-estallar-contra-el-publico-esos-malditos-chinos-7302162\/\" rel=\"nofollow noopener\" target=\"_blank\"><strong>ATP 500 de Pek\u00edn<\/strong><\/a> volvi\u00f3 a saltar a la palestra y no por su tenis. El ruso no se encontraba bien f\u00edsicamente durante las semifinales ante Learner Tien, pero decidi\u00f3 seguir jugando y le pitaron un <strong>warning por falta de competitividad<\/strong>. Fue un momento extra\u00f1o y en plena discusi\u00f3n Medvedev asegur\u00f3: \u00abEstoy intentando ser bueno\u00bb. Finalmente, termin\u00f3 perdiendo el duelo.<\/p>\n<p>Apuntando a Rafa Nadal<\/p>\n<p>En el Masters 1.000 de Shangh\u00e1i se volvi\u00f3 a encontrar en la pista con el estadounidense Tien y tuvo una peque\u00f1a trifulca con el juez de silla Mohamed Lahyani. El sueco le marc\u00f3 un warning por tiempo en el saque y en medio de su frustraci\u00f3n e indignaci\u00f3n se\u00f1al\u00f3 <strong>un trato desigual respecto a cuando se enfrentaba a <a href=\"https:\/\/www.libertaddigital.com\/deportes\/tenis\/2025-10-03\/rafael-nadal-primer-deportista-honoris-causa-de-la-universidad-de-salamanca-7303888\/\" rel=\"nofollow noopener\" target=\"_blank\">Rafa Nadal<\/a><\/strong>.<\/p>\n<p>&#13;<br \/>\n    Relacionado&#13;<br \/>\n    &#13;<\/p>\n<p>\u00abToda mi vida, he estado sacando y esperando a Rafa durante 55 segundos. Y me acusas de violaci\u00f3n del c\u00f3digo la primera vez. Jugu\u00e9 contra Rafa cinco veces, y en ning\u00fan momento estuve listo para sacar y \u00e9l para devolver. <strong>No le acusaron de violaci\u00f3n del c\u00f3digo ni una sola vez<\/strong>\u00ab, espet\u00f3 Medvedev.<\/p>\n<blockquote class=\"twitter-tweet\"><p>&#13;<\/p>\n<p dir=\"ltr\" lang=\"en\">Medvedev to the umpire:<\/p>\n<p>&#13;<br \/>\n\u00abAll my life, I&#8217;ve been serving &amp; waiting for Rafa for 55 seconds. And you give me a code violation on the first occasion. I played Rafa 5 times, there was not one time I was ready to serve and he was ready to return. He didn&#8217;t get one time violation.\u00bb <a href=\"https:\/\/t.co\/J88OklJi1y\" target=\"_blank\" rel=\"nofollow\">pic.twitter.com\/J88OklJi1y<\/a><\/p>\n<p>&#13;<br \/>\n\u2014 Corvath Draemir (@Archaicmind3000) <a href=\"https:\/\/twitter.com\/Archaicmind3000\/status\/1975938080633929985?ref_src=twsrc%5Etfw\" target=\"_blank\" rel=\"nofollow noopener\">October 8, 2025<\/a><\/p><\/blockquote>\n<p>Asimismo <strong>mantuvo<\/strong> <strong>una discusi\u00f3n con su banquillo<\/strong> por el buen juego de su contrincante: \u00abEl t\u00edo est\u00e1 en todos lados. No s\u00e9 qu\u00e9 hacer, dime qu\u00e9 tengo que hacer\u00bb, grit\u00f3 en el segundo tie-break a su nuevo entrenador, Thomas Johansson. Pese a protagonizar el encuentro por estos encontronazos y los calambres sufridos, <strong>termin\u00f3 ganando el partido<\/strong> por 7-6 (8-6), 6-7 (1-7) y 6-4. En cuartos de final le espera \u00c1lex de Mi\u00f1aur.<\/p>\n<p>            <script async src=\"https:\/\/platform.twitter.com\/widgets.js\" charset=\"utf-8\"><\/script><\/p>\n","protected":false},"excerpt":{"rendered":"La actitud de Daniil Medvedev suele estar siempre en el foco de la noticia y en el Masters&hellip;\n","protected":false},"author":2,"featured_media":165215,"comment_status":"","ping_status":"","sticky":false,"template":"","format":"standard","meta":{"footnotes":""},"categories":[274],"tags":[26591,168,12292,25,24,48641,6894,23,167,327,326,7990],"class_list":{"0":"post-165214","1":"post","2":"type-post","3":"status-publish","4":"format-standard","5":"has-post-thumbnail","7":"category-tenis","8":"tag-daniil-medvedev","9":"tag-deportes","10":"tag-discusion","11":"tag-es","12":"tag-espana","13":"tag-masters-1000-shanghai","14":"tag-rafa-nadal","15":"tag-spain","16":"tag-sports","17":"tag-tenis","18":"tag-tennis","19":"tag-torneos"},"share_on_mastodon":{"url":"","error":""},"_links":{"self":[{"href":"https:\/\/www.europesays.com\/es\/wp-json\/wp\/v2\/posts\/165214","targetHints":{"allow":["GET"]}}],"collection":[{"href":"https:\/\/www.europesays.com\/es\/wp-json\/wp\/v2\/posts"}],"about":[{"href":"https:\/\/www.europesays.com\/es\/wp-json\/wp\/v2\/types\/post"}],"author":[{"embeddable":true,"href":"https:\/\/www.europesays.com\/es\/wp-json\/wp\/v2\/users\/2"}],"replies":[{"embeddable":true,"href":"https:\/\/www.europesays.com\/es\/wp-json\/wp\/v2\/comments?post=165214"}],"version-history":[{"count":0,"href":"https:\/\/www.europesays.com\/es\/wp-json\/wp\/v2\/posts\/165214\/revisions"}],"wp:featuredmedia":[{"embeddable":true,"href":"https:\/\/www.europesays.com\/es\/wp-json\/wp\/v2\/media\/165215"}],"wp:attachment":[{"href":"https:\/\/www.europesays.com\/es\/wp-json\/wp\/v2\/media?parent=165214"}],"wp:term":[{"taxonomy":"category","embeddable":true,"href":"https:\/\/www.europesays.com\/es\/wp-json\/wp\/v2\/categories?post=165214"},{"taxonomy":"post_tag","embeddable":true,"href":"https:\/\/www.europesays.com\/es\/wp-json\/wp\/v2\/tags?post=165214"}],"curies":[{"name":"wp","href":"https:\/\/api.w.org\/{rel}","templated":true}]}}