{"id":165226,"date":"2025-10-09T14:01:11","date_gmt":"2025-10-09T14:01:11","guid":{"rendered":"https:\/\/www.europesays.com\/es\/165226\/"},"modified":"2025-10-09T14:01:11","modified_gmt":"2025-10-09T14:01:11","slug":"eduardo-alsasua-con-su-obra-plaza-mayor-se-alza-con-el-primer-premio-del-certamen-de-pintura-rapida-al-aire-libre-jesus-horche-nuevaalcarria","status":"publish","type":"post","link":"https:\/\/www.europesays.com\/es\/165226\/","title":{"rendered":"Eduardo Alsasua con su obra \u201cPlaza Mayor\u201d se alza con el Primer Premio del Certamen de Pintura R\u00e1pida al Aire Libre \u2018Jes\u00fas Horche\u2019 | NuevaAlcarria"},"content":{"rendered":"<p>Horche celebr\u00f3 con \u00e9xito el pasado 4 de octubre su XXXIV Certamen Internacional de Pintura R\u00e1pida al Aire Libre &#8216;Jes\u00fas Horche&#8217;. La jornada se sald\u00f3 con una notable participaci\u00f3n, con un total de 26 cuadros presentados, incluyendo 22 obras en la categor\u00eda adulta \u2014cinco de ellas de pintores locales\u2014 y cuatro trabajos en la categor\u00eda infantil.<\/p>\n<p>El jurado t\u00e9cnico y popular, reunido en el Ayuntamiento de Horche, dictamin\u00f3 que el Primer Premio, dotado con 1.000 euros y otorgado por el Ayuntamiento, recayese en Eduardo Alsasua Garc\u00eda por su cuadro n\u00famero 13, titulado \u201cPlaza Mayor\u201d.<\/p>\n<p>Los premios restantes, resueltos por el jurado, se repartieron de la siguiente manera: el Segundo Premio de 850 euros se lo llev\u00f3 Marisol de Marcos Miguel, por el cuadro \u201cPanor\u00e1mica\u201d y el Tercer Premio, valorado con 700 euros y otorgado por el Jurado Popular fue para Pablo Rodr\u00edguez de Lucas, por el cuadro \u201cEn c\u00e1lidos\u201d. El acc\u00e9sit de 500 euros recay\u00f3 en Patricia Jim\u00e9nez Molina con su obra \u201cVida en la Fuensanta\u201d. Los 300 euros del Premio Local fueron a parar a Fernando Herrero Toribio, por el cuadro \u201cMaceta en el Callej\u00f3n\u201d. Por \u00faltimo, el Premio Infantil dotado con material de bellas artes se lo llev\u00f3 el cuadro \u201cFachada de la ermita\u201d elaborado por Sof\u00eda Moreno Alc\u00e1ntara.<\/p>\n<p>El concejal de Cultura, Antonio Cubillo, ha destacado la alta calidad art\u00edstica de las obras presentadas en esta edici\u00f3n. \u201cEl nivel de los participantes ha sido excepcional, lo que demuestra la consolidaci\u00f3n de nuestro certamen. Es una gran satisfacci\u00f3n ver c\u00f3mo nuestros rincones inspiran obras tan bellas\u201d, afirm\u00f3 Cubillo.<\/p>\n<p>El concejal tambi\u00e9n hizo hincapi\u00e9 en el formato de deliberaci\u00f3n, se\u00f1alando que \u201cpara asegurar una visi\u00f3n completa, el jurado ha estado compuesto por un equipo de perfil t\u00e9cnico, que valora la t\u00e9cnica y la composici\u00f3n, y un jurado popular, que aporta un perfil m\u00e1s cercano al gusto del p\u00fablico general\u201d. Este sistema dual garantiza tanto el reconocimiento de la maestr\u00eda t\u00e9cnica como la conexi\u00f3n de las obras con los vecinos y vecinas de Horche.<\/p>\n<p>El Ayuntamiento agradece la participaci\u00f3n de todos y todas las artistas, la labor de los jurados y la colaboraci\u00f3n de los patrocinadores, que han contribuido a que esta trig\u00e9simo cuarta edici\u00f3n del Certamen &#8216;Jes\u00fas Horche&#8217; haya sido un gran \u00e9xito cultural y social.<\/p>\n","protected":false},"excerpt":{"rendered":"Horche celebr\u00f3 con \u00e9xito el pasado 4 de octubre su XXXIV Certamen Internacional de Pintura R\u00e1pida al Aire&hellip;\n","protected":false},"author":2,"featured_media":165227,"comment_status":"","ping_status":"","sticky":false,"template":"","format":"standard","meta":{"footnotes":""},"categories":[173],"tags":[442,229,233,231,230,4023,232,234,146,147,25,24,439,48645,441,443,440,503,3560,23],"class_list":{"0":"post-165226","1":"post","2":"type-post","3":"status-publish","4":"format-standard","5":"has-post-thumbnail","7":"category-arte-y-diseno","8":"tag-actualidad-guadalajara","9":"tag-arte","10":"tag-arte-y-diseno","11":"tag-arts","12":"tag-arts-and-design","13":"tag-concurso","14":"tag-design","15":"tag-diseno","16":"tag-entertainment","17":"tag-entretenimiento","18":"tag-es","19":"tag-espana","20":"tag-guadalajara","21":"tag-horche","22":"tag-informacion-guadalajara","23":"tag-noticias-guadalajara","24":"tag-nueva-alcarria","25":"tag-pintura","26":"tag-rapida","27":"tag-spain"},"share_on_mastodon":{"url":"","error":""},"_links":{"self":[{"href":"https:\/\/www.europesays.com\/es\/wp-json\/wp\/v2\/posts\/165226","targetHints":{"allow":["GET"]}}],"collection":[{"href":"https:\/\/www.europesays.com\/es\/wp-json\/wp\/v2\/posts"}],"about":[{"href":"https:\/\/www.europesays.com\/es\/wp-json\/wp\/v2\/types\/post"}],"author":[{"embeddable":true,"href":"https:\/\/www.europesays.com\/es\/wp-json\/wp\/v2\/users\/2"}],"replies":[{"embeddable":true,"href":"https:\/\/www.europesays.com\/es\/wp-json\/wp\/v2\/comments?post=165226"}],"version-history":[{"count":0,"href":"https:\/\/www.europesays.com\/es\/wp-json\/wp\/v2\/posts\/165226\/revisions"}],"wp:featuredmedia":[{"embeddable":true,"href":"https:\/\/www.europesays.com\/es\/wp-json\/wp\/v2\/media\/165227"}],"wp:attachment":[{"href":"https:\/\/www.europesays.com\/es\/wp-json\/wp\/v2\/media?parent=165226"}],"wp:term":[{"taxonomy":"category","embeddable":true,"href":"https:\/\/www.europesays.com\/es\/wp-json\/wp\/v2\/categories?post=165226"},{"taxonomy":"post_tag","embeddable":true,"href":"https:\/\/www.europesays.com\/es\/wp-json\/wp\/v2\/tags?post=165226"}],"curies":[{"name":"wp","href":"https:\/\/api.w.org\/{rel}","templated":true}]}}