{"id":165228,"date":"2025-10-09T14:02:12","date_gmt":"2025-10-09T14:02:12","guid":{"rendered":"https:\/\/www.europesays.com\/es\/165228\/"},"modified":"2025-10-09T14:02:12","modified_gmt":"2025-10-09T14:02:12","slug":"50-autores-firman-sus-obras-toda-la-semana-en-la-feria-del-libro-de-toledo-que-cumple-20-anos","status":"publish","type":"post","link":"https:\/\/www.europesays.com\/es\/165228\/","title":{"rendered":"50 autores firman sus obras toda la semana en la Feria del Libro de Toledo, que cumple 20 a\u00f1os"},"content":{"rendered":"<p style=\"\">El concejal de Hacienda, Fondos Europeos y Participaci\u00f3n del Ayuntamiento de Toledo, <strong>Juan Jos\u00e9 Alcalde<\/strong>, ha asistido a la inauguraci\u00f3n de la XX edici\u00f3n de <a href=\"https:\/\/www.abc.es\/espana\/castilla-la-mancha\/toledo\/feria-libro-toledo-octubre-amplia-corral-don-20250918145217-nt.html\" target=\"_self\" data-voc-vtm-id=\"in-text-traffic\" title=\"la Feria del Libro de Toledo\" data-mrf-link=\"www.abc.es\" rel=\"nofollow noopener\">la Feria del Libro de Toledo<\/a>, que celebra sus veinte a\u00f1os como una de las grandes citas culturales  &#8230; de la ciudad. \u00ab<strong>La cultura vuelve a salir a la calle<\/strong>, ver la plaza llena demuestra el inter\u00e9s y el amor de los toledanos por la lectura\u00ab, ha se\u00f1alado.<\/p>\n<p class=\"voc-p\" style=\"\">Ha destacado la relevancia del <strong>nuevo emplazamiento del Sal\u00f3n Rico<\/strong>, un espacio recuperado recientemente para la actividad cultural, que hace que por segundo a\u00f1o consecutivo se ampl\u00ede la feria.<\/p>\n<p class=\"voc-p\" style=\"\">Por su parte, <strong>Elvira Rivero, de la Asociaci\u00f3n de Libreros de Toledo<\/strong>, ha recordado que esta edici\u00f3n es especialmente significativa por su v<strong>ig\u00e9simo aniversario<\/strong> y por las novedades que presenta, ha informado el Ayuntamiento en nota de prensa.<\/p>\n<p class=\"voc-p\" style=\"\">\u00abCumplimos veinte a\u00f1os de Feria del Libro y lo celebramos con mucha ilusi\u00f3n y <strong>estar\u00e1n firmando casi cincuenta autores durante toda la semana\u00ab<\/strong>, ha indicado, a\u00f1adiendo otras actividades paralelas como la proyecci\u00f3n de un documental sobre <strong>Almudena Grandes<\/strong>, cuentacuentos o el concierto de Triple J Band. El secretario general de la patronal toledana, <strong>Manuel Madruga<\/strong>, tambi\u00e9n ha intervenido en la inauguraci\u00f3n en el acto para destacar el valor del trabajo conjunto que ha hecho posible dos d\u00e9cadas de continuidad, al tiempo que ha mostrado su agradecimiento a la Asociaci\u00f3n de Libreros por \u00absu esfuerzo constante para que esta feria siga siendo una de las mejores ediciones\u00bb.<\/p>\n<p class=\"voc-p\" style=\"\">La Feria del Libro de Toledo <strong>se celebra del 9 al 12 de octubre en la Plaza de Zocodover y el Sal\u00f3n Rico,<\/strong> con la participaci\u00f3n de librer\u00edas, editoriales, escritores y entidades culturales de toda Castilla-La Mancha. El programa incluye presentaciones, firmas, cuentacuentos, m\u00fasica en directo y actividades familiares. Toda la informaci\u00f3n y el programa completo est\u00e1 disponible en la web oficial de la Asociaci\u00f3n de Libreros de Toledo.<\/p>\n","protected":false},"excerpt":{"rendered":"El concejal de Hacienda, Fondos Europeos y Participaci\u00f3n del Ayuntamiento de Toledo, Juan Jos\u00e9 Alcalde, ha asistido a&hellip;\n","protected":false},"author":2,"featured_media":165229,"comment_status":"","ping_status":"","sticky":false,"template":"","format":"standard","meta":{"footnotes":""},"categories":[172],"tags":[988,8822,224,7677,146,147,25,24,599,2470,1496,225,474,773,23,1952],"class_list":{"0":"post-165228","1":"post","2":"type-post","3":"status-publish","4":"format-standard","5":"has-post-thumbnail","7":"category-libros","8":"tag-anos","9":"tag-autores","10":"tag-books","11":"tag-cumple","12":"tag-entertainment","13":"tag-entretenimiento","14":"tag-es","15":"tag-espana","16":"tag-feria","17":"tag-firman","18":"tag-libro","19":"tag-libros","20":"tag-obras","21":"tag-semana","22":"tag-spain","23":"tag-toledo"},"share_on_mastodon":{"url":"","error":""},"_links":{"self":[{"href":"https:\/\/www.europesays.com\/es\/wp-json\/wp\/v2\/posts\/165228","targetHints":{"allow":["GET"]}}],"collection":[{"href":"https:\/\/www.europesays.com\/es\/wp-json\/wp\/v2\/posts"}],"about":[{"href":"https:\/\/www.europesays.com\/es\/wp-json\/wp\/v2\/types\/post"}],"author":[{"embeddable":true,"href":"https:\/\/www.europesays.com\/es\/wp-json\/wp\/v2\/users\/2"}],"replies":[{"embeddable":true,"href":"https:\/\/www.europesays.com\/es\/wp-json\/wp\/v2\/comments?post=165228"}],"version-history":[{"count":0,"href":"https:\/\/www.europesays.com\/es\/wp-json\/wp\/v2\/posts\/165228\/revisions"}],"wp:featuredmedia":[{"embeddable":true,"href":"https:\/\/www.europesays.com\/es\/wp-json\/wp\/v2\/media\/165229"}],"wp:attachment":[{"href":"https:\/\/www.europesays.com\/es\/wp-json\/wp\/v2\/media?parent=165228"}],"wp:term":[{"taxonomy":"category","embeddable":true,"href":"https:\/\/www.europesays.com\/es\/wp-json\/wp\/v2\/categories?post=165228"},{"taxonomy":"post_tag","embeddable":true,"href":"https:\/\/www.europesays.com\/es\/wp-json\/wp\/v2\/tags?post=165228"}],"curies":[{"name":"wp","href":"https:\/\/api.w.org\/{rel}","templated":true}]}}