{"id":165234,"date":"2025-10-09T14:06:08","date_gmt":"2025-10-09T14:06:08","guid":{"rendered":"https:\/\/www.europesays.com\/es\/165234\/"},"modified":"2025-10-09T14:06:08","modified_gmt":"2025-10-09T14:06:08","slug":"presentado-el-programa-atletismo-en-la-calle-y-el-gran-premio-centenario-famu-famu","status":"publish","type":"post","link":"https:\/\/www.europesays.com\/es\/165234\/","title":{"rendered":"Presentado el programa \u2018Atletismo en la Calle\u2019 y el Gran Premio Centenario FAMU \u2013 FAMU"},"content":{"rendered":"<p>\t\t<img width=\"780\" height=\"470\" src=\"https:\/\/www.europesays.com\/es\/wp-content\/uploads\/2025\/10\/G2zzK3JWoAASXn7-780x470.jpeg\" class=\"attachment-jannah-image-post size-jannah-image-post wp-post-image\" alt=\"\" data-main-img=\"1\" decoding=\"async\" fetchpriority=\"high\"\/><\/p>\n<p>Este jueves ten\u00eda lugar la presentaci\u00f3n del programa \u2018Atletismo en la Calle\u2019, proyecto impulsado por la Federaci\u00f3n de Atletismo de la Regi\u00f3n de Murcia en el marco de su centenario, con el objetivo de llevar este deporte m\u00e1s all\u00e1 de las pistas. El Instituto de Turismo de la Regi\u00f3n de Murcia era testigo de un acto al que acud\u00edan representantes de los 10 municipios que albergar\u00e1 dicha iniciativa durante los \u00faltimos meses del a\u00f1o. Tambi\u00e9n lo hac\u00eda el director general de Deportes, Fran S\u00e1nchez, y algunos de los m\u00e1s importantes nombres del atletismo murciano en la actualidad, como Mariano Garc\u00eda, Miguel \u00c1ngel L\u00f3pez, Manuel Berm\u00fadez y Sergio L\u00f3pez<br \/>\u00a0<br \/>Hasta tres jornadas se han disputado hasta el momento, desarroll\u00e1ndose el pasado 26 de agosto en Las Torres de Cotillas, y de manera m\u00e1s reciente en Cieza, el 27 de septiembre, y Alcantarilla, el s\u00e1bado 4 de octubre. Por delante, Yecla -25 de octubre-, Murcia -2 de noviembre-; Molina de Segura -9 de noviembre-; \u00c1guilas -15 de noviembre-; Cartagena -29 de noviembre-; Lorca -20 de diciembre- y Caravaca de la Cruz -21 de diciembre-. Los asistentes podr\u00e1n participar en modalidades como carrera de vallas, salto de altura, marcha o lanzamiento de peso, en una actividad totalmente gratuita.<br \/>\u00a0<br \/>Asimismo, dicho acto supon\u00eda la puesta de largo de otra de las citas m\u00e1s importantes en el marco del centenario de la federaci\u00f3n, el Gran Premio Centenario FAMU que tendr\u00e1 lugar el pr\u00f3ximo 2 de noviembre. La Avenida Primo de Rivera, frente a la C\u00e1rcel Vieja, acoger\u00e1 una jornada que comprender\u00e1 la disputa de hasta dos Campeonatos de la Regi\u00f3n de Murcia, sobre un circuito de 500m. homologado por la Real Federaci\u00f3n Espa\u00f1ola de Atletismo. Estar\u00e1n en juego los t\u00edtulos regionales de milla en ruta, as\u00ed como de marcha en ruta de promoci\u00f3n. Pruebas incluidas en calendario nacional, que contar\u00e1n abiertas las inscripciones para todos los atletas participantes con licencia FAMU y\/o RFEA, a trav\u00e9s del Call Room RFEA, hasta el mi\u00e9rcoles 29 de octubre a las 20:00h.<br \/>\u00a0<br \/>No solamente se desarrollar\u00e1 tambi\u00e9n el 2 de noviembre la jornada de \u2018Atletismo en la Calle\u2019 en la capital, sino que tendr\u00e1 igualmente lugar la entrega de premios del concurso de fotograf\u00eda \u201c100 A\u00f1os de Atletismo en la Regi\u00f3n de Murcia\u201d, convocado por la FAMU con la premisa de homenajear la historia, evoluci\u00f3n y valores del atletismo en nuestra regi\u00f3n. La fotograf\u00eda ganadora recibir\u00e1 un premio de 200\u20ac con 100\u20ac para el segundo premio y 50\u20ac para el tercer premio. <\/p>\n<p>Tienen disponibles las bases de participaci\u00f3n, as\u00ed como los reglamentos de las competiciones se\u00f1aladas en la web FAMU (<a href=\"https:\/\/www.famu.es\/circulares\/\" data-type=\"link\" data-id=\"https:\/\/www.famu.es\/circulares\/\" target=\"_blank\" rel=\"noreferrer noopener nofollow\">haz click aqu\u00ed para acceder<\/a>).<\/p>\n","protected":false},"excerpt":{"rendered":"Este jueves ten\u00eda lugar la presentaci\u00f3n del programa \u2018Atletismo en la Calle\u2019, proyecto impulsado por la Federaci\u00f3n de&hellip;\n","protected":false},"author":2,"featured_media":165235,"comment_status":"","ping_status":"","sticky":false,"template":"","format":"standard","meta":{"footnotes":""},"categories":[93],"tags":[168,25,24,23,167],"class_list":{"0":"post-165234","1":"post","2":"type-post","3":"status-publish","4":"format-standard","5":"has-post-thumbnail","7":"category-deportes","8":"tag-deportes","9":"tag-es","10":"tag-espana","11":"tag-spain","12":"tag-sports"},"share_on_mastodon":{"url":"","error":""},"_links":{"self":[{"href":"https:\/\/www.europesays.com\/es\/wp-json\/wp\/v2\/posts\/165234","targetHints":{"allow":["GET"]}}],"collection":[{"href":"https:\/\/www.europesays.com\/es\/wp-json\/wp\/v2\/posts"}],"about":[{"href":"https:\/\/www.europesays.com\/es\/wp-json\/wp\/v2\/types\/post"}],"author":[{"embeddable":true,"href":"https:\/\/www.europesays.com\/es\/wp-json\/wp\/v2\/users\/2"}],"replies":[{"embeddable":true,"href":"https:\/\/www.europesays.com\/es\/wp-json\/wp\/v2\/comments?post=165234"}],"version-history":[{"count":0,"href":"https:\/\/www.europesays.com\/es\/wp-json\/wp\/v2\/posts\/165234\/revisions"}],"wp:featuredmedia":[{"embeddable":true,"href":"https:\/\/www.europesays.com\/es\/wp-json\/wp\/v2\/media\/165235"}],"wp:attachment":[{"href":"https:\/\/www.europesays.com\/es\/wp-json\/wp\/v2\/media?parent=165234"}],"wp:term":[{"taxonomy":"category","embeddable":true,"href":"https:\/\/www.europesays.com\/es\/wp-json\/wp\/v2\/categories?post=165234"},{"taxonomy":"post_tag","embeddable":true,"href":"https:\/\/www.europesays.com\/es\/wp-json\/wp\/v2\/tags?post=165234"}],"curies":[{"name":"wp","href":"https:\/\/api.w.org\/{rel}","templated":true}]}}