{"id":165244,"date":"2025-10-09T14:11:08","date_gmt":"2025-10-09T14:11:08","guid":{"rendered":"https:\/\/www.europesays.com\/es\/165244\/"},"modified":"2025-10-09T14:11:08","modified_gmt":"2025-10-09T14:11:08","slug":"ultima-hora-del-plan-de-paz-de-trump-para-gaza-en-directo-alto-el-fuego-a-las-24-horas-de-la-firma-del-acuerdo-por-israel-y-canje-de-rehenes-por-presos-en-las-72-horas-siguientes","status":"publish","type":"post","link":"https:\/\/www.europesays.com\/es\/165244\/","title":{"rendered":"\u00daltima hora del plan de paz de Trump para Gaza, en directo | Alto el fuego a las 24 horas de la firma del acuerdo por Israel y canje de rehenes por presos en las 72 horas siguientes"},"content":{"rendered":"<p class=\"ue-c-article__paragraph\">Primeros pasos para el arranque del <a href=\"https:\/\/www.elmundo.es\/internacional\/2025\/10\/09\/68e6ed0be85eceb6538b4593.html\" target=\"_blank\" rel=\"nofollow noopener\"><strong>acuerdo entre Israel y Hamas<\/strong><\/a> impulsado por Donald Trump que puede poner fin a la actual <strong>guerra en Gaza. <\/strong>Seg\u00fan ha afirmado la portavoz de la Oficina de Benjamin Netanyahu, el <strong>alto el fuego<\/strong> entrar\u00e1 en vigor 24 horas despu\u00e9s de que Israel firme ese acuerdo. El primer ministro re\u00fane esta tarde al Gabinete de Seguridad y y luego al Gobierno para ratificarlo. A continuaci\u00f3n, en esas 24 horas, <strong>el ej\u00e9rcito israel\u00ed se retirar\u00e1 hasta una l\u00ednea estipulada<\/strong>. Una vez que comience el alto el fuego, se abre otro plazo de 72 horas para <strong>la liberaci\u00f3n de los rehenes<\/strong>, que podr\u00eda tener lugar el pr\u00f3ximo lunes.<\/p>\n<p class=\"ue-c-article__paragraph\">La primera fase del acuerdo contempla el canje de esos 48 rehenes israel\u00edes que Hamas secuestr\u00f3 el 7 de octubre de 2023; se estima que s\u00f3lo una veintena est\u00e1n vivos. A cambio, saldr\u00e1n de las c\u00e1rceles israel\u00edes alrededor de 1.950 presos palestinos. Entre ellos no estar\u00e1n ni miembros de las brigadas que participaron en aquellos ataques terroristas ni un l\u00edder palestino tan popular como <strong>Marwan Barghouti<\/strong>. Fue detenido en 2002, y muchos le ven como potencial sucesor del actual presidente de la Autoridad Nacional Palestina, que tiene sede en Cisjordania y hoy dirige Mahmud Ab\u00e1s, del partido Fatah.<\/p>\n<p>As\u00ed se enter\u00f3 Trump en directo del pr\u00f3ximo acuerdo de paz entre Israel y Hamas.<\/p>\n","protected":false},"excerpt":{"rendered":"Primeros pasos para el arranque del acuerdo entre Israel y Hamas impulsado por Donald Trump que puede poner&hellip;\n","protected":false},"author":2,"featured_media":165245,"comment_status":"","ping_status":"","sticky":false,"template":"","format":"standard","meta":{"footnotes":""},"categories":[42],"tags":[45111,17,18,13,14,1256,28182,11,61,62,63,64,74,19,20,9,10,15,16,12,21,22,65,66,67],"class_list":{"0":"post-165244","1":"post","2":"type-post","3":"status-publish","4":"format-standard","5":"has-post-thumbnail","7":"category-internacional","8":"tag-articulos-carlos-garces","9":"tag-breaking-news","10":"tag-breakingnews","11":"tag-featured-news","12":"tag-featurednews","13":"tag-franja-de-gaza","14":"tag-guerra-en-israel","15":"tag-headlines","16":"tag-internacional","17":"tag-international","18":"tag-international-news","19":"tag-internationalnews","20":"tag-israel","21":"tag-latest-news","22":"tag-latestnews","23":"tag-news","24":"tag-noticias","25":"tag-noticias-destacadas","26":"tag-noticiasdestacadas","27":"tag-titulares","28":"tag-ultimas-noticias","29":"tag-ultimasnoticias","30":"tag-world","31":"tag-world-news","32":"tag-worldnews"},"share_on_mastodon":{"url":"","error":""},"_links":{"self":[{"href":"https:\/\/www.europesays.com\/es\/wp-json\/wp\/v2\/posts\/165244","targetHints":{"allow":["GET"]}}],"collection":[{"href":"https:\/\/www.europesays.com\/es\/wp-json\/wp\/v2\/posts"}],"about":[{"href":"https:\/\/www.europesays.com\/es\/wp-json\/wp\/v2\/types\/post"}],"author":[{"embeddable":true,"href":"https:\/\/www.europesays.com\/es\/wp-json\/wp\/v2\/users\/2"}],"replies":[{"embeddable":true,"href":"https:\/\/www.europesays.com\/es\/wp-json\/wp\/v2\/comments?post=165244"}],"version-history":[{"count":0,"href":"https:\/\/www.europesays.com\/es\/wp-json\/wp\/v2\/posts\/165244\/revisions"}],"wp:featuredmedia":[{"embeddable":true,"href":"https:\/\/www.europesays.com\/es\/wp-json\/wp\/v2\/media\/165245"}],"wp:attachment":[{"href":"https:\/\/www.europesays.com\/es\/wp-json\/wp\/v2\/media?parent=165244"}],"wp:term":[{"taxonomy":"category","embeddable":true,"href":"https:\/\/www.europesays.com\/es\/wp-json\/wp\/v2\/categories?post=165244"},{"taxonomy":"post_tag","embeddable":true,"href":"https:\/\/www.europesays.com\/es\/wp-json\/wp\/v2\/tags?post=165244"}],"curies":[{"name":"wp","href":"https:\/\/api.w.org\/{rel}","templated":true}]}}