{"id":165250,"date":"2025-10-09T14:14:08","date_gmt":"2025-10-09T14:14:08","guid":{"rendered":"https:\/\/www.europesays.com\/es\/165250\/"},"modified":"2025-10-09T14:14:08","modified_gmt":"2025-10-09T14:14:08","slug":"la-base-del-balonmano-galdar-gran-canaria-lista-para-una-intensa-jornada-de-competicion","status":"publish","type":"post","link":"https:\/\/www.europesays.com\/es\/165250\/","title":{"rendered":"La base del Balonmano G\u00e1ldar Gran Canaria, lista para una intensa jornada de competici\u00f3n"},"content":{"rendered":"<p style=\"text-align:justify;\">La actividad comienza el viernes 10 de octubre con el equipo benjam\u00edn Dulcer\u00eda Castellano, que recibir\u00e1 en el Anexo del Polideportivo Juan Vega Mateos a El Goro a las 17:00 horas. Ese mismo d\u00eda, el equipo infantil Hispano Bulls Canarias jugar\u00e1 en el Juan Vega Mateos frente al AMFM Moya Tilover a las 18:00 horas, mientras que el cadete Muebles San Andr\u00e9s disputar\u00e1 su primer encuentro de la semana, tambi\u00e9n en el Juan Vega, frente al Moya Tilover a las 19:00 horas.<\/p>\n<p style=\"text-align:justify;\">\u00a0<\/p>\n<p style=\"text-align:justify;\">El s\u00e1bado 11 de octubre ser\u00e1 otra jornada importante para la cantera galdense. El equipo infantil Cl\u00ednica Dental Ayozet Hern\u00e1ndez G\u00e1ldar se enfrentar\u00e1 al Printer 25 Vecindario en el Polideportivo Juan Vega Mateos a las 10:30 horas. A continuaci\u00f3n, el alev\u00edn Supermercados Atlante jugar\u00e1 a las 11:15 horas en el Pabell\u00f3n Municipal Villa de Moya ante el Moya Tilover, mientras que el juvenil Motorsport Juani recibir\u00e1 tambi\u00e9n en el Juan Vega Mateos al Romade a las 12:00 horas.<\/p>\n<p style=\"text-align:justify;\">\u00a0<\/p>\n<p style=\"text-align:justify;\">Por \u00faltimo, el cadete Muebles San Andr\u00e9s disputar\u00e1 un segundo partido en casa el mi\u00e9rcoles 15 de octubre a las 17:30 horas frente al Romade, cerrando as\u00ed una semana de gran actividad para los equipos de la base.<\/p>\n<p style=\"text-align:justify;\">\u00a0<\/p>\n<p style=\"text-align:justify;\">Los equipos del Balonmano G\u00e1ldar Gran Canaria esperan contar con el apoyo de la afici\u00f3n en estos encuentros de la Copa Apertura, que prometen intensidad, buen balonmano y la oportunidad de seguir demostrando el talento de la cantera galdense.<\/p>\n","protected":false},"excerpt":{"rendered":"La actividad comienza el viernes 10 de octubre con el equipo benjam\u00edn Dulcer\u00eda Castellano, que recibir\u00e1 en el&hellip;\n","protected":false},"author":2,"featured_media":165251,"comment_status":"","ping_status":"","sticky":false,"template":"","format":"standard","meta":{"footnotes":""},"categories":[278],"tags":[376,168,25,24,375,12595,23,167],"class_list":{"0":"post-165250","1":"post","2":"type-post","3":"status-publish","4":"format-standard","5":"has-post-thumbnail","7":"category-balonmano","8":"tag-balonmano","9":"tag-deportes","10":"tag-es","11":"tag-espana","12":"tag-handball","13":"tag-informacion-del-noroeste-de-gran-canaria","14":"tag-spain","15":"tag-sports"},"share_on_mastodon":{"url":"","error":""},"_links":{"self":[{"href":"https:\/\/www.europesays.com\/es\/wp-json\/wp\/v2\/posts\/165250","targetHints":{"allow":["GET"]}}],"collection":[{"href":"https:\/\/www.europesays.com\/es\/wp-json\/wp\/v2\/posts"}],"about":[{"href":"https:\/\/www.europesays.com\/es\/wp-json\/wp\/v2\/types\/post"}],"author":[{"embeddable":true,"href":"https:\/\/www.europesays.com\/es\/wp-json\/wp\/v2\/users\/2"}],"replies":[{"embeddable":true,"href":"https:\/\/www.europesays.com\/es\/wp-json\/wp\/v2\/comments?post=165250"}],"version-history":[{"count":0,"href":"https:\/\/www.europesays.com\/es\/wp-json\/wp\/v2\/posts\/165250\/revisions"}],"wp:featuredmedia":[{"embeddable":true,"href":"https:\/\/www.europesays.com\/es\/wp-json\/wp\/v2\/media\/165251"}],"wp:attachment":[{"href":"https:\/\/www.europesays.com\/es\/wp-json\/wp\/v2\/media?parent=165250"}],"wp:term":[{"taxonomy":"category","embeddable":true,"href":"https:\/\/www.europesays.com\/es\/wp-json\/wp\/v2\/categories?post=165250"},{"taxonomy":"post_tag","embeddable":true,"href":"https:\/\/www.europesays.com\/es\/wp-json\/wp\/v2\/tags?post=165250"}],"curies":[{"name":"wp","href":"https:\/\/api.w.org\/{rel}","templated":true}]}}