{"id":165256,"date":"2025-10-09T14:19:10","date_gmt":"2025-10-09T14:19:10","guid":{"rendered":"https:\/\/www.europesays.com\/es\/165256\/"},"modified":"2025-10-09T14:19:10","modified_gmt":"2025-10-09T14:19:10","slug":"cercedilla-denunciara-a-montero-y-belarra-por-los-disturbios-en-la-vuelta-provocaron-riesgo-y-peligro","status":"publish","type":"post","link":"https:\/\/www.europesays.com\/es\/165256\/","title":{"rendered":"Cercedilla denunciar\u00e1 a Montero y Belarra por los disturbios en la Vuelta: \u00abProvocaron riesgo y peligro\u00bb"},"content":{"rendered":"<p>El Pleno del Ayuntamiento de <strong>Cercedilla<\/strong> ha aprobado una moci\u00f3n presentada por el grupo municipal Vecinos por Cercedilla para <strong>depurar responsabilidades<\/strong> sobre los incidentes ocurridos durante el paso de la <a href=\"https:\/\/okdiario.com\/deportes\/verguenza-mundial-vingegaard-celebra-vuelta-improvisando-podio-parking-15408238\" rel=\"nofollow noopener\" target=\"_blank\">Vuelta Ciclista<\/a> a Espa\u00f1a por el municipio el pasado 13 de septiembre, entre quienes estaban<strong> Ione Belarra e Irene Montero<\/strong>, l\u00edderes de Podemos. La propuesta ha salido adelante con los votos en contra del <a href=\"https:\/\/okdiario.com\/deportes\/prensa-internacional-refleja-verguenza-vuelta-reventada-aplauso-sanchez-15408978\" rel=\"nofollow noopener\" target=\"_blank\">PSOE<\/a>, a pesar de que <a href=\"https:\/\/okdiario.com\/madrid\/izquierda-cercedilla-denunciara-montero-belarra-altercados-durante-vuelta-15416588\" rel=\"nofollow noopener\" target=\"_blank\">impulsaron un comunicado<\/a> municipal a favor de las acciones legales emitido el d\u00eda de autos.<\/p>\n<p>La moci\u00f3n, defendida por el concejal de Vecinos Francisco Sanch\u00eds solicitaba al alcalde <strong>\u00abrotundidad\u00bb<\/strong> y poner \u00abal servicio municipal los servicios jur\u00eddicos para <strong>acabar en este tema lo antes posible\u00bb.<\/strong> El texto aprobado exige depurar responsabilidades sobre lo sucedido y solicita a los servicios jur\u00eddicos municipales que adopten \u00ab<strong>todas las medidas legales y administrativas<\/strong> a disposici\u00f3n del Ayuntamiento para actuar con la m\u00e1xima contundencia frente a los organizadores y convocantes de dichas protestas\u00bb.<\/p>\n<p>Seg\u00fan indican, \u00abse produjeron<strong> graves <a href=\"https:\/\/navarra.okdiario.com\/articulo\/politica\/citan-declarar-cuatro-activistas-propalestinos-que-intentaron-boicotear-vuelta-ciclista-navarra\/20251008133307618654.html\" rel=\"nofollow noopener\" target=\"_blank\">alteraciones<\/a> en Cercedilla<\/strong> provocadas por manifestaciones organizadas y convocadas por <strong>dirigentes pol\u00edticas de \u00e1mbito nacional<\/strong>\u00bb. El documento se\u00f1ala que \u00abdichos hechos ocasionaron problemas de seguridad, molestias a vecinos y visitantes y una imagen p\u00fablica muy negativa para nuestro municipio\u00bb.<\/p>\n<p>El concejal defendi\u00f3 durante el pleno que \u00abrespetamos siempre<strong> el derecho a la libertad de expresi\u00f3n,<\/strong> la de todo el mundo, pero esa acaba donde est\u00e1 afecta a la de los dem\u00e1s\u00bb. A\u00f1adi\u00f3 que para algunos \u00abes parar una carrera, para otros puede ser <strong>poner en riesgo a los <a href=\"https:\/\/okdiario.com\/deportes\/razon-que-giro-emilia-veta-israel-premier-tech-vuelta-espana-no-pudo-15495488\" rel=\"nofollow noopener\" target=\"_blank\">deportistas<\/a>\u00bb.<\/strong><\/p>\n<p>Por su parte, el concejal del<strong> Partido Popular <\/strong>Francisco Javier de Pablo<strong>,<\/strong> quien presenci\u00f3 los hechos, relat\u00f3: \u00abYo s\u00ed estaba abajo en la carretera cuando todo el foll\u00f3n. No s\u00e9 c\u00f3mo pod\u00e9is decir que no hubo peligro. <strong>Hubo mucho peligro\u00bb.<\/strong><\/p>\n<p>Desv\u00edo de la carrera<\/p>\n<p>Los manifestantes cortaron la carretera <strong>en \u00abla zona m\u00e1s estrecha\u00bb de la M-622<\/strong>, lo que oblig\u00f3 a desviar la Vuelta Ciclista a Espa\u00f1a por la M-614 hacia Guadarrama. El concejal del PP\u00a0explic\u00f3 que \u00abla 614<strong> no estaba se\u00f1alizada<\/strong> como estaba se\u00f1alizado los tramos de Cercedilla, los molinos, etc\u00e9tera\u00bb y advirti\u00f3 que \u00abcualquier coche en cualquiera de los cruces de las urbanizaciones de Guadarrama pod\u00eda haber salido, haberse llevado los <a href=\"https:\/\/okdiario.com\/deportes\/ciclista-del-equipo-israel-derrumba-boicot-pro-palestino-vuelta-no-podia-ni-respirar-15314498\" rel=\"nofollow noopener\" target=\"_blank\">ciclistas<\/a> por delante\u00bb.<\/p>\n<p>La manifestaci\u00f3n estuvo <strong>encabezada por las dirigentes pol\u00edticas de Podemos<\/strong> Irene Montero y Ione Belarra, quienes protestaban contra la participaci\u00f3n del equipo ciclista israel\u00ed en la competici\u00f3n en el contexto del conflicto en Oriente Medio. El concejal popular se\u00f1al\u00f3 que su presencia ese d\u00eda en Cercedilla \u00ab<strong>no fue una casualidad\u00bb<\/strong> y que \u00abeso estaba era un acto ya completamente premeditado\u00bb.<\/p>\n<p>Posturas encontradas<\/p>\n<p>El concejal del Partido Socialista Miguel Fernando Campillos se opuso a la moci\u00f3n argumentando que \u00abla manifestaci\u00f3n se desarroll\u00f3<strong> en t\u00e9rminos de respeto y con ausencia de altercados\u00bb.<\/strong> El edil del partido de Pedro S\u00e1nchez defendi\u00f3 que \u00abestamos <strong>de acuerdo con el compromiso de libertad de expresi\u00f3n<\/strong> y el derecho de manifestaci\u00f3n de hechos recogidos por nuestra Constituci\u00f3n\u00bb y a\u00f1adi\u00f3: \u00abNo podemos estar de acuerdo en pedir depuraci\u00f3n de responsabilidades por altercados porque a nuestro entender no existieron\u00bb.<\/p>\n<p>La concejal de Juntos por Cercedilla tambi\u00e9n vot\u00f3 en contra de la moci\u00f3n. <strong>Ana Puyal<\/strong> manifest\u00f3: \u00abPara nosotros ese 13 de septiembre fue un orgullo y estamos viendo como las consecuencias de ello, al igual que en un mont\u00f3n de otras ciudades del mundo, han repercutido no solo a nivel nacional, sino internacional\u00bb. Puyal cit\u00f3 ejemplos de otras competiciones ciclistas que posteriormente han excluido al equipo israel\u00ed, como la Vuelta Gallega o Gran Cami\u00f1o y el Giro de Emilia.<\/p>\n<p>Repercusi\u00f3n internacional<\/p>\n<p>El concejal del Partido Popular subray\u00f3 la dimensi\u00f3n medi\u00e1tica del incidente: \u00abLa Vuelta ciclista a Espa\u00f1a se retransmite <strong>en directo o en diferido para 178 pa\u00edses<\/strong>. El rid\u00edculo que hizo Cercedilla el d\u00eda 13 de septiembre fue, bajo mi punto de vista, <strong>espantoso<\/strong>\u00bb.<\/p>\n<p>El grupo Vox apoy\u00f3 la iniciativa de Vecinos. El concejal Enrique P\u00e9rez Baos record\u00f3 que su grupo hizo \u00abun primer comunicado que se titulaba Quien siembra vientos recoge tempestades porque el equipo de Gobierno de PSOE, Grupo Independiente \u2013que ostenta la Alcald\u00eda\u2013 y M\u00e1s Madrid llevaban meses <strong>alentando el odio contra Israel<\/strong> en apoyo a <a href=\"https:\/\/okdiario.com\/deportes\/director-del-israel-premier-tech-abandona-vuelta-espana-ataques-propalestinos-15400258\" rel=\"nofollow noopener\" target=\"_blank\">Palestina<\/a>, a Ham\u00e1s y trasladando el conflicto internacional a nuestras calles\u00bb.<\/p>\n<p>La moci\u00f3n aprobada incluye un tercer punto que \u00abreitera el compromiso de este Ayuntamiento con <strong>el respeto de los eventos deportivos, la seguridad<\/strong> de los vecinos y visitantes y la buena imagen de Cercedilla, defendiendo siempre la libertad de expresi\u00f3n y el derecho de manifestaci\u00f3n, pero subrayando que dichas libertades deben ejercerse con respeto y sin alterar el orden p\u00fablico\u00bb.<\/p>\n<p>El concejal de Vecinos concluy\u00f3 su intervenci\u00f3n se\u00f1alando que el conflicto \u00abnos alarma a todos, nos parece estremecedor. Las im\u00e1genes de ni\u00f1os sufriendo, de la poblaci\u00f3n civil sufriendo, pues no nos gusta, pero tampoco nos corresponde a ninguno de los que estamos aqu\u00ed ponerle el adjetivo genocidio\u00bb.<\/p>\n<p>Los disturbios tambi\u00e9n se replicaron en el centro de <strong>Madrid<\/strong>. En ese \u00e1mbito, el alcalde de la capital, Jos\u00e9 Luis Mart\u00ednez-Almeida (PP), tambi\u00e9n avanz\u00f3 que <strong>se estudiar\u00edan todas las posibilidades.<\/strong> Por ahora en el Palacio de Cibeles, sede del Gobierno local, no han tomado una decisi\u00f3n final al respecto.<\/p>\n","protected":false},"excerpt":{"rendered":"El Pleno del Ayuntamiento de Cercedilla ha aprobado una moci\u00f3n presentada por el grupo municipal Vecinos por Cercedilla&hellip;\n","protected":false},"author":2,"featured_media":165257,"comment_status":"","ping_status":"","sticky":false,"template":"","format":"standard","meta":{"footnotes":""},"categories":[273],"tags":[313,312,168,25,24,23,167],"class_list":{"0":"post-165256","1":"post","2":"type-post","3":"status-publish","4":"format-standard","5":"has-post-thumbnail","7":"category-ciclismo","8":"tag-ciclismo","9":"tag-cycling","10":"tag-deportes","11":"tag-es","12":"tag-espana","13":"tag-spain","14":"tag-sports"},"share_on_mastodon":{"url":"","error":""},"_links":{"self":[{"href":"https:\/\/www.europesays.com\/es\/wp-json\/wp\/v2\/posts\/165256","targetHints":{"allow":["GET"]}}],"collection":[{"href":"https:\/\/www.europesays.com\/es\/wp-json\/wp\/v2\/posts"}],"about":[{"href":"https:\/\/www.europesays.com\/es\/wp-json\/wp\/v2\/types\/post"}],"author":[{"embeddable":true,"href":"https:\/\/www.europesays.com\/es\/wp-json\/wp\/v2\/users\/2"}],"replies":[{"embeddable":true,"href":"https:\/\/www.europesays.com\/es\/wp-json\/wp\/v2\/comments?post=165256"}],"version-history":[{"count":0,"href":"https:\/\/www.europesays.com\/es\/wp-json\/wp\/v2\/posts\/165256\/revisions"}],"wp:featuredmedia":[{"embeddable":true,"href":"https:\/\/www.europesays.com\/es\/wp-json\/wp\/v2\/media\/165257"}],"wp:attachment":[{"href":"https:\/\/www.europesays.com\/es\/wp-json\/wp\/v2\/media?parent=165256"}],"wp:term":[{"taxonomy":"category","embeddable":true,"href":"https:\/\/www.europesays.com\/es\/wp-json\/wp\/v2\/categories?post=165256"},{"taxonomy":"post_tag","embeddable":true,"href":"https:\/\/www.europesays.com\/es\/wp-json\/wp\/v2\/tags?post=165256"}],"curies":[{"name":"wp","href":"https:\/\/api.w.org\/{rel}","templated":true}]}}