{"id":165266,"date":"2025-10-09T14:24:09","date_gmt":"2025-10-09T14:24:09","guid":{"rendered":"https:\/\/www.europesays.com\/es\/165266\/"},"modified":"2025-10-09T14:24:09","modified_gmt":"2025-10-09T14:24:09","slug":"los-tesoros-arquitectonicos-modernos-de-zamora","status":"publish","type":"post","link":"https:\/\/www.europesays.com\/es\/165266\/","title":{"rendered":"los tesoros arquitect\u00f3nicos modernos de Zamora"},"content":{"rendered":"<p class=\"paragraph-atom &#10;        A-500-300-700-N A-550-300-700-N--md  \">Zamora es una ciudad reconocida en toda Europa por la fuerza de su patrimonio rom\u00e1nico, pero guarda tambi\u00e9n otro tesoro, m\u00e1s discreto y reciente: una colecci\u00f3n de edificios modernos del siglo XX que han sido distinguidos con el <strong>sello DOCOMOMO<\/strong>, un reconocimiento internacional que identifica las obras m\u00e1s relevantes del <strong>Movimiento Moderno<\/strong>. Durante la Semana de la Arquitectura, que pone el foco en la conservaci\u00f3n del patrimonio construido y la mirada hacia las nuevas formas de habitar, la ciudad saca pecho tambi\u00e9n por estas joyas contempor\u00e1neas que definen una etapa esencial de su evoluci\u00f3n urbana.<\/p>\n<p class=\"paragraph-atom &#10;        A-500-300-700-N A-550-300-700-N--md  \">El t\u00e9rmino <strong>DOCOMOMO<\/strong> responde a las siglas en ingl\u00e9s de Documentation and Conservation of buildings, sites and neighbourhoods of the Modern Movement, una organizaci\u00f3n internacional creada en 1988 para catalogar, documentar y proteger la arquitectura moderna del siglo XX. En Espa\u00f1a y Portugal, la tarea se coordina a trav\u00e9s de <strong>DOCOMOMO Ib\u00e9rico<\/strong>, una fundaci\u00f3n que re\u00fane m\u00e1s de 3.000 edificios de valor singular, desde viviendas y colegios hasta f\u00e1bricas o iglesias. Su inclusi\u00f3n en el registro no implica una figura legal de protecci\u00f3n, pero s\u00ed otorga prestigio y reconocimiento, adem\u00e1s de reforzar la conciencia sobre la necesidad de conservar una arquitectura que, pese a su juventud, ya forma parte del legado hist\u00f3rico.<\/p>\n<p class=\"paragraph-atom &#10;        A-500-300-700-N A-550-300-700-N--md  \">En Zamora, <strong>diecisiete edificios<\/strong> figuran actualmente en el inventario DOCOMOMO. Son obras levantadas entre las d\u00e9cadas de 1930 y 1970, firmadas por arquitectos como <strong>Enrique Crespo, Adolfo Bobo, Lucas Espinosa Navarro, Alfonso Crespo o Alejandro de la Sota<\/strong>, nombres que contribuyeron decisivamente a modernizar la imagen de la ciudad durante el siglo pasado.<\/p>\n<p class=\"paragraph-atom &#10;        A-500-300-700-N A-550-300-700-N--md  \">Entre los ejemplos m\u00e1s destacados se encuentran el <strong>Banco Castellano<\/strong>, en la avenida de Alfonso IX, obra de Adolfo Bobo y Salvador \u00c1lvarez Pardo, que luce ya una placa distintiva del movimiento; la <strong>Escuela Universitaria de Magisterio<\/strong>, proyectada en los a\u00f1os treinta por Antonio Garc\u00eda S\u00e1nchez Blanco y Joaqu\u00edn Muro Ant\u00f3n; o el <strong>Colegio de la Divina Providencia<\/strong>, dise\u00f1ado en 1964 por el fraile arquitecto Francisco Coello de Portugal. Tambi\u00e9n sobresalen el <strong>Edificio Neches<\/strong>, la <strong>Jefatura de Carreteras<\/strong>, las <strong>Viviendas Olmedo<\/strong> de Alejandro de la Sota o las <strong>Viviendas Ramos<\/strong>, firmadas por Bobo y Espinosa Navarro, que introdujeron en la ciudad las l\u00edneas limpias, la funcionalidad y el uso de materiales como el hormig\u00f3n y el vidrio caracter\u00edsticos del modernismo arquitect\u00f3nico.<\/p>\n<p>  Leyenda<\/p>\n<p>    <strong>Edificios DOCOMOMO en Zamora:<\/strong><\/p>\n<ul style=\"padding-left: 16px; margin: 5px 0 0 0;\">\n<li>Banco Castellano<\/li>\n<li>Escuela Universitaria de Magisterio<\/li>\n<li>Colegio de la Divina Providencia<\/li>\n<li>Edificio Neches<\/li>\n<li>Jefatura de Carreteras<\/li>\n<li>Viviendas Olmedo<\/li>\n<li>Viviendas Ramos<\/li>\n<li>Edificio Alfa<\/li>\n<li>Edificio Colino<\/li>\n<li>Residencial Las Flores<\/li>\n<\/ul>\n<p class=\"paragraph-atom &#10;        A-500-300-700-N A-550-300-700-N--md  \">No faltan tampoco conjuntos residenciales que marcaron la expansi\u00f3n urbana de mediados del siglo XX, como las <strong>Viviendas de la Obra Sindical del Hogar<\/strong>, el <strong>Edificio Colino<\/strong> o el <strong>Residencial Las Flores<\/strong>, en la calle San Pablo, que reflejan la transici\u00f3n hacia una arquitectura pr\u00e1ctica y racional, adaptada a las nuevas necesidades sociales.<\/p>\n<p class=\"paragraph-atom &#10;        A-500-300-700-N A-550-300-700-N--md  \">M\u00e1s all\u00e1 de la est\u00e9tica, estos edificios representan una \u00e9poca de optimismo y progreso. Son testigos del impulso modernizador de una ciudad que, sin renunciar a su historia, buscaba proyectarse hacia el futuro. <strong>La arquitectura del Movimiento Moderno supuso una ruptura con los estilos ornamentales del pasado<\/strong>, apostando por la simplicidad, la luz y la funcionalidad, valores que siguen siendo referencia para las generaciones actuales de arquitectos.<\/p>\n<p class=\"paragraph-atom &#10;        A-500-300-700-N A-550-300-700-N--md  \">Durante la Semana de la Arquitectura, el reconocimiento DOCOMOMO cobra especial sentido. Sirve para recordar que el patrimonio no termina en los templos medievales ni en los palacios renacentistas. <strong>Tambi\u00e9n lo conforman los bloques de viviendas, los colegios y los edificios administrativos que fueron s\u00edmbolo de una nueva forma de entender la ciudad y la vida urbana.<\/strong> Poner en valor este legado reciente es, en palabras de los expertos, una manera de \u201cconservar la memoria de la modernidad\u201d y de reconocer la identidad arquitect\u00f3nica de Zamora en todas sus \u00e9pocas.<\/p>\n<p class=\"paragraph-atom &#10;        A-500-300-700-N A-550-300-700-N--md  \">El reto, ahora, est\u00e1 en <strong>preservar<\/strong> estos edificios frente al abandono o las reformas inadecuadas. Muchos de ellos han sufrido alteraciones con el paso de los a\u00f1os, perdiendo parte de su autenticidad. Otros, sin embargo, mantienen intacta su esencia y comienzan a recibir la atenci\u00f3n que merecen gracias al trabajo de instituciones, colegios profesionales y asociaciones culturales.<\/p>\n<p class=\"paragraph-atom &#10;        A-500-300-700-N A-550-300-700-N--md  \"><strong>Zamora, que siempre ha mirado con orgullo a su pasado medieval, empieza as\u00ed a reivindicar con la misma convicci\u00f3n su herencia moderna<\/strong>. En el marco de la Semana de la Arquitectura, este reconocimiento cobra una dimensi\u00f3n doble: mirar atr\u00e1s para proteger y mirar adelante para seguir construyendo con respeto a lo que ya forma parte de su historia reciente.<\/p>\n","protected":false},"excerpt":{"rendered":"Zamora es una ciudad reconocida en toda Europa por la fuerza de su patrimonio rom\u00e1nico, pero guarda tambi\u00e9n&hellip;\n","protected":false},"author":2,"featured_media":165267,"comment_status":"","ping_status":"","sticky":false,"template":"","format":"standard","meta":{"footnotes":""},"categories":[173],"tags":[48657,229,233,231,230,232,234,146,147,25,24,6124,48658,35868,23,31356],"class_list":{"0":"post-165266","1":"post","2":"type-post","3":"status-publish","4":"format-standard","5":"has-post-thumbnail","7":"category-arte-y-diseno","8":"tag-arquitectonicos","9":"tag-arte","10":"tag-arte-y-diseno","11":"tag-arts","12":"tag-arts-and-design","13":"tag-design","14":"tag-diseno","15":"tag-entertainment","16":"tag-entretenimiento","17":"tag-es","18":"tag-espana","19":"tag-hormigon","20":"tag-modernos","21":"tag-romanico","22":"tag-spain","23":"tag-tesoros"},"share_on_mastodon":{"url":"","error":""},"_links":{"self":[{"href":"https:\/\/www.europesays.com\/es\/wp-json\/wp\/v2\/posts\/165266","targetHints":{"allow":["GET"]}}],"collection":[{"href":"https:\/\/www.europesays.com\/es\/wp-json\/wp\/v2\/posts"}],"about":[{"href":"https:\/\/www.europesays.com\/es\/wp-json\/wp\/v2\/types\/post"}],"author":[{"embeddable":true,"href":"https:\/\/www.europesays.com\/es\/wp-json\/wp\/v2\/users\/2"}],"replies":[{"embeddable":true,"href":"https:\/\/www.europesays.com\/es\/wp-json\/wp\/v2\/comments?post=165266"}],"version-history":[{"count":0,"href":"https:\/\/www.europesays.com\/es\/wp-json\/wp\/v2\/posts\/165266\/revisions"}],"wp:featuredmedia":[{"embeddable":true,"href":"https:\/\/www.europesays.com\/es\/wp-json\/wp\/v2\/media\/165267"}],"wp:attachment":[{"href":"https:\/\/www.europesays.com\/es\/wp-json\/wp\/v2\/media?parent=165266"}],"wp:term":[{"taxonomy":"category","embeddable":true,"href":"https:\/\/www.europesays.com\/es\/wp-json\/wp\/v2\/categories?post=165266"},{"taxonomy":"post_tag","embeddable":true,"href":"https:\/\/www.europesays.com\/es\/wp-json\/wp\/v2\/tags?post=165266"}],"curies":[{"name":"wp","href":"https:\/\/api.w.org\/{rel}","templated":true}]}}