{"id":165268,"date":"2025-10-09T14:25:08","date_gmt":"2025-10-09T14:25:08","guid":{"rendered":"https:\/\/www.europesays.com\/es\/165268\/"},"modified":"2025-10-09T14:25:08","modified_gmt":"2025-10-09T14:25:08","slug":"obra-siempre-lucida-y-sorprendente","status":"publish","type":"post","link":"https:\/\/www.europesays.com\/es\/165268\/","title":{"rendered":"\u201cObra siempre l\u00facida y sorprendente\u201d"},"content":{"rendered":"<p data-gtm-element-container=\"modulo-texto-link\" class=\"paragraph\">MADRID, 9 (EUROPA PRESS)\n\t\t\t\t<\/p>\n<p data-gtm-element-container=\"modulo-texto-link\" class=\"paragraph\">La editorial independiente Acantilado, que edita al autor h\u00fangaro L\u00e1szl\u00f3 Krasznahorkai en Espa\u00f1a, ha celebrado la concesi\u00f3n del Premio Nobel de Literatura 2025 al escritor &#8211;\u201duno de los narradores m\u00e1s originales de la literatura europea\u201d&#8211; por parte de la Real Academia Sueca en Estocolmo (Suecia).\n\t\t\t\t<\/p>\n<p data-gtm-element-container=\"modulo-texto-link\" class=\"paragraph\">\u201cNos complace enormemente haber puesto a disposici\u00f3n de los lectores en lengua castellana la obra, siempre l\u00facida y sorprendente, de este magn\u00edfico escritor\u201d, escribe Acantilado en un comunicado.\n\t\t\t\t<\/p>\n<p data-gtm-element-container=\"modulo-texto-link\" class=\"paragraph\">El sello editorial ha publicado &#8216;Melancol\u00eda de la resistencia&#8217; (2001) &#8211;con la que se present\u00f3 a los lectores en lengua espa\u00f1ola&#8211;, &#8216;Al Norte la monta\u00f1a, al Sur el lago, al Oeste el camino, al Este el r\u00edo&#8217; (2005), &#8216;Guerra y guerra&#8217; (2009), &#8216;Ha llegado Isa\u00edas&#8217; (2009), &#8216;Y Seiobo descendi\u00f3 a la Tierra&#8217; (2015), &#8216;Tango sat\u00e1nico&#8217; (2017), &#8216;Relaciones misericordiosas&#8217; (2023) y &#8216;El bar\u00f3n Wenckheim vuelve a casa&#8217; (2024).\n\t\t\t\t<\/p>\n<p data-gtm-element-container=\"modulo-texto-link\" class=\"paragraph\">\u201cEl autor h\u00fangaro ha creado a lo largo de los a\u00f1os una obra literaria singular\u00edsima, y tal vez por ello se la ha comparado a menudo con la de otros autores \u00fanicos en su especie, como Kafka &#8211;su h\u00e9roe literario&#8211;, G\u00f3gol, Beckett o Bernhard. La desolaci\u00f3n, el apocalipsis y el absurdo, que constituyen el tel\u00f3n de fondo de su mundo narrativo, no est\u00e1n re\u00f1idos en su obra con la b\u00fasqueda de la belleza o el amor a la naturaleza como reflejo de la divinidad. Aunque Krasznahorkai haya afirmado que escribir es para \u00e9l algo tan enigm\u00e1tico como bailar en el infierno, a los lectores su misteriosa danza nos parece m\u00e1gica una y otra vez\u201d, ha a\u00f1adido Acantilado.\n\t\t\t\t<\/p>\n<p data-gtm-element-container=\"modulo-texto-link\" class=\"paragraph\">Krasznahorkai recibi\u00f3 en 2004 del Gobierno h\u00fangaro el Premio Kossuth, uno de los m\u00e1s prestigiosos de su pa\u00eds, por el conjunto de su obra; en 2015, el Man Booker International; en 2021, el Premio Austr\u00edaco de Literatura Europea, y en 2024, el Premio Formentor de las Letras.\n\t\t\t\t<\/p>\n<p data-gtm-element-container=\"modulo-texto-link\" class=\"paragraph\">Precisamente, la Fundaci\u00f3n Formentor ha celebrado con \u201cespecial alegr\u00eda\u201d el reconocimiento otorgado, adem\u00e1s de manifestar su \u201cagradecimiento a los periodistas que, desde entonces, han contribuido a difundir su obra y a situarla con merecido relieve en el panorama literario\u201d.\n\t\t\t\t<\/p>\n","protected":false},"excerpt":{"rendered":"MADRID, 9 (EUROPA PRESS) La editorial independiente Acantilado, que edita al autor h\u00fangaro L\u00e1szl\u00f3 Krasznahorkai en Espa\u00f1a, ha&hellip;\n","protected":false},"author":2,"featured_media":165269,"comment_status":"","ping_status":"","sticky":false,"template":"","format":"standard","meta":{"footnotes":""},"categories":[172],"tags":[224,146,147,25,24,225,23],"class_list":{"0":"post-165268","1":"post","2":"type-post","3":"status-publish","4":"format-standard","5":"has-post-thumbnail","7":"category-libros","8":"tag-books","9":"tag-entertainment","10":"tag-entretenimiento","11":"tag-es","12":"tag-espana","13":"tag-libros","14":"tag-spain"},"share_on_mastodon":{"url":"","error":""},"_links":{"self":[{"href":"https:\/\/www.europesays.com\/es\/wp-json\/wp\/v2\/posts\/165268","targetHints":{"allow":["GET"]}}],"collection":[{"href":"https:\/\/www.europesays.com\/es\/wp-json\/wp\/v2\/posts"}],"about":[{"href":"https:\/\/www.europesays.com\/es\/wp-json\/wp\/v2\/types\/post"}],"author":[{"embeddable":true,"href":"https:\/\/www.europesays.com\/es\/wp-json\/wp\/v2\/users\/2"}],"replies":[{"embeddable":true,"href":"https:\/\/www.europesays.com\/es\/wp-json\/wp\/v2\/comments?post=165268"}],"version-history":[{"count":0,"href":"https:\/\/www.europesays.com\/es\/wp-json\/wp\/v2\/posts\/165268\/revisions"}],"wp:featuredmedia":[{"embeddable":true,"href":"https:\/\/www.europesays.com\/es\/wp-json\/wp\/v2\/media\/165269"}],"wp:attachment":[{"href":"https:\/\/www.europesays.com\/es\/wp-json\/wp\/v2\/media?parent=165268"}],"wp:term":[{"taxonomy":"category","embeddable":true,"href":"https:\/\/www.europesays.com\/es\/wp-json\/wp\/v2\/categories?post=165268"},{"taxonomy":"post_tag","embeddable":true,"href":"https:\/\/www.europesays.com\/es\/wp-json\/wp\/v2\/tags?post=165268"}],"curies":[{"name":"wp","href":"https:\/\/api.w.org\/{rel}","templated":true}]}}