{"id":165270,"date":"2025-10-09T14:26:08","date_gmt":"2025-10-09T14:26:08","guid":{"rendered":"https:\/\/www.europesays.com\/es\/165270\/"},"modified":"2025-10-09T14:26:08","modified_gmt":"2025-10-09T14:26:08","slug":"muchas-gracias-por-odiar-a-mi-personaje","status":"publish","type":"post","link":"https:\/\/www.europesays.com\/es\/165270\/","title":{"rendered":"\u201cMuchas gracias por odiar a mi personaje\u201d"},"content":{"rendered":"<p class=\"article-text\">\n        <strong>Aviso, spoilers: esta noticia desvela parte de lo ocurrido en los \u00faltimos cap\u00edtulos de &#8216;La Promesa&#8217; y &#8216;Valle Salvaje&#8217;<\/strong>\n    <\/p>\n<p>    <a href=\"https:\/\/www.eldiario.es\/vertele\/noticias\/la-promesa-dice-adios-actor-agradecido-personaje-gente-no-insulta-calle_1_12663294.html\" data-mrf-recirculation=\"saber-mas\" data-dl-event=\"saber-mas\" rel=\"nofollow noopener\" target=\"_blank\"><\/p>\n<p class=\"know-more__title\">&#8216;La Promesa&#8217; dice adi\u00f3s a otro actor, que se va muy agradecido con su personaje: \u00abLa gente no me insulta por la calle\u00bb<\/p>\n<p>            <img decoding=\"async\" class=\"lazy\" loading=\"lazy\" data-src=\"https:\/\/static.eldiario.es\/clip\/68295bdb-f003-43f5-b655-5c6859397854_16-9-aspect-ratio_default_0.jpg\" src=\"data:image\/svg+xml,%3Csvg xmlns=\" http:=\"\" viewbox=\"0 0 880 495\" alt=\"'La Promesa' dice adi\u00f3s a otro actor, que se va muy agradecido con su personaje: &quot;La gente no me insulta por la calle&quot;\"\/><\/p>\n<p>                        <\/a><\/p>\n<p class=\"article-text\">\n        <strong>La Promesa<\/strong> sigue inmersa en la ola de despedidas que lleva viviendo desde hace ya varios d\u00edas, a la cual ahora se ha sumado <strong>Valle Salvaje<\/strong>, que tambi\u00e9n ha dicho adi\u00f3s a un ilustre rostro de su reparto. En lo que ata\u00f1e a La Promesa, la exitosa serie diaria de La 1 ha dicho adi\u00f3s en los \u00faltimos cap\u00edtulos a <a href=\"https:\/\/www.eldiario.es\/vertele\/series\/carmen-asecas-deja-la-promesa-catalina-despedida-audiencia-rtve-dramatico-final-personaje_1_12628812.html\" target=\"_blank\" data-mrf-recirculation=\"links-noticia\" class=\"link\" rel=\"nofollow noopener\">Catalina (Carmen Asecas)<\/a> y <a href=\"https:\/\/www.eldiario.es\/vertele\/noticias\/la-promesa-dice-adios-actor-agradecido-personaje-gente-no-insulta-calle_1_12663294.html\" target=\"_blank\" data-mrf-recirculation=\"links-noticia\" class=\"link\" rel=\"nofollow noopener\">Ricardo (Carlos de Austria)<\/a>, a los que ahora se suma <strong>Federico (Pepe Nufrio)<\/strong>.\n    <\/p>\n<p class=\"article-text\">\n        <strong>Lope<\/strong> siempre ha querido lo mejor para <strong>Vera<\/strong>, y para conseguirlo solo pod\u00eda hacer una cosa: contarle a Federico la verdad sobre su padre. Pues bien, Lope actu\u00f3 en consecuencia y le cont\u00f3 toda la verdad al hermano de la doncella, que desde entonces se ha dedicado a aconsejar a \u00e9sta que no vuelva a casa. La joven no entiende por qu\u00e9, pero el caso es que ha dado resultado: se quedar\u00e1 a salvo en La Promesa, tal y como quer\u00eda Lope, aunque sea a cambio de despedirse de Federico, su hermano, que ha hecho las maletas para irse del palacio. Al menos, durante un tiempo. \u201cFederico va a volver antes o despu\u00e9s\u201d, ha manifestado convencido Pepe Nufrio, el actor que interpreta a Federico, en declaraciones a la <a href=\"https:\/\/www.rtve.es\/television\/20251008\/pepe-nufrio-despide-promesa-entrevista\/16762429.shtml\" target=\"_blank\" data-mrf-recirculation=\"links-noticia\" class=\"link\" rel=\"nofollow noopener\">web de RTVE<\/a>.\n    <\/p>\n<p class=\"article-text\">\n        \u201cCreo que <strong>los personajes te eligen<\/strong>. A lo mejor te llega uno con el que piensas que no tienes nada en com\u00fan, pero luego descubres que s\u00ed tienes similitudes con \u00e9l. Yo no creo que sea como Federico porque <strong>\u00e9l es un poco capullo<\/strong> y yo no creo que sea un capullo, pero \u00e9l tiene un buen fondo y yo creo que tambi\u00e9n. Tiene coraz\u00f3n, quiere mucho a su familia y est\u00e1 dispuesto a hacer todo por ellos. Y yo har\u00eda lo mismo\u201d, asegura Nufrio sobre su personaje en La Promesa, serie que ya estaba \u201cestablecida y con sus fans\u201d cuando \u00e9l se incorpor\u00f3 a ella, de ah\u00ed que se marcara como \u00fanico objetivo disfrutar de la experiencia: \u201cQuer\u00eda transmitir esa felicidad y ese buen rollo.\u00a0Disfrutar como actor y que la gente <strong>disfrutara de mi personaje<\/strong>\u201d.\n    <\/p>\n<p>    &#8216;Valle Salvaje&#8217; dice adi\u00f3s a una de sus villanas<\/p>\n<p class=\"article-text\">\n        Tambi\u00e9n ha disfrutado, y mucho, Cristina Abad, la actriz encargada de interpretar a <strong>\u00darsula Salcedo de la Cruz<\/strong> en <strong>Valle Salvaje<\/strong>. Su personaje fue detenido en el cap\u00edtulo de este mi\u00e9rcoles tras descubrirse que estaba detr\u00e1s del asesinato de <strong>Julio G\u00e1lvez de Aguirre. <\/strong>\u201cEsto es un ultraje. A esta criada se le ha ido la cabeza, es a ella a quien deber\u00edan detener\u201d, dijo en alusi\u00f3n a Ana, la doncella, que fue quien la delat\u00f3 ante la Santa Hermandad. Pese a sus intentos por escabullirse, \u00darsula se fue esposada y entre l\u00e1grimas para ser <strong>\u201cjuzgada y castigada\u201d<\/strong> por sus actos.\n    <\/p>\n<p>    <a href=\"https:\/\/www.eldiario.es\/vertele\/noticias\/intxaurrondo-revivio-entrevistas-feijoo-rtve-ayuso-telemadrid-responder-si-le-costo-puesto_1_12669413.html\" data-mrf-recirculation=\"saber-mas-abajo\" data-dl-event=\"saber-mas-abajo\" rel=\"nofollow noopener\" target=\"_blank\"><\/p>\n<p class=\"know-more__title\">Intxaurrondo revivi\u00f3 sus entrevistas a Feij\u00f3o en RTVE y a Ayuso en Telemadrid, sin responder a si le cost\u00f3 el puesto\n<\/p>\n<p>            <img decoding=\"async\" class=\"lazy\" loading=\"lazy\" data-src=\"https:\/\/static.eldiario.es\/clip\/a3d830ef-848f-4d5b-820e-7b86663388cf_16-9-aspect-ratio_default_0.jpg\" src=\"data:image\/svg+xml,%3Csvg xmlns=\" http:=\"\" viewbox=\"0 0 880 495\" alt=\"Intxaurrondo revivi\u00f3 sus entrevistas a Feij\u00f3o en RTVE y a Ayuso en Telemadrid, sin responder a si le cost\u00f3 el puesto\"\/><\/p>\n<p>                        <\/a><\/p>\n<p class=\"article-text\">\n        \u201cMe despido de Valle Salvaje\u00a0y me da mucha pena porque en estos meses he estado rodeada de personas que me han querido mucho desde el primer momento, me han acogido, y me da mucha pena dejar esta familia. Me hubiese encantado hacer m\u00e1s maldades, aunque la gente me odie, pero\u00a0he disfrutado mucho de \u00darsula\u201d, asegura Abad sobre su personaje en la serie diaria de La 1. \u201cAl final, volver a trabajar en lo que te gusta, te llena. Ha sido muy cansado, pero a\u00fan as\u00ed\u00a0ha merecido la pena\u201d, a\u00f1ade la int\u00e9rprete, que se despide con un curioso mensaje para los fans: \u201c<strong>Muchas gracias por odiar a \u00darsula<\/strong>,\u00a0eso me transmite que\u00a0he hecho muy bien mi trabajo\u201d\n    <\/p>\n","protected":false},"excerpt":{"rendered":"Aviso, spoilers: esta noticia desvela parte de lo ocurrido en los \u00faltimos cap\u00edtulos de &#8216;La Promesa&#8217; y &#8216;Valle&hellip;\n","protected":false},"author":2,"featured_media":165271,"comment_status":"","ping_status":"","sticky":false,"template":"","format":"standard","meta":{"footnotes":""},"categories":[171],"tags":[1014,17018,146,147,25,24,2837,11031,48659,11250,23,214,27808],"class_list":{"0":"post-165270","1":"post","2":"type-post","3":"status-publish","4":"format-standard","5":"has-post-thumbnail","7":"category-tv","8":"tag-actores","9":"tag-despiden","10":"tag-entertainment","11":"tag-entretenimiento","12":"tag-es","13":"tag-espana","14":"tag-gracias","15":"tag-la-promesa","16":"tag-odiar","17":"tag-personaje","18":"tag-spain","19":"tag-tv","20":"tag-valle-salvaje"},"share_on_mastodon":{"url":"","error":""},"_links":{"self":[{"href":"https:\/\/www.europesays.com\/es\/wp-json\/wp\/v2\/posts\/165270","targetHints":{"allow":["GET"]}}],"collection":[{"href":"https:\/\/www.europesays.com\/es\/wp-json\/wp\/v2\/posts"}],"about":[{"href":"https:\/\/www.europesays.com\/es\/wp-json\/wp\/v2\/types\/post"}],"author":[{"embeddable":true,"href":"https:\/\/www.europesays.com\/es\/wp-json\/wp\/v2\/users\/2"}],"replies":[{"embeddable":true,"href":"https:\/\/www.europesays.com\/es\/wp-json\/wp\/v2\/comments?post=165270"}],"version-history":[{"count":0,"href":"https:\/\/www.europesays.com\/es\/wp-json\/wp\/v2\/posts\/165270\/revisions"}],"wp:featuredmedia":[{"embeddable":true,"href":"https:\/\/www.europesays.com\/es\/wp-json\/wp\/v2\/media\/165271"}],"wp:attachment":[{"href":"https:\/\/www.europesays.com\/es\/wp-json\/wp\/v2\/media?parent=165270"}],"wp:term":[{"taxonomy":"category","embeddable":true,"href":"https:\/\/www.europesays.com\/es\/wp-json\/wp\/v2\/categories?post=165270"},{"taxonomy":"post_tag","embeddable":true,"href":"https:\/\/www.europesays.com\/es\/wp-json\/wp\/v2\/tags?post=165270"}],"curies":[{"name":"wp","href":"https:\/\/api.w.org\/{rel}","templated":true}]}}