{"id":165272,"date":"2025-10-09T14:27:09","date_gmt":"2025-10-09T14:27:09","guid":{"rendered":"https:\/\/www.europesays.com\/es\/165272\/"},"modified":"2025-10-09T14:27:09","modified_gmt":"2025-10-09T14:27:09","slug":"lo-unico-que-necesito-sanar-es","status":"publish","type":"post","link":"https:\/\/www.europesays.com\/es\/165272\/","title":{"rendered":"\u00abLo \u00fanico que necesito sanar es&#8230;\u00bb"},"content":{"rendered":"<p style=\"\">A pocos d\u00edas de darse a conocer que<strong> Justin Bieber<\/strong> (31 a\u00f1os) volver\u00eda a los escenario para el festival Coachella 2026, que se celebrar\u00e1 en abril del pr\u00f3ximo a\u00f1o, su madre, <strong>Pattie Mallete<\/strong>, lanz\u00f3 un mensaje a sus redes sociales que hizo  &#8230; saltar todas las alarmas. <a href=\"https:\/\/www.abc.es\/gente\/justin-bieber-paseo-calzoncillos-montado-patinete-sube-20250911054139-nt.html\" target=\"_self\" data-voc-vtm-id=\"in-text-traffic\" title=\"\u00abEstamos anim\u00e1ndote y orando por ti siempre, Justin\u00bb\" data-mrf-link=\"www.abc.es\" rel=\"nofollow noopener\">\u00abEstamos anim\u00e1ndote y orando por ti siempre, Justin\u00bb<\/a>, escrib\u00eda en sus redes sociales.<\/p>\n<p class=\"voc-p\" style=\"\">Si bien algunos pensaron que se trataba de una posible reca\u00edda del artista, otros resaltaron que solo se trataba de un mensaje conmovedor de su madre. \u00abDeclaro libertad, fortaleza, claridad y sanaci\u00f3n sobre ti, Justin. Que toda cadena de miedo, confusi\u00f3n, pesadez y dolor sea rota en el nombre de Jes\u00fas\u00bb, escribi\u00f3 Pattie en su cuenta de Instagram, acompa\u00f1ando la publicaci\u00f3n de un carrusel de fotograf\u00edas del int\u00e9rprete, donde luc\u00eda una camiseta con la frase &#8216;Pray for me&#8217; (&#8216;Recen por m\u00ed&#8217;).<\/p>\n<p class=\"voc-p\" style=\"\">\u00abEsp\u00edritu santo, rod\u00e9alo con verdad, luz y protecci\u00f3n. Sana cada herida en su coraz\u00f3n, mente y cuerpo, visible e invisible, restaura lo que le ha sido robado y c\u00fabrelo con plenitud. Ll\u00e9nalo hasta desbordarlo con tu amor y tu consolaci\u00f3n. Sigue levant\u00e1ndolo como una voz para tu reino, inquebrantable y ardiente por ti, se\u00f1or. <a href=\"https:\/\/www.abc.es\/gente\/justin-bieber-paseo-calzoncillos-montado-patinete-sube-20250911054139-nt.html\" target=\"_self\" data-voc-vtm-id=\"in-text-traffic\" title=\"Silencia toda voz que no provenga de ti\" data-mrf-link=\"www.abc.es\" rel=\"nofollow noopener\">Silencia toda voz que no provenga de ti<\/a>, y deja que su vida sea un testimonio audaz de tu poder, amor y gracia sanadora. Di am\u00e9n si est\u00e1s de acuerdo\u00bb, continu\u00f3 Mallete.<\/p>\n<p><img decoding=\"async\" loading=\"lazy\" src=\"https:\/\/www.europesays.com\/es\/wp-content\/uploads\/2025\/10\/pattie-U42473050245RdK-760x550@diario_abc.jpg\" class=\"voc-img\" width=\"760\" height=\"550\" alt=\"La ir\u00f3nica respuesta de Justin Bieber a su madre tras pedir que recen por \u00e9l: \u00abLo \u00fanico que necesito sanar es...\u00bb\" data-voc-vtm-id=\"in-text-traffic\"\/><\/p>\n<p>rrss<\/p>\n<p class=\"voc-p\" style=\"\">Ahora, dos semanas despu\u00e9s de que este mensaje<a href=\"https:\/\/www.abc.es\/gente\/justin-bieber-paseo-calzoncillos-montado-patinete-sube-20250911054139-nt.html\" target=\"_self\" data-voc-vtm-id=\"in-text-traffic\" title=\" hiciese saltar todas las alarmas\" data-mrf-link=\"www.abc.es\" rel=\"nofollow noopener\"> hiciese saltar todas las alarmas<\/a> entre los fans del cantante, ha sido el propio Justin el que ha aclarado la situaci\u00f3n. \u00abLo \u00fanico que necesito sanar es mi dedo me\u00f1ique del pie torcido por jugar ping pong\u00bb, ha dicho con cierto tono ir\u00f3nico.<\/p>\n<p class=\"voc-p\" style=\"\">Todav\u00eda no ha quedado claro a qu\u00e9 se refer\u00eda Mallette cuando comparti\u00f3 la oraci\u00f3n p\u00fablica por su hijo. Aunque tan solo dos d\u00edas antes de su publicaci\u00f3n, su hijo tambi\u00e9n escribi\u00f3 un texto en redes sociales en el que explic\u00f3 c\u00f3mo su fe lo ayudaba a gestionar la fama. \u00abJes\u00fas ense\u00f1a que nuestro esfuerzo es simplemente una respuesta a la vida y al perd\u00f3n que se nos otorgan. Jes\u00fas se convierte en el premio. Y el crecimiento se convierte en algo que deseamos debido a la gracia que hemos recibido\u00bb, dijo. <\/p>\n","protected":false},"excerpt":{"rendered":"A pocos d\u00edas de darse a conocer que Justin Bieber (31 a\u00f1os) volver\u00eda a los escenario para el&hellip;\n","protected":false},"author":2,"featured_media":165273,"comment_status":"","ping_status":"","sticky":false,"template":"","format":"standard","meta":{"footnotes":""},"categories":[170],"tags":[48660,146,147,25,24,39052,7914,3354,184,185,26828,10803,48661,8013,48662,23,575,1900],"class_list":{"0":"post-165272","1":"post","2":"type-post","3":"status-publish","4":"format-standard","5":"has-post-thumbnail","7":"category-musica","8":"tag-bieber","9":"tag-entertainment","10":"tag-entretenimiento","11":"tag-es","12":"tag-espana","13":"tag-ironica","14":"tag-justin","15":"tag-madre","16":"tag-music","17":"tag-musica","18":"tag-necesito","19":"tag-pedir","20":"tag-recen","21":"tag-respuesta","22":"tag-sanar","23":"tag-spain","24":"tag-tras","25":"tag-unico"},"share_on_mastodon":{"url":"","error":""},"_links":{"self":[{"href":"https:\/\/www.europesays.com\/es\/wp-json\/wp\/v2\/posts\/165272","targetHints":{"allow":["GET"]}}],"collection":[{"href":"https:\/\/www.europesays.com\/es\/wp-json\/wp\/v2\/posts"}],"about":[{"href":"https:\/\/www.europesays.com\/es\/wp-json\/wp\/v2\/types\/post"}],"author":[{"embeddable":true,"href":"https:\/\/www.europesays.com\/es\/wp-json\/wp\/v2\/users\/2"}],"replies":[{"embeddable":true,"href":"https:\/\/www.europesays.com\/es\/wp-json\/wp\/v2\/comments?post=165272"}],"version-history":[{"count":0,"href":"https:\/\/www.europesays.com\/es\/wp-json\/wp\/v2\/posts\/165272\/revisions"}],"wp:featuredmedia":[{"embeddable":true,"href":"https:\/\/www.europesays.com\/es\/wp-json\/wp\/v2\/media\/165273"}],"wp:attachment":[{"href":"https:\/\/www.europesays.com\/es\/wp-json\/wp\/v2\/media?parent=165272"}],"wp:term":[{"taxonomy":"category","embeddable":true,"href":"https:\/\/www.europesays.com\/es\/wp-json\/wp\/v2\/categories?post=165272"},{"taxonomy":"post_tag","embeddable":true,"href":"https:\/\/www.europesays.com\/es\/wp-json\/wp\/v2\/tags?post=165272"}],"curies":[{"name":"wp","href":"https:\/\/api.w.org\/{rel}","templated":true}]}}