{"id":165276,"date":"2025-10-09T14:30:09","date_gmt":"2025-10-09T14:30:09","guid":{"rendered":"https:\/\/www.europesays.com\/es\/165276\/"},"modified":"2025-10-09T14:30:09","modified_gmt":"2025-10-09T14:30:09","slug":"ix-congreso-fede-2025-somos-pacientes","status":"publish","type":"post","link":"https:\/\/www.europesays.com\/es\/165276\/","title":{"rendered":"IX Congreso FEDE 2025 | Somos Pacientes"},"content":{"rendered":"<p>Bajo el lema \u201cFormaci\u00f3n, bienestar y calidad de vida\u201d, el<a href=\"https:\/\/youtube.com\/live\/t4D4PPQPcIk\" title=\" IX Congreso de la Federaci\u00f3n Espa\u00f1ola de Diabetes (FEDE)\" rel=\"nofollow noopener\" target=\"_blank\"> <strong>IX Congreso de la Federaci\u00f3n Espa\u00f1ola de Diabetes (FEDE)<\/strong><\/a> ha reunido este fin de semana en Barcelona a representantes de pacientes con diabetes de todas partes de Espa\u00f1a, as\u00ed como familiares, profesionales sanitarios, miembros de la Administraci\u00f3n P\u00fablica y expertos en tecnolog\u00eda sanitaria. En total, la organizaci\u00f3n ha contabilizado 300 asistentes en un evento que ha puesto sobre la mesa las principales necesidades del colectivo:<strong> la equidad territorial en acceso a tratamientos y material asistencial, la ampliaci\u00f3n de acceso a tecnolog\u00eda para la diabetes o la regulaci\u00f3n urgente de las asociaciones de pacientes<\/strong>.<\/p>\n<p>Sin duda uno de los ejes del congreso de la Federaci\u00f3n Espa\u00f1ola de Diabetes (FEDE) es la <strong>educaci\u00f3n terap\u00e9utica en diabetes,<\/strong> pilar del empoderamiento y capacitaci\u00f3n de las personas con diabetes. Es por esto por lo que gran parte de la programaci\u00f3n del evento, presentado este a\u00f1o por la periodista y vocal de la Asociaci\u00f3n Valenciana de Diabetes Ana Tormos, consiste en talleres de formaci\u00f3n pr\u00e1ctica. Estos talleres han tocado tem\u00e1ticas tan variadas como los usos de la Inteligencia Artificial en diabetes, los cuidados del pie diab\u00e9tico, las diferentes complicaciones cardiovasculares, renales y oculares de la patolog\u00eda o las necesidades psicol\u00f3gicas y de acompa\u00f1amiento de las personas con diabetes y sus familias.<\/p>\n<p>Antonio Lavado, presidente de FEDE, ha destacado en su discurso de apertura la importancia del papel de la federaci\u00f3n como interlocutor con la Administraci\u00f3n P\u00fablica, especialmente ahora que la entidad ha sido nombrada miembro del grupo asesor ministerial para la elaboraci\u00f3n de la futura ley de organizaciones de pacientes. \u201cFEDE se ha consolidado como la federaci\u00f3n de mayor envergadura en el \u00e1mbito de las patolog\u00edas cr\u00f3nicas en Espa\u00f1a; una dimensi\u00f3n que nos otorga una responsabilidad institucional y una capacidad de representaci\u00f3n que debemos ejercer con rigor y compromiso\u201d, recalcaba el presidente.<\/p>\n<p>El IX Congreso Nacional de la Federaci\u00f3n Espa\u00f1ola de Diabetes (FEDE) ha contado con el aval de la Sociedad Espa\u00f1ola de Diabetes (SED) el Consejo General de Colegios Oficiales de Pod\u00f3logos de Espa\u00f1a (CGCOP), la Sociedad Espa\u00f1ola para el Estudio de la Obesidad (SEEDO), la Sociedad Espa\u00f1ola de Endocrinolog\u00eda y Nutrici\u00f3n (SEEN), la Sociedad Espa\u00f1ola de Medicina General (SEMG), la Fundaci\u00f3n de la Sociedad Espa\u00f1ola de Endocrinolog\u00eda Pedi\u00e1trica (FSEEP) y la Sociedad Espa\u00f1ola de M\u00e9dicos de Atenci\u00f3n Primaria (SEMERGEN). Adem\u00e1s, ha contado con el patrocinio de las compa\u00f1\u00edas Abbott, Novo Nordisk, Dexcom, Roche, Lilly, Boehringer Ingelheim, Sanofi, Menarini Diagnostics, Medtronic, Bayer, Servier, Natruly, Gr\u00fcnenthal, Ascensia, Novalab, AstraZeneca, Pic Solutions y la Fundaci\u00f3n la Caixa.<\/p>\n<p><a href=\"https:\/\/www.somospacientes.com\/wp-content\/uploads\/2025\/10\/FD-033-scaled.jpg\" rel=\"nofollow noopener\" target=\"_blank\"><img fetchpriority=\"high\" decoding=\"async\" width=\"1024\" height=\"683\" src=\"https:\/\/www.europesays.com\/es\/wp-content\/uploads\/2025\/10\/FD-033-1024x683.jpg\" alt=\"\" class=\"wp-image-171017\"  \/><\/a><\/p>\n<p>Debates por y para el paciente<\/p>\n<p>Adem\u00e1s, el evento ha contado con dos mesas de debate en las que han participado los expertos Diego Ayuso, secretario general del Consejo General de Enfermer\u00eda (CGE); el Dr. Antonio P\u00e9rez, presidente de la Fundaci\u00f3n de la Sociedad Espa\u00f1ola de Diabetes (FSED); Juli\u00e1n Antonio Gonz\u00e1lez, presidente de la Federaci\u00f3n de Asociaciones de Diabetes de Canarias (FADICAN); Pedro Carrascal, director general de la Plataforma de Organizaciones de Pacientes (POP); Mar\u00eda Fuensanta G\u00f3mez, enfermera educadora en diabetes; Pedro Nov\u00e1s, consultor y docente experto en salud e innovaci\u00f3n y David Torices, Vicepresidente de la Asociaci\u00f3n de Diab\u00e9ticos de Melilla (ADIMEL).<\/p>\n<p>Finalmente, el evento ha incluido programaci\u00f3n centrada en desarrollo e innovaci\u00f3n, con un simposio a cargo del Dr. Antonio P\u00e9rez y una conferencia final a cargo del Dr. Roque Cardona, endocrino pediatra en el Hospital Sant Joan de D\u00e9u y representante de la Sociedad Espa\u00f1ola de Endocrinolog\u00eda Pedi\u00e1trica (SEEP).<\/p>\n<p>Como broche final del congreso, la Federaci\u00f3n Espa\u00f1ola de Diabetes ha entregado loa premios FEDE, que celebraban este a\u00f1o su onceava edici\u00f3n, y con los que la entidad premia iniciativas de entidades de pacientes miembro de FEDE, as\u00ed como a personas individuales por su trabajo y su compromiso con la calidad de vida de las personas con diabetes. En este caso, se han otorgado tres premios a entidades de pacientes:<\/p>\n<ul class=\"wp-block-list\">\n<li><strong>Asociaci\u00f3n Navarra de Diabetes (ANADI)<\/strong> por el programa CONECTA2, una APP destinada a mejorar el manejo de la diabetes tipo 2.<\/li>\n<li><strong>Asociaci\u00f3n Diabetes Madrid Sur (ADMS)<\/strong> por el proyecto GLUCO-PASS, un sistema de dosificaci\u00f3n de medicamentos para personas con diabetes.<\/li>\n<li><strong>Asociaci\u00f3n de Diabetes de Elche (ADEC)<\/strong> por el proyecto \u201cDiabetes: Un enfoque integral\u201d, que acerca la educaci\u00f3n terap\u00e9utica en diabetes tipo 2 a colectivos vulnerables.<\/li>\n<\/ul>\n<p>Adem\u00e1s, la Junta Directiva de FEDE ha entregado tres premios honor\u00edficos a personas individuales por su trabajo y compromiso con el colectivo de personas con diabetes:<\/p>\n<ul class=\"wp-block-list\">\n<li>Reconocimiento a la investigaci\u00f3n en diabetes para el <strong>Dr. Luis Casta\u00f1o,<\/strong> endocrino pediatra e investigador en diabetes.<\/li>\n<li>Reconocimiento Honor\u00edfico para el <strong>Dr. Antonio P\u00e9rez,<\/strong> presidente de la Fundaci\u00f3n de la Sociedad Espa\u00f1ola de Diabetes (FSED)<\/li>\n<li>Reconocimiento Honor\u00edfico para <strong>\u00c1ngeles \u00c1lvarez Hermida<\/strong>, enfermera especialista familiar y comunitaria.<\/li>\n<\/ul>\n<p><a href=\"https:\/\/www.somospacientes.com\/wp-content\/uploads\/2025\/10\/FD-151-scaled.jpg\" rel=\"nofollow noopener\" target=\"_blank\"><img loading=\"lazy\" decoding=\"async\" width=\"1024\" height=\"770\" src=\"https:\/\/www.europesays.com\/es\/wp-content\/uploads\/2025\/10\/FD-151-1024x770.jpg\" alt=\"\" class=\"wp-image-171018\"  \/><\/a><\/p>\n","protected":false},"excerpt":{"rendered":"Bajo el lema \u201cFormaci\u00f3n, bienestar y calidad de vida\u201d, el IX Congreso de la Federaci\u00f3n Espa\u00f1ola de Diabetes&hellip;\n","protected":false},"author":2,"featured_media":165277,"comment_status":"","ping_status":"","sticky":false,"template":"","format":"standard","meta":{"footnotes":""},"categories":[92],"tags":[5738,5739,25,24,165,166,23],"class_list":{"0":"post-165276","1":"post","2":"type-post","3":"status-publish","4":"format-standard","5":"has-post-thumbnail","7":"category-salud","8":"tag-al-dia","9":"tag-asociaciones-de-pacientes","10":"tag-es","11":"tag-espana","12":"tag-health","13":"tag-salud","14":"tag-spain"},"share_on_mastodon":{"url":"","error":""},"_links":{"self":[{"href":"https:\/\/www.europesays.com\/es\/wp-json\/wp\/v2\/posts\/165276","targetHints":{"allow":["GET"]}}],"collection":[{"href":"https:\/\/www.europesays.com\/es\/wp-json\/wp\/v2\/posts"}],"about":[{"href":"https:\/\/www.europesays.com\/es\/wp-json\/wp\/v2\/types\/post"}],"author":[{"embeddable":true,"href":"https:\/\/www.europesays.com\/es\/wp-json\/wp\/v2\/users\/2"}],"replies":[{"embeddable":true,"href":"https:\/\/www.europesays.com\/es\/wp-json\/wp\/v2\/comments?post=165276"}],"version-history":[{"count":0,"href":"https:\/\/www.europesays.com\/es\/wp-json\/wp\/v2\/posts\/165276\/revisions"}],"wp:featuredmedia":[{"embeddable":true,"href":"https:\/\/www.europesays.com\/es\/wp-json\/wp\/v2\/media\/165277"}],"wp:attachment":[{"href":"https:\/\/www.europesays.com\/es\/wp-json\/wp\/v2\/media?parent=165276"}],"wp:term":[{"taxonomy":"category","embeddable":true,"href":"https:\/\/www.europesays.com\/es\/wp-json\/wp\/v2\/categories?post=165276"},{"taxonomy":"post_tag","embeddable":true,"href":"https:\/\/www.europesays.com\/es\/wp-json\/wp\/v2\/tags?post=165276"}],"curies":[{"name":"wp","href":"https:\/\/api.w.org\/{rel}","templated":true}]}}