{"id":165292,"date":"2025-10-09T14:38:08","date_gmt":"2025-10-09T14:38:08","guid":{"rendered":"https:\/\/www.europesays.com\/es\/165292\/"},"modified":"2025-10-09T14:38:08","modified_gmt":"2025-10-09T14:38:08","slug":"morante-se-cae-de-zaragoza-el-pilar-se-descalabra","status":"publish","type":"post","link":"https:\/\/www.europesays.com\/es\/165292\/","title":{"rendered":"Morante se cae de Zaragoza: el Pilar se descalabra"},"content":{"rendered":"<p>09\/10\/2025<br \/>\n<br \/><strong><br \/>\nActualizado a las 16:34h.<br \/>\n<\/strong><\/p>\n<p class=\"voc-p\" style=\"\">La Feria del <a href=\"https:\/\/www.abc.es\/cultura\/toros\/novillada-zaragoza-20251007133952-nt.html\" target=\"_self\" data-voc-vtm-id=\"in-text-traffic\" title=\"Pilar\" rel=\"nofollow noopener\">Pilar<\/a> ha quedado totalmente descalabrada. Sus dos carteles estrella con Morante de la Puebla y Roca Rey como m\u00e1ximos protagonistas y con las entradas agotadas, se han roto totalmente y han supuesto una situaci\u00f3n de desaz\u00f3n y <a href=\"https:\/\/www.abc.es\/cultura\/toros\/miercoles-toros-zaragoza-20251008170143-nt.html\" target=\"_self\" data-voc-vtm-id=\"in-text-traffic\" title=\"decepci\u00f3n\" rel=\"nofollow noopener\">decepci\u00f3n<\/a> entre los  &#8230; aficionados que no entienden los porqu\u00e9s, no se sabe si de \u00faltima hora o ya previsto de antemano.<\/p>\n<p class=\"voc-p\" style=\"\">El doble compromiso de Morante el d\u00eda 12 en Madrid, festival homenaje a Anto\u00f1ete por la ma\u00f1ana y corrida vespertina, puede haber influido en la decisi\u00f3n de no acudir a una plaza como la de <a href=\"https:\/\/www.abc.es\/cultura\/toros\/mene-responde-izquierda-expectacion-despertada-paisanos-20251004214316-nt.html\" target=\"_self\" data-voc-vtm-id=\"in-text-traffic\" title=\"Zaragoza\" rel=\"nofollow noopener\">Zaragoza<\/a> y dejar a una afici\u00f3n en una situaci\u00f3n de indefensi\u00f3n.<\/p>\n<p class=\"voc-p\" style=\"\">Es cierto que Morante sufri\u00f3 una voltereta la pasada semana, tambi\u00e9n que al d\u00eda siguiente tore\u00f3 sin problemas en Zafra. Ten\u00eda la cita de una plaza de primera en Zaragoza, que ha decidido saltarse.<\/p>\n<p class=\"voc-p\" style=\"\">A media ma\u00f1ana lo confirmaba &#8216;Heraldo de Aragon&#8217; en un bolet\u00edn de urgencia. Los peores augurios se confirmaron y el sevillano huye de un coso de primera categor\u00eda y de una afici\u00f3n volcada con \u00e9l desde hac\u00eda meses, en cuanto en el mes de agosto se anunci\u00f3 su presencia en la Misericordia.<\/p>\n<p class=\"voc-p\" style=\"\">Se suma la ca\u00edda de Morante a la de Roca Rey para el d\u00eda 11, que ser\u00e1 cubierta por Daniel Luque, en un cartel totalmente roto. Estaba anunciado para el 10 de octubre Manzanares y la alternativa del aragon\u00e9s Cristiano Torres. A estas horas, no se sabe c\u00f3mo la empresa de Carlos Z\u00fa\u00f1iga va a resolver la situaci\u00f3n. vergonzante silencio en torno a una feria de primera categor\u00eda.<\/p>\n<p><img loading=\"lazy\" decoding=\"async\" width=\"530\" height=\"64\" class=\"logo-premium\" src=\"data:image\/gif;base64,R0lGODlhAQABAAAAACH5BAEKAAEALAAAAAABAAEAAAICTAEAOw==\" alt=\"ABC Premium\"\/><br \/>\nL\u00edmite de sesiones alcanzadas<\/p>\n<ul class=\"listado\">\n<li>El acceso al contenido Premium est\u00e1 abierto por cortes\u00eda del establecimiento donde te encuentras, pero ahora mismo hay demasiados usuarios conectados a la vez. Por favor, int\u00e9ntalo pasados unos minutos.<\/li>\n<\/ul>\n<p>Volver a intentar<\/p>\n<p><img loading=\"lazy\" decoding=\"async\" width=\"530\" height=\"64\" class=\"logo-premium\" src=\"data:image\/gif;base64,R0lGODlhAQABAAAAACH5BAEKAAEALAAAAAABAAEAAAICTAEAOw==\" alt=\"ABC Premium\"\/><br \/>\nHas superado el l\u00edmite de sesiones<\/p>\n<ul class=\"listado\">\n<li>S\u00f3lo puedes tener tres sesiones iniciadas a la vez. Hemos cerrado la sesi\u00f3n m\u00e1s antigua para que sigas navegando sin l\u00edmites en el resto.<\/li>\n<\/ul>\n<p>Sigue navegando<\/p>\n<p>\nArt\u00edculo solo para suscriptores\n<\/p>\n<p>Reportar un error<\/p>\n","protected":false},"excerpt":{"rendered":"09\/10\/2025 Actualizado a las 16:34h. La Feria del Pilar ha quedado totalmente descalabrada. Sus dos carteles estrella con&hellip;\n","protected":false},"author":2,"featured_media":165293,"comment_status":"","ping_status":"","sticky":false,"template":"","format":"standard","meta":{"footnotes":""},"categories":[277],"tags":[373,10722,168,48668,25,24,780,8669,23,167,374,491],"class_list":{"0":"post-165292","1":"post","2":"type-post","3":"status-publish","4":"format-standard","5":"has-post-thumbnail","7":"category-toreo","8":"tag-bullfighting","9":"tag-cae","10":"tag-deportes","11":"tag-descalabra","12":"tag-es","13":"tag-espana","14":"tag-morante","15":"tag-pilar","16":"tag-spain","17":"tag-sports","18":"tag-toreo","19":"tag-zaragoza"},"share_on_mastodon":{"url":"","error":""},"_links":{"self":[{"href":"https:\/\/www.europesays.com\/es\/wp-json\/wp\/v2\/posts\/165292","targetHints":{"allow":["GET"]}}],"collection":[{"href":"https:\/\/www.europesays.com\/es\/wp-json\/wp\/v2\/posts"}],"about":[{"href":"https:\/\/www.europesays.com\/es\/wp-json\/wp\/v2\/types\/post"}],"author":[{"embeddable":true,"href":"https:\/\/www.europesays.com\/es\/wp-json\/wp\/v2\/users\/2"}],"replies":[{"embeddable":true,"href":"https:\/\/www.europesays.com\/es\/wp-json\/wp\/v2\/comments?post=165292"}],"version-history":[{"count":0,"href":"https:\/\/www.europesays.com\/es\/wp-json\/wp\/v2\/posts\/165292\/revisions"}],"wp:featuredmedia":[{"embeddable":true,"href":"https:\/\/www.europesays.com\/es\/wp-json\/wp\/v2\/media\/165293"}],"wp:attachment":[{"href":"https:\/\/www.europesays.com\/es\/wp-json\/wp\/v2\/media?parent=165292"}],"wp:term":[{"taxonomy":"category","embeddable":true,"href":"https:\/\/www.europesays.com\/es\/wp-json\/wp\/v2\/categories?post=165292"},{"taxonomy":"post_tag","embeddable":true,"href":"https:\/\/www.europesays.com\/es\/wp-json\/wp\/v2\/tags?post=165292"}],"curies":[{"name":"wp","href":"https:\/\/api.w.org\/{rel}","templated":true}]}}