{"id":165298,"date":"2025-10-09T14:48:13","date_gmt":"2025-10-09T14:48:13","guid":{"rendered":"https:\/\/www.europesays.com\/es\/165298\/"},"modified":"2025-10-09T14:48:13","modified_gmt":"2025-10-09T14:48:13","slug":"enzo-vogrincic-sobre-la-muerte-del-personaje-no-me-presento-como-escritor-ni-voy-a-empezar-a-escribir-libros","status":"publish","type":"post","link":"https:\/\/www.europesays.com\/es\/165298\/","title":{"rendered":"Enzo Vogrincic sobre \u2018La muerte del personaje\u2019: \u201cNo me presento como escritor ni voy a empezar a escribir libros\u201d"},"content":{"rendered":"<p>Lo primero que hace Enzo Vogrincic cuando nos sentamos a diseccionar <strong>su nuevo libro, <a data-offer-url=\"https:\/\/www.planetadelibros.com\/libro-la-muerte-del-personaje\/423004\" class=\"external-link\" data-event-click=\"{&quot;element&quot;:&quot;ExternalLink&quot;,&quot;outgoingURL&quot;:&quot;https:\/\/www.planetadelibros.com\/libro-la-muerte-del-personaje\/423004&quot;}\" href=\"https:\/\/www.planetadelibros.com\/libro-la-muerte-del-personaje\/423004\" rel=\"nofollow noopener\" target=\"_blank\">La muerte del personaje<\/a><\/strong>, es quitar la faja editorial que lo envuelve y en la que aparece su fotograf\u00eda. Parece algo sin importancia, pero es un gesto que define con aguda precisi\u00f3n lo que pretende transmitir en este proyecto. Esa intenci\u00f3n t\u00edmida de anonimato contin\u00faa en una portada sobria junto a un t\u00edtulo que <strong>juega entre la \u2018muerte\u2019 y la \u2018suerte\u2019, entre el personaje y la ausencia del mismo<\/strong>. Si su nombre no apareciese justo debajo y no perteneciese a uno de los actores m\u00e1s conocidos del cine, este libro ser\u00eda <strong>una carta de amor a la actuaci\u00f3n<\/strong>, un ensayo sobre los procesos creativos y un ejercicio cat\u00e1rtico de autoconocimiento. Y eso es justamente lo que es.<\/p>\n<p><img decoding=\"async\" alt=\"Portada del libro 'La muerte del personaje' de Enzo Vogrincic\" loading=\"lazy\" class=\"ResponsiveImageContainer-eNxvmU cfBbTk responsive-image__image\"   src=\"https:\/\/www.europesays.com\/es\/wp-content\/uploads\/2025\/10\/la%20muerte%20del%20personaje_portada.jpg\"\/><\/p>\n<p>Portada de &#8216;La muerte del personaje&#8217;, de Enzo Vogrincic.<\/p>\n<p>Libros C\u00fapula \/ Planeta<\/p>\n<p>\u201cSi alguien se centra en la curiosidad por la persona, creo que se va a perder gran parte del libro\u201d, contesta ante el temor de que los lectores puedan pensar que lo conocen tras esas casi 400 p\u00e1ginas. Y acepta el riesgo de que eso pase, incluso siendo lo contrario al objetivo art\u00edstico, porque La muerte del personaje tambi\u00e9n <strong>tiene algo de autobiograf\u00eda, sin llegar a serlo<\/strong>: \u201cLo que intento ac\u00e1 es tomar a la persona como el foco, pero es una excusa y un tipo de vida, de la \u00fanica vida de la que yo puedo hablar, que es la m\u00eda. La tomo como ejemplo para hablar de otras cosas\u201d. Es m\u00e1s, esta obra ni siquiera pretende ser un libro, parad\u00f3jicamente, pero es porque <strong>Enzo tampoco pretende ser un escritor<\/strong>.<\/p>\n<p>A modo de diario, se mezclan sucesos de su infancia con otros de su vida previa como actor antes de que estalle <strong>el momento que nos trae hasta aqu\u00ed y que vertebra la trama: <a href=\"https:\/\/www.traveler.es\/articulos\/la-sociedad-de-la-nieve-pelicula-bayona-andes\" rel=\"nofollow noopener\" target=\"_blank\">La sociedad de la nieve<\/a><\/strong>. Las p\u00e1ginas relatan lo que sucede antes, durante y despu\u00e9s, a veces, como autoayuda para entender c\u00f3mo llega hasta ah\u00ed, otras, como diario de rodaje, y en ocasiones, casi como un desahogo con el que lee. De una u otra forma, todas conforman un repaso necesario de aquello que es <strong>demasiado bueno, demasiado intenso y que sucede demasiado deprisa<\/strong>. La escritura del actor se siente como bajar de las nubes \u2013o de las monta\u00f1as\u2013 y aterrizar, en este caso, en el folio en blanco: <strong>\u201cFue una gran excusa para hablar conmigo mismo\u201d<\/strong>.<\/p>\n<p>Y claro que los fieles seguidores de <a href=\"https:\/\/www.traveler.es\/articulos\/pablo-vierci-el-escritor-que-inspiro-a-bayona-la-sociedad-de-la-nieve\" rel=\"nofollow noopener\" target=\"_blank\">la pel\u00edcula de Bayona<\/a> encontrar\u00e1n aqu\u00ed algunos entresijos del casting, del montaje, de ese trabajo tan misterioso y enigm\u00e1tico que hay detr\u00e1s de lo que se ve en pantalla. En algunos momentos, no se sabe con certeza <strong>si los conocemos a trav\u00e9s de los ojos de Enzo o de Numa Turcatti<\/strong> (su personaje en la pel\u00edcula), y quiz\u00e1s esa sea la \u00fanica manera de llegar a c\u00f3mo le atraves\u00f3 la experiencia y, especialmente, el personaje. Tras el pr\u00f3logo, la primera declaraci\u00f3n de intenciones: <strong>\u201cUno no elige a los personajes, los personajes te eligen a vos\u201d<\/strong>.<\/p>\n<p><img decoding=\"async\" alt=\"Enzo Vogrincic\" loading=\"lazy\" class=\"ResponsiveImageContainer-eNxvmU cfBbTk responsive-image__image\"   src=\"https:\/\/www.europesays.com\/es\/wp-content\/uploads\/2025\/10\/foto%20enzo%20vrogincic%20archivo%20del%20autor.jpg\"\/><\/p>\n<p>\u201cSi alguien se centra en la curiosidad por la persona, creo que se va a perder gran parte del libro\u201d.<\/p>\n<p>Enzo Vogrincic<\/p>\n<p>Sin embargo, en un libro que pretende precisamente matar al personaje, surge la primera duda: \u00bfte quedar\u00e1 algo de \u00e9l? \u201cTodos los personajes quedan en alg\u00fan lugar [\u2026] <strong>De Numa me queda un gran valor por la amistad<\/strong> que yo ten\u00eda, pero no tan presente y, a partir de esto, me he reencontrado con la importancia que tiene en el d\u00eda a d\u00eda\u201d. Y solo hace falta empezar a leer para darse cuenta de que esa amistad tambi\u00e9n es un pilar en el texto, as\u00ed lo siente Enzo cuando desvela a uno de los culpables de esta escritura: <strong>su amigo Felipe, un personaje clave en el libro y una persona clave en su vida<\/strong>. Con \u00e9l corrige, con \u00e9l cambia partes del texto, repasa cap\u00edtulos de su vida, con \u00e9l se sienta a ordenar notas, a eliminar otras, con \u00e9l se va a Bariloche a emprender este nuevo camino creativo y, esta vez, no lo sabemos porque nos lo haya contado, sino porque lo deja escrito. El proceso dentro del propio libro lo convierte en un metalibro quiz\u00e1s y, una vez m\u00e1s, en <strong>un ensayo sobre la creatividad, de d\u00f3nde viene y c\u00f3mo brota<\/strong>.<\/p>\n","protected":false},"excerpt":{"rendered":"Lo primero que hace Enzo Vogrincic cuando nos sentamos a diseccionar su nuevo libro, La muerte del personaje,&hellip;\n","protected":false},"author":2,"featured_media":165299,"comment_status":"","ping_status":"","sticky":false,"template":"","format":"standard","meta":{"footnotes":""},"categories":[172],"tags":[517,224,177,209,146,147,2958,25,24,225,3885,23],"class_list":{"0":"post-165298","1":"post","2":"type-post","3":"status-publish","4":"format-standard","5":"has-post-thumbnail","7":"category-libros","8":"tag-actualidad","9":"tag-books","10":"tag-cine","11":"tag-cultura","12":"tag-entertainment","13":"tag-entretenimiento","14":"tag-entrevistas","15":"tag-es","16":"tag-espana","17":"tag-libros","18":"tag-personajes","19":"tag-spain"},"share_on_mastodon":{"url":"","error":""},"_links":{"self":[{"href":"https:\/\/www.europesays.com\/es\/wp-json\/wp\/v2\/posts\/165298","targetHints":{"allow":["GET"]}}],"collection":[{"href":"https:\/\/www.europesays.com\/es\/wp-json\/wp\/v2\/posts"}],"about":[{"href":"https:\/\/www.europesays.com\/es\/wp-json\/wp\/v2\/types\/post"}],"author":[{"embeddable":true,"href":"https:\/\/www.europesays.com\/es\/wp-json\/wp\/v2\/users\/2"}],"replies":[{"embeddable":true,"href":"https:\/\/www.europesays.com\/es\/wp-json\/wp\/v2\/comments?post=165298"}],"version-history":[{"count":0,"href":"https:\/\/www.europesays.com\/es\/wp-json\/wp\/v2\/posts\/165298\/revisions"}],"wp:featuredmedia":[{"embeddable":true,"href":"https:\/\/www.europesays.com\/es\/wp-json\/wp\/v2\/media\/165299"}],"wp:attachment":[{"href":"https:\/\/www.europesays.com\/es\/wp-json\/wp\/v2\/media?parent=165298"}],"wp:term":[{"taxonomy":"category","embeddable":true,"href":"https:\/\/www.europesays.com\/es\/wp-json\/wp\/v2\/categories?post=165298"},{"taxonomy":"post_tag","embeddable":true,"href":"https:\/\/www.europesays.com\/es\/wp-json\/wp\/v2\/tags?post=165298"}],"curies":[{"name":"wp","href":"https:\/\/api.w.org\/{rel}","templated":true}]}}