{"id":165315,"date":"2025-10-09T14:57:09","date_gmt":"2025-10-09T14:57:09","guid":{"rendered":"https:\/\/www.europesays.com\/es\/165315\/"},"modified":"2025-10-09T14:57:09","modified_gmt":"2025-10-09T14:57:09","slug":"cristobal-colon-mas-alla-de-siglos-de-mitos-ni-pensador-revolucionario-ni-pobre-en-sus-ultimos-dias-cultura","status":"publish","type":"post","link":"https:\/\/www.europesays.com\/es\/165315\/","title":{"rendered":"Crist\u00f3bal Col\u00f3n m\u00e1s all\u00e1 de siglos de mitos: ni pensador revolucionario ni pobre en sus \u00faltimos d\u00edas | Cultura"},"content":{"rendered":"<p class=\"\">Crist\u00f3bal Col\u00f3n fue espa\u00f1ol. Tambi\u00e9n ingl\u00e9s, franc\u00e9s, portugu\u00e9s, croata, griego e incluso suizo. A lo largo de los siglos, investigadores y escritores lo han hecho nacer en m\u00e1s de una docena de tierras. Esteban Mira Caballos, doctor en Historia de Am\u00e9rica por la Universidad de Sevilla, rebate todas esas hip\u00f3tesis para sostener, \u201cindiscutiblemente, porque las fuentes y evidencias son abrumadoras\u201d, que el navegante era genov\u00e9s. El resto, insiste, no pasan de ser \u201cf\u00e1bulas moldeadas seg\u00fan los intereses de cada cual, muchas veces alentadas por sentimientos nacionalistas, sin aportar pruebas cient\u00edficas\u201d.<\/p>\n<p>M\u00e1s informaci\u00f3n<\/p>\n<p class=\"\">Ese debate, alimentado por los silencios y vac\u00edos que el propio navegante dej\u00f3, es solo uno de los muchos mitos y medias verdades que envuelven a un nombre instalado en el imaginario colectivo durante siglos. El americanista Mira rescata al personaje hist\u00f3rico sepultado entre miles de p\u00e1ginas \u201cde literatura fantasiosa, interesada, ideol\u00f3gica y nacionalista\u201d en <a href=\"https:\/\/estebanmiracaballos.com\/book\/biografia-cristobal-colon\/\" target=\"_blank\" rel=\"noreferrer nofollow noopener\" title=\"https:\/\/estebanmiracaballos.com\/book\/biografia-cristobal-colon\/\">Col\u00f3n. El converso que cambi\u00f3 al mundo<\/a> (Cr\u00edtica, 2025), una biograf\u00eda rigurosa que derriba varias de esas falsedades.<\/p>\n<p class=\"\">Ya el t\u00edtulo del libro ofrece un primer acercamiento a la pol\u00e9mica y aborda otro de los enigmas: su supuesto origen jud\u00edo. La teor\u00eda, siempre latente, se reaviv\u00f3 hace apenas un a\u00f1o, cuando RTVE estren\u00f3 un documental \u2014<a href=\"https:\/\/elpais.com\/ciencia\/2024-10-17\/expertos-internacionales-arremeten-contra-el-supuesto-adn-de-colon-comentar-esto-es-como-opinar-sobre-alienigenas.html\" target=\"_blank\" rel=\"noreferrer nofollow noopener\" title=\"https:\/\/elpais.com\/ciencia\/2024-10-17\/expertos-internacionales-arremeten-contra-el-supuesto-adn-de-colon-comentar-esto-es-como-opinar-sobre-alienigenas.html\">ampliamente criticado por los expertos<\/a>\u2014 <a href=\"https:\/\/elpais.com\/ciencia\/2024-10-12\/el-show-del-adn-de-cristobal-colon-pudo-ser-un-judio-de-valencia-o-no.html\" target=\"_blank\" rel=\"nofollow noopener\" title=\"https:\/\/elpais.com\/ciencia\/2024-10-12\/el-show-del-adn-de-cristobal-colon-pudo-ser-un-judio-de-valencia-o-no.html\">sobre una investigaci\u00f3n del forense Jos\u00e9 Antonio Lorente<\/a>, catedr\u00e1tico de Medicina Legal de la Universidad de Granada, que conclu\u00eda que Col\u00f3n era un jud\u00edo sefard\u00ed nacido en Valencia. \u201cBarbaridades\u201d, responde Mira: \u201cPara empezar, no era jud\u00edo, sino converso, que no es lo mismo\u201d.<\/p>\n<p><img decoding=\"auto\" class=\"_re lazyload a_m-v\" height=\"603\"  width=\"414\"  src=\"https:\/\/www.europesays.com\/es\/wp-content\/uploads\/2025\/10\/TWHENOAJYMONVOF3K3UISFISPA.jpg\" loading=\"lazy\"\/>Crist\u00f3bal Col\u00f3n, retratado por Sebastiano del Piombo (siglo XVI).<\/p>\n<p class=\"\">Esa misma teor\u00eda ha sido alimentada de diversas formas. Desde quienes basan ese origen en el hecho de que un tercio de la tripulaci\u00f3n del primer viaje lo fuese, hasta quien lo atribuye a su profundo conocimiento del Antiguo Testamento. Por otro lado, no cabe duda de que Col\u00f3n fue, al menos en apariencia, un buen cristiano, \u201calgo fundamental si quer\u00eda recabar los apoyos que necesitaba\u201d. Cumpl\u00eda los sacramentos, rezaba y mostraba devoci\u00f3n por la Virgen y por San Francisco. De hecho, sigue el historiador, \u201csiempre se mostr\u00f3 hostil con jud\u00edos y conversos e incluso lleg\u00f3 a decir a la Reina que eran enemigos de la prosperidad de todos los cristianos\u201d.<\/p>\n<p class=\"\">Pero tambi\u00e9n es \u201cinnegable\u201d, dice Mira, que albergaba ideas, como su convicci\u00f3n de ser un nuevo mes\u00edas o la recuperaci\u00f3n del templo de Jerusal\u00e9n, que no eran propias de un cristiano, sino de un falso converso o incluso de un jud\u00edo. \u00bfEn qu\u00e9 quedamos entonces? \u201cEn que era converso y manten\u00eda ciertas convicciones judaicas, aunque quiz\u00e1 se sali\u00f3 con la suya en su intento de aparentar ser un converso sincero\u201d, concluye el autor del libro.<\/p>\n<p class=\"\">Col\u00f3n era un marino experimentado y un hombre razonablemente culto, lector voraz. Pero como cosm\u00f3grafo y cient\u00edfico, explica Mira, \u201cera una calamidad\u201d. Su gran proyecto, el que cambi\u00f3 para siempre el curso de la historia, \u201cera una chapuza\u201d. El genov\u00e9s pretend\u00eda llegar a Asia por poniente, pero err\u00f3 y manipul\u00f3 los datos a conveniencia. \u201cEl mayor error fue el de c\u00e1lculo sobre la distancia entre Europa y Asia, bautizado como el error m\u00e1s fecundo de la historia\u201d, dice Mira.<\/p>\n<p><img decoding=\"auto\" class=\"_re lazyload a_m-h\" height=\"208\"  width=\"414\"  src=\"https:\/\/www.europesays.com\/es\/wp-content\/uploads\/2025\/10\/ZXXPYZXEGVIJDOJ2J6H3555BU4.jpg\" loading=\"lazy\"\/>El cuadro &#8216;Primer homenaje a Crist\u00f3bal Col\u00f3n&#8217; (1892), de Jos\u00e9 Garnelo y Alda, que puede verse en el Museo Naval de Madrid.<\/p>\n<p class=\"\">Para sostener su propuesta ten\u00eda que superar un obst\u00e1culo cient\u00edfico central: la convicci\u00f3n de los eruditos de que la distancia era inabarcable con los medios de la \u00e9poca. Entonces redujo en su proyecto el tama\u00f1o del orbe en una cuarta parte y estir\u00f3 artificialmente el continente asi\u00e1tico, apoy\u00e1ndose en autores como Pierre d\u2019Ailly y Paolo dal Toscanelli, cuyas teor\u00edas ya eran desacreditadas entonces. \u201cNo ten\u00eda ninguna credibilidad cient\u00edfica, pero convirti\u00f3 las 10.600 millas que separaban Europa de Asia en apenas 2.400\u201d, se\u00f1ala el historiador. \u00bfY por qu\u00e9, pese a todo, logr\u00f3 vender su proyecto a la Corona?<\/p>\n<p>Terco hombre de fe<\/p>\n<p class=\"\">Siempre se consider\u00f3 un elegido por la providencia para lograr su haza\u00f1a y siempre trat\u00f3 de demostrar que su encuentro con el nuevo continente ya hab\u00eda sido vaticinado en las Sagradas Escrituras. Seg\u00fan Mira, \u201cfue ese misticismo, su aura de profeta, lo que despert\u00f3 el inter\u00e9s y la simpat\u00eda de los Reyes Cat\u00f3licos\u201d.<\/p>\n<p class=\"\">Esa fe era tambi\u00e9n la base de un car\u00e1cter obstinado que lo animaba a nunca darse por vencido. Antes de exponer a los Reyes Cat\u00f3licos su empresa, lo intent\u00f3 con el monarca portugu\u00e9s Juan II, que se lo tom\u00f3 lo suficientemente en serio como para remitirlo a una junta con los m\u00e1s prestigiosos expertos en astronom\u00eda n\u00e1utica que hab\u00eda en el mundo. Lo desestimaron, desde luego. Y m\u00e1s tarde lo volvi\u00f3 a intentar con el mismo resultado. Lo mismo, y con un proceso muy similar, le pas\u00f3 la primera vez con los monarcas cat\u00f3licos, aunque finalmente, a\u00f1os despu\u00e9s, consigui\u00f3 el s\u00ed gracias a su insistencia y a un proyecto relativamente barato y de poco riesgo para la realeza.<\/p>\n<p class=\"\">Esa convicci\u00f3n tambi\u00e9n ha levantado teor\u00edas que alegan que en realidad detr\u00e1s estaba el descubrimiento previo de un protonauta, un navegante pionero. Mira es enf\u00e1tico: \u201cComo dej\u00f3 de ser viable otorgarle otra nacionalidad, porque hay muchas pruebas que lo hacen de G\u00e9nova, ahora el plan B ha sido tratar de buscar un predescubridor, de muy distintos lugares de origen, que fue el que le dijo a Col\u00f3n d\u00f3nde estaba el Nuevo Mundo, convirti\u00e9ndolo en un usurpador\u201d. La teor\u00eda que m\u00e1s ha triunfado en Espa\u00f1a es la de <a href=\"https:\/\/elpais.com\/diario\/2006\/05\/28\/eps\/1148797613_850215.html\" target=\"_blank\" rel=\"noreferrer nofollow noopener\" title=\"https:\/\/elpais.com\/diario\/2006\/05\/28\/eps\/1148797613_850215.html\">un marino de Huelva, Alonso S\u00e1nchez<\/a>, que habr\u00eda viajado al nuevo continente y transmitido sus certezas a Col\u00f3n antes de morir.<\/p>\n<p class=\"\">El historiador las desestima todas sencillamente porque \u201cni a favor ni en contra hay ciencia hist\u00f3rica\u201d y la personalidad del marino \u201cno se correspond\u00eda con la de un farsante, sino con la de un hombre perspicaz y observador\u201d. Para \u00e9l, a Col\u00f3n le bastaba su fe, la recopilaci\u00f3n de testimonios y las lecturas de diversos autores para convencerse de la existencia de tierras a poniente.<\/p>\n<p>\u00bfDe riqueza y fama a la pobreza y el olvido?<\/p>\n<p class=\"\">Finalmente, inici\u00f3 su viaje despu\u00e9s de firmar un contrato con la Corona repleto de beneficios. Si lograba la haza\u00f1a, ser\u00eda nombrado almirante de todas las tierras que descubriese, adem\u00e1s de virrey y gobernador de los territorios y obtener el diezmo de todas las mercanc\u00edas. \u201cNo olvidemos que era un exc\u00e9ntrico personaje cuyo gran proyecto de vida fue siempre establecer una casa nobiliaria\u201d, explica Mira. \u201cLos Reyes aceptaron las condiciones porque no ten\u00edan ninguna esperanza de que lo consiguiera\u201d.<\/p>\n<p class=\"\">Pero lo hizo, y al regresar de ese primer viaje \u2014emprendido, por cierto, con solo dos carabelas y una nao, un tipo distinto de embarcaci\u00f3n\u2014, fue recibido con sorpresa y admiraci\u00f3n, casi como un h\u00e9roe. Volvi\u00f3 acompa\u00f1ado de un pu\u00f1ado de locales ataviados con plumas ex\u00f3ticas, brazaletes y trozos de oro en las narices, y con cofres repletos de joyas, tejidos, curiosidades y un poco de oro. Eso y su elocuencia fueron suficientes para prometer un Nuevo Mundo repleto de oro y abundancia que llev\u00f3 a muchos a alistarse en una segunda expedici\u00f3n.<\/p>\n<p class=\"\">Pero su gran promesa pronto fracas\u00f3. No exist\u00edan las cantidades de oro que dec\u00eda \u2014aunque los espa\u00f1oles no tardar\u00edan en descubrir que el principal recurso de esa tierra era la mano de obra\u2014 y, como dice el historiador, \u201ctambi\u00e9n fue un terrible gobernador\u201d. Tanto malestar gener\u00f3 en quienes siguieron sus viajes que despu\u00e9s del tercero regres\u00f3 como prisionero. Fue liberado pronto, pero destituido de sus cargos de virrey y gobernador, que nunca recuperar\u00eda.<\/p>\n<p class=\"\">\u00bfEs verdad que muri\u00f3 pobre y olvidado como muchos afirman? Para Mira no es m\u00e1s que otro mito: \u201cSe sabe que en 1504 \u2014dos a\u00f1os antes de su muerte\u2014 recibi\u00f3 8.000 pesos de oro y en 1505 otros 8.000. Muri\u00f3 enriquecido, y prueba de ello es que sus descendientes vivieron con much\u00edsima fortuna. Y tan poco olvidado que cinco siglos despu\u00e9s sigue siendo un icono cultural\u201d.<\/p>\n<p class=\"\">Tambi\u00e9n es habitual escuchar que el navegante nunca supo que hab\u00eda llegado a un nuevo continente. El libro de Mira deja claro que Col\u00f3n pensaba que aquella enorme extensi\u00f3n de tierra era un mundo nuevo, aunque cre\u00eda que estaba pegado a Asia. Nunca pudo comprobarlo. \u201cYo creo que lleg\u00f3 a saber que aquello no era Asia\u201d, dice Mira, que afirma que el genov\u00e9s tuvo muchas evidencias al alcance. \u201cPero nunca reconocer\u00eda su fracaso. Estaba empe\u00f1ado y hab\u00eda prometido llegar a Asia y no iba a caer del burro\u201d, termina. Aquel genov\u00e9s orgulloso y testarudo nos dejar\u00e1, como en tantas otras cosas, siempre con la duda.<\/p>\n","protected":false},"excerpt":{"rendered":"Crist\u00f3bal Col\u00f3n fue espa\u00f1ol. Tambi\u00e9n ingl\u00e9s, franc\u00e9s, portugu\u00e9s, croata, griego e incluso suizo. A lo largo de los&hellip;\n","protected":false},"author":2,"featured_media":165316,"comment_status":"","ping_status":"","sticky":false,"template":"","format":"standard","meta":{"footnotes":""},"categories":[42],"tags":[889,17,18,15544,48589,209,48669,1598,13,14,11,48670,448,61,62,63,64,19,20,225,9,10,15,16,12,21,22,65,66,67],"class_list":{"0":"post-165315","1":"post","2":"type-post","3":"status-publish","4":"format-standard","5":"has-post-thumbnail","7":"category-internacional","8":"tag-america","9":"tag-breaking-news","10":"tag-breakingnews","11":"tag-colonialismo","12":"tag-cristobal-colon","13":"tag-cultura","14":"tag-descubrimiento-america","15":"tag-escritores","16":"tag-featured-news","17":"tag-featurednews","18":"tag-headlines","19":"tag-hispanismo","20":"tag-historia","21":"tag-internacional","22":"tag-international","23":"tag-international-news","24":"tag-internationalnews","25":"tag-latest-news","26":"tag-latestnews","27":"tag-libros","28":"tag-news","29":"tag-noticias","30":"tag-noticias-destacadas","31":"tag-noticiasdestacadas","32":"tag-titulares","33":"tag-ultimas-noticias","34":"tag-ultimasnoticias","35":"tag-world","36":"tag-world-news","37":"tag-worldnews"},"share_on_mastodon":{"url":"","error":""},"_links":{"self":[{"href":"https:\/\/www.europesays.com\/es\/wp-json\/wp\/v2\/posts\/165315","targetHints":{"allow":["GET"]}}],"collection":[{"href":"https:\/\/www.europesays.com\/es\/wp-json\/wp\/v2\/posts"}],"about":[{"href":"https:\/\/www.europesays.com\/es\/wp-json\/wp\/v2\/types\/post"}],"author":[{"embeddable":true,"href":"https:\/\/www.europesays.com\/es\/wp-json\/wp\/v2\/users\/2"}],"replies":[{"embeddable":true,"href":"https:\/\/www.europesays.com\/es\/wp-json\/wp\/v2\/comments?post=165315"}],"version-history":[{"count":0,"href":"https:\/\/www.europesays.com\/es\/wp-json\/wp\/v2\/posts\/165315\/revisions"}],"wp:featuredmedia":[{"embeddable":true,"href":"https:\/\/www.europesays.com\/es\/wp-json\/wp\/v2\/media\/165316"}],"wp:attachment":[{"href":"https:\/\/www.europesays.com\/es\/wp-json\/wp\/v2\/media?parent=165315"}],"wp:term":[{"taxonomy":"category","embeddable":true,"href":"https:\/\/www.europesays.com\/es\/wp-json\/wp\/v2\/categories?post=165315"},{"taxonomy":"post_tag","embeddable":true,"href":"https:\/\/www.europesays.com\/es\/wp-json\/wp\/v2\/tags?post=165315"}],"curies":[{"name":"wp","href":"https:\/\/api.w.org\/{rel}","templated":true}]}}