{"id":165350,"date":"2025-10-09T15:17:05","date_gmt":"2025-10-09T15:17:05","guid":{"rendered":"https:\/\/www.europesays.com\/es\/165350\/"},"modified":"2025-10-09T15:17:05","modified_gmt":"2025-10-09T15:17:05","slug":"cuando-la-conoci-me-gusto-todo-sobre-ella-ahora-hay-alguna-cosilla-que-no-pero-lo-que-nos-desvela-el-documental-de-victoria-beckham-sobre-su-relacion-con-david","status":"publish","type":"post","link":"https:\/\/www.europesays.com\/es\/165350\/","title":{"rendered":"\u201cCuando la conoc\u00ed me gust\u00f3 todo sobre ella. Ahora hay alguna cosilla que no, pero\u2026.\u201d Lo que nos desvela el documental de Victoria Beckham sobre su relaci\u00f3n con David"},"content":{"rendered":"<p><img decoding=\"async\" alt=\"\u201cCuando la conoc\u00ed me gust\u00f3 todo sobre ella. Ahora hay alguna cosilla que no pero\u2026.\u201d Lo que nos desvela el documental de...\" loading=\"lazy\" class=\"ResponsiveImageContainer-eNxvmU cfBbTk responsive-image__image\"   src=\"https:\/\/www.europesays.com\/es\/wp-content\/uploads\/2025\/10\/Victoria_Beckham_n_S1_E3_00_32_30_21.jpg\"\/><\/p>\n<p>Netflix<\/p>\n<p>Pero en 1998, las Spice se separan. Durante la \u00faltima gira, Victoria cuenta que estaba embarazada de Brooklyn, que ten\u00eda un cubo para las n\u00e1useas al lado del escenario y que cada d\u00eda ten\u00edan que cambiar su vestuario, porque su cuerpo estaba cambiando. \u201cNo puedo m\u00e1s\u201d, le dijo al m\u00e1nager del grupo. \u201cNo te preocupes\u201d, contest\u00f3 \u00e9l. \u201cS\u00f3lo tienes que aguantar 102 conciertos m\u00e1s\u201d. Y, tras eso, la nada: \u201cEstaba en lo m\u00e1s alto con la Spice. \u00c9ramos como un tornado. Y, de repente, se acab\u00f3. Nuestra separaci\u00f3n fue un cambio radical para m\u00ed. Pas\u00e9 de ir por el mundo hablando de girl power a ser una mujer casada metida en un piso en Manchester, sin amigos y lejos de la familia. Fue una transici\u00f3n muy dif\u00edcil\u201d.<\/p>\n<p>El exfutbolista confiesa que podr\u00eda haberlo hecho mejor: \u00abMi vida no cambi\u00f3, porque yo segu\u00ed con mi carrera, haciendo lo que me gustaba. Pero <strong>para ella todo cambi\u00f3 y confieso que entonces yo no fui consciente de lo duro que fue para ella<\/strong>\u00ab. El fin de ese \u00e9xito mundial y las constantes cr\u00edticas que durante a\u00f1os tuvo que soportar en los tabloides y la televisi\u00f3n (algo que David critica abiertamente) \u201chicieron que la Victoria que yo conoc\u00eda, la que ten\u00eda confianza, la que siempre se re\u00eda y que iba por casa en ch\u00e1ndal, empezara a desvanecerse\u201d. \u201cYo quer\u00eda decirle \u2018t\u00f3mate un descanso y ya se te ocurrir\u00e1 qu\u00e9 quieres hacer con tu vida\u2019. Pero eso era lo que yo pensaba por dentro. Porque adem\u00e1s ella no tiene la paciencia para vivirlo as\u00ed\u201d.<\/p>\n<p>Pero el acuerdo entre ambos de apoyarse se ve durante todo el documental. Mientras la prensa critica el agujero financiero de la marca Victoria Beckham, cada miembro de la pareja cuenta lo mal que lo pas\u00f3 al tener que afrontar los problemas. \u201cMe iba a casa con mi pareja\u201d, dice Victoria, \u201cpero tambi\u00e9n con mi socio\u201d. Y David cuenta que no quer\u00eda preocupar a Victoria (una constante muy visible en el documental en los momentos de mayor estr\u00e9s de su pareja), pero que internamente estaba preocupado por las p\u00e9rdidas millonarias. Aunque su car\u00e1cter bromista nunca se pierde. \u201cCreo que aporto muchas cosas a la moda de Victoria\u201d, dice durante la preparaci\u00f3n de su desfile m\u00e1s importante. \u201cA veces, incluso doy mi opini\u00f3n\u201d.<\/p>\n<p>Al empresario tambi\u00e9n se le ilumina la cara cuando tiene que hablar sobre distintas facetas de su mujer: \u201c<strong>Llevamos juntos 27 a\u00f1os y sigue siendo tan decidida como cuando la conoc\u00ed<\/strong>. Tiene otra forma de ver las cosas\u00bb. Y cuenta que nunca se plante\u00f3 otra vida: \u201cA mis padres les habr\u00eda gustado que me echase una novia de Manchester, y a mi entrenador [sir Alex Ferguson, que dirigi\u00f3 al Manchester United durante 27 a\u00f1os] tambi\u00e9n le habr\u00eda encantado: una chica de Manchester, que viviese en Manchester, que no quisiera irse nunca de Manchester y que simplemente fuese mi mujer. Pero yo no quer\u00eda eso. Nunca quise eso\u201d.<\/p>\n","protected":false},"excerpt":{"rendered":"Netflix Pero en 1998, las Spice se separan. Durante la \u00faltima gira, Victoria cuenta que estaba embarazada de&hellip;\n","protected":false},"author":2,"featured_media":165351,"comment_status":"","ping_status":"","sticky":false,"template":"","format":"standard","meta":{"footnotes":""},"categories":[91],"tags":[3062,146,147,25,24,152,23,3063],"class_list":{"0":"post-165350","1":"post","2":"type-post","3":"status-publish","4":"format-standard","5":"has-post-thumbnail","7":"category-entretenimiento","8":"tag-david-beckham","9":"tag-entertainment","10":"tag-entretenimiento","11":"tag-es","12":"tag-espana","13":"tag-netflix","14":"tag-spain","15":"tag-victoria-beckham"},"share_on_mastodon":{"url":"","error":""},"_links":{"self":[{"href":"https:\/\/www.europesays.com\/es\/wp-json\/wp\/v2\/posts\/165350","targetHints":{"allow":["GET"]}}],"collection":[{"href":"https:\/\/www.europesays.com\/es\/wp-json\/wp\/v2\/posts"}],"about":[{"href":"https:\/\/www.europesays.com\/es\/wp-json\/wp\/v2\/types\/post"}],"author":[{"embeddable":true,"href":"https:\/\/www.europesays.com\/es\/wp-json\/wp\/v2\/users\/2"}],"replies":[{"embeddable":true,"href":"https:\/\/www.europesays.com\/es\/wp-json\/wp\/v2\/comments?post=165350"}],"version-history":[{"count":0,"href":"https:\/\/www.europesays.com\/es\/wp-json\/wp\/v2\/posts\/165350\/revisions"}],"wp:featuredmedia":[{"embeddable":true,"href":"https:\/\/www.europesays.com\/es\/wp-json\/wp\/v2\/media\/165351"}],"wp:attachment":[{"href":"https:\/\/www.europesays.com\/es\/wp-json\/wp\/v2\/media?parent=165350"}],"wp:term":[{"taxonomy":"category","embeddable":true,"href":"https:\/\/www.europesays.com\/es\/wp-json\/wp\/v2\/categories?post=165350"},{"taxonomy":"post_tag","embeddable":true,"href":"https:\/\/www.europesays.com\/es\/wp-json\/wp\/v2\/tags?post=165350"}],"curies":[{"name":"wp","href":"https:\/\/api.w.org\/{rel}","templated":true}]}}