{"id":165354,"date":"2025-10-09T15:19:08","date_gmt":"2025-10-09T15:19:08","guid":{"rendered":"https:\/\/www.europesays.com\/es\/165354\/"},"modified":"2025-10-09T15:19:08","modified_gmt":"2025-10-09T15:19:08","slug":"united-volara-a-santiago-de-compostela","status":"publish","type":"post","link":"https:\/\/www.europesays.com\/es\/165354\/","title":{"rendered":"United volar\u00e1 a Santiago de Compostela"},"content":{"rendered":"<p>La aerol\u00ednea estadounidense United Airlines ha anunciado nuevos destinos en Europa, entre ellos Santiago de Compostela.<\/p>\n<p><strong><a href=\"http:\/\/united.com\" rel=\"nofollow noopener\" target=\"_blank\">United Airlines<\/a><\/strong> ha anunciado <strong>vuelos<\/strong> a <strong>Split <\/strong>(Croacia), <strong>Bari<\/strong> (Italia),\u00a0<strong>Glasgow<\/strong> (Reino Unido), y <strong>Santiago de Compostela<\/strong> (Espa\u00f1a) <strong>desde el aeropuerto de Newark<\/strong> (Nueva Jersey, EE.UU.), que da servicio a <strong>Nueva York<\/strong> en <strong>2026<\/strong>. Adem\u00e1s volar\u00e1 a Reykjavik (Islandia) desde el aeropuerto Dulles de Washington, y a Seul (Corea del Sur) desde Newark; y retomar\u00e1 las nueve rutas de verano que abri\u00f3 en 2025.<\/p>\n<p>En el caso de<strong> Santiago, la ruta comenzar\u00e1 el 22 de mayo y ser\u00e1 operada tres veces por semana<\/strong> con <strong>aviones <a href=\"http:\/\/boeing.com\" rel=\"nofollow noopener\" target=\"_blank\">Boeing<\/a> 737-8<\/strong> con 16 asientos en clase business (Polaris para United), 53 en turista Plus, y 92 en turista. Se trata de un vuelo, por el momento, que solo <strong>operar\u00e1 hasta el 12 de septiembre<\/strong> (\u00faltima salida de Santiago).<\/p>\n<p>Las <strong>salidas de Newark ser\u00e1n los mi\u00e9rcoles, viernes y domingos<\/strong> a las 19:15 (todo en hora local), para <strong>aterrizar en Santiago de Compostela al d\u00eda siguiente<\/strong> a las 08:15. El <strong>despegue de Santiago <\/strong>ser\u00e1 a las 10:00 para llegar de regreso a Newark a las 11:50.<\/p>\n<p>Barcelona, Bilbao (de nuevo desde el 30 de mayo de 2026), Madrid, M\u00e1laga y Palma de Mallorca son los otros destinos de United en Espa\u00f1a.<\/p>\n<p>Con estos vuelos, <strong>United reafirma su posici\u00f3n como la aerol\u00ednea estadounidense con m\u00e1s vuelos sobre el Atl\u00e1ntico<\/strong>, con <strong>46 ciudades servidas desde Estados Unidos<\/strong>. Su <strong>red de rutas internacional comprende m\u00e1s de 150 destinos, 41 de ellos en los que es el \u00fanico operador estadounidense<\/strong>; y que cubre con <strong>m\u00e1s de 850 vuelos diarios<\/strong>.<\/p>\n","protected":false},"excerpt":{"rendered":"La aerol\u00ednea estadounidense United Airlines ha anunciado nuevos destinos en Europa, entre ellos Santiago de Compostela. United Airlines&hellip;\n","protected":false},"author":2,"featured_media":165355,"comment_status":"","ping_status":"","sticky":false,"template":"","format":"standard","meta":{"footnotes":""},"categories":[80],"tags":[48678,48679,48680,82,95,94,25,24,48681,23,23571,48682,48683],"class_list":{"0":"post-165354","1":"post","2":"type-post","3":"status-publish","4":"format-standard","5":"has-post-thumbnail","7":"category-economia","8":"tag-737-max","9":"tag-737-8","10":"tag-boeing","11":"tag-business","12":"tag-economia","13":"tag-economy","14":"tag-es","15":"tag-espana","16":"tag-newark","17":"tag-spain","18":"tag-united","19":"tag-vuelos-baratos-a-nueva-york","20":"tag-vuelos-de-santiago-a-nueva-york"},"share_on_mastodon":{"url":"","error":""},"_links":{"self":[{"href":"https:\/\/www.europesays.com\/es\/wp-json\/wp\/v2\/posts\/165354","targetHints":{"allow":["GET"]}}],"collection":[{"href":"https:\/\/www.europesays.com\/es\/wp-json\/wp\/v2\/posts"}],"about":[{"href":"https:\/\/www.europesays.com\/es\/wp-json\/wp\/v2\/types\/post"}],"author":[{"embeddable":true,"href":"https:\/\/www.europesays.com\/es\/wp-json\/wp\/v2\/users\/2"}],"replies":[{"embeddable":true,"href":"https:\/\/www.europesays.com\/es\/wp-json\/wp\/v2\/comments?post=165354"}],"version-history":[{"count":0,"href":"https:\/\/www.europesays.com\/es\/wp-json\/wp\/v2\/posts\/165354\/revisions"}],"wp:featuredmedia":[{"embeddable":true,"href":"https:\/\/www.europesays.com\/es\/wp-json\/wp\/v2\/media\/165355"}],"wp:attachment":[{"href":"https:\/\/www.europesays.com\/es\/wp-json\/wp\/v2\/media?parent=165354"}],"wp:term":[{"taxonomy":"category","embeddable":true,"href":"https:\/\/www.europesays.com\/es\/wp-json\/wp\/v2\/categories?post=165354"},{"taxonomy":"post_tag","embeddable":true,"href":"https:\/\/www.europesays.com\/es\/wp-json\/wp\/v2\/tags?post=165354"}],"curies":[{"name":"wp","href":"https:\/\/api.w.org\/{rel}","templated":true}]}}