{"id":165384,"date":"2025-10-09T15:37:11","date_gmt":"2025-10-09T15:37:11","guid":{"rendered":"https:\/\/www.europesays.com\/es\/165384\/"},"modified":"2025-10-09T15:37:11","modified_gmt":"2025-10-09T15:37:11","slug":"un-romance-adolescente-que-sigue-enamorando-15-anos-despues-de-su-estreno","status":"publish","type":"post","link":"https:\/\/www.europesays.com\/es\/165384\/","title":{"rendered":"un romance adolescente que sigue enamorando 15 a\u00f1os despu\u00e9s de su estreno"},"content":{"rendered":"\n<ul class=\"bodyList bodyList--unordered\">\n<li class=\"bodyList__item\"><strong><a href=\"https:\/\/www.elconfidencial.com\/cultura\/2025-10-09\/festival-de-sitges-premio-carmen-maura-vieja-loca-1qrt_4224983\/\" target=\"_self\" rel=\"nofollow noopener\">La popular actriz espa\u00f1ola que ser\u00e1 premiada en el Festival de Sitges:<\/a> \u00abDebe ser una gamberrada\u00bb<\/strong><\/li>\n<li class=\"bodyList__item\"><strong>\u00abQueda un gran hito en el viaje de Belly\u00bb: <a href=\"https:\/\/www.elconfidencial.com\/cultura\/cine\/2025-09-18\/el-verano-que-me-enamore-prime-video-pelicula-1qrt_4211504\/\" target=\"_self\" rel=\"nofollow noopener\">Prime Video confirma el cierre de El verano en que me enamor\u00e9 con una pel\u00edcula<\/a><\/strong><\/li>\n<\/ul>\n<p> <strong>Han pasado quince a\u00f1os<\/strong> desde su estreno y, pese a su discreto paso por cines, este romance adolescente ambientado en los a\u00f1os cincuenta se ha convertido en una de las pel\u00edculas m\u00e1s vistas de <a href=\"https:\/\/www.netflix.com\/tudum\/top10\/es\/spain\" target=\"_blank\" rel=\"nofollow noopener\">Netflix Espa\u00f1a<\/a>. Dirigida por Rob Reiner, su reciente resurgir en la plataforma ha devuelto a la conversaci\u00f3n una historia tan nost\u00e1lgica como universal sobre el primer amor. <\/p>\n<p> La cinta es Flipped, estrenada en 2010, una comedia rom\u00e1ntica y de maduraci\u00f3n basada en la novela hom\u00f3nima de Wendelin Van Draanen. Su narrativa, centrada en los vaivenes emocionales de Juli y Bryce, dos <strong>j\u00f3venes vecinos con sentimientos desincronizados<\/strong>, ha conquistado a una nueva generaci\u00f3n de espectadores, pues se ha posicionado como una de las pel\u00edculas m\u00e1s vistas esta semana en Espa\u00f1a, del cat\u00e1logo de la plataforma de v\u00eddeo bajo demanda (VOD). <\/p>\n<p>              <img decoding=\"async\" class=\"inTextNews__img\" alt=\"Foto: zelda-williams-videos-robin-williams-ia-1qrt\" src=\"https:\/\/www.europesays.com\/es\/wp-content\/uploads\/2025\/10\/f.elconfidencial.com\/original\/27b\/ba9\/817\/27bba9817d302304de303ddbacdc2d3d.jpg\"  \/>     <\/p>\n<p>TE PUEDE INTERESAR<\/p>\n<p>      <a class=\"inTextNews__title\" href=\"https:\/\/www.elconfidencial.com\/cultura\/2025-10-09\/zelda-williams-videos-robin-williams-ia-1qrt_4225051\/\" onclick=\"window.ECCO.emit(&#039;amplitude&#039;, { dataEventName: &#039;click_related_article_module&#039;, data: { related_article_url: &#039;https:\/\/www.elconfidencial.com\/cultura\/2025-10-09\/zelda-williams-videos-robin-williams-ia-1qrt_4225051\/&#039;, related_article_author: &#039;Alberto Richart&#039;, related_article_section: &#039;cultura&#039; } })\" rel=\"nofollow noopener\" target=\"_blank\"> Zelda Williams, hija de Robin Williams: \u00abDejad de mandarme v\u00eddeos de mi padre hechos con IA\u00bb <\/a>   <\/p>\n<p>    A. R.   <\/p>\n<p> La pel\u00edcula cuenta con Madeline Carroll y Callan McAuliffe como protagonistas y un reparto en el que figuran nombres como Rebecca De Mornay, Anthony Edwards, Penelope Ann Miller o Aidan Quinn. Ambientada en la Norteam\u00e9rica suburbana de los a\u00f1os cincuenta y sesenta, Flipped retrata <strong>la inocencia y la confusi\u00f3n<\/strong> de la <a href=\"https:\/\/www.elconfidencial.com\/tags\/otros\/adolescencia-6744\/\" target=\"_self\" rel=\"nofollow noopener\">adolescencia<\/a> desde una doble perspectiva: la de ella y la de \u00e9l. <\/p>\n<p> Ese juego narrativo, heredado directamente de la novela, permite al espectador revivir los mismos acontecimientos <strong>desde dos miradas distintas<\/strong>, reforzando el tono \u00edntimo y reflexivo que caracteriza el cine de Reiner. El director, autor de cl\u00e1sicos como Cuenta conmigo o La princesa prometida, combina la ternura del primer amor con el retrato social de una \u00e9poca marcada por las apariencias y las diferencias de clase. <\/p>\n<p>Tr\u00e1iler de &#8216;Flipped&#8217;. (Rotten Tomatoes)<\/p>\n<p> Aunque en su estreno apenas super\u00f3 los 4,3 millones de d\u00f3lares en taquilla frente a un presupuesto de 14 millones, la pel\u00edcula ha ganado prestigio con el paso del tiempo. Cr\u00edticos y espectadores coinciden en se\u00f1alar su autenticidad y su tono c\u00e1lido, mientras su fotograf\u00eda de Thomas Del Ruth y la banda sonora con cl\u00e1sicos de <strong>Carole King o Smokey Robinson<\/strong> terminan de envolver a Flipped en una atm\u00f3sfera de nostalgia atemporal que explica por qu\u00e9, quince a\u00f1os despu\u00e9s, sigue enamorando al p\u00fablico. <\/p>\n","protected":false},"excerpt":{"rendered":"La popular actriz espa\u00f1ola que ser\u00e1 premiada en el Festival de Sitges: \u00abDebe ser una gamberrada\u00bb \u00abQueda un&hellip;\n","protected":false},"author":2,"featured_media":165385,"comment_status":"","ping_status":"","sticky":false,"template":"","format":"standard","meta":{"footnotes":""},"categories":[169],"tags":[177,146,147,25,24,176,175,23],"class_list":{"0":"post-165384","1":"post","2":"type-post","3":"status-publish","4":"format-standard","5":"has-post-thumbnail","7":"category-cine","8":"tag-cine","9":"tag-entertainment","10":"tag-entretenimiento","11":"tag-es","12":"tag-espana","13":"tag-film","14":"tag-movies","15":"tag-spain"},"share_on_mastodon":{"url":"","error":""},"_links":{"self":[{"href":"https:\/\/www.europesays.com\/es\/wp-json\/wp\/v2\/posts\/165384","targetHints":{"allow":["GET"]}}],"collection":[{"href":"https:\/\/www.europesays.com\/es\/wp-json\/wp\/v2\/posts"}],"about":[{"href":"https:\/\/www.europesays.com\/es\/wp-json\/wp\/v2\/types\/post"}],"author":[{"embeddable":true,"href":"https:\/\/www.europesays.com\/es\/wp-json\/wp\/v2\/users\/2"}],"replies":[{"embeddable":true,"href":"https:\/\/www.europesays.com\/es\/wp-json\/wp\/v2\/comments?post=165384"}],"version-history":[{"count":0,"href":"https:\/\/www.europesays.com\/es\/wp-json\/wp\/v2\/posts\/165384\/revisions"}],"wp:featuredmedia":[{"embeddable":true,"href":"https:\/\/www.europesays.com\/es\/wp-json\/wp\/v2\/media\/165385"}],"wp:attachment":[{"href":"https:\/\/www.europesays.com\/es\/wp-json\/wp\/v2\/media?parent=165384"}],"wp:term":[{"taxonomy":"category","embeddable":true,"href":"https:\/\/www.europesays.com\/es\/wp-json\/wp\/v2\/categories?post=165384"},{"taxonomy":"post_tag","embeddable":true,"href":"https:\/\/www.europesays.com\/es\/wp-json\/wp\/v2\/tags?post=165384"}],"curies":[{"name":"wp","href":"https:\/\/api.w.org\/{rel}","templated":true}]}}