{"id":165390,"date":"2025-10-09T15:40:08","date_gmt":"2025-10-09T15:40:08","guid":{"rendered":"https:\/\/www.europesays.com\/es\/165390\/"},"modified":"2025-10-09T15:40:08","modified_gmt":"2025-10-09T15:40:08","slug":"muere-la-actriz-susan-kendall-newman-hija-de-paul-newman-a-los-72-anos","status":"publish","type":"post","link":"https:\/\/www.europesays.com\/es\/165390\/","title":{"rendered":"Muere la actriz Susan Kendall Newman, hija de Paul Newman, a los 72 a\u00f1os"},"content":{"rendered":"<p class=\"L6-news-detail__text\"><b>Susan Kendall Newman<\/b>, hija de Paul Newman y Jacqueline Witte, ha muerto a los 72 a\u00f1os tras sufrir complicaciones en los problemas de salud cr\u00f3nicos que ya padec\u00eda.<\/p>\n<p class=\"L6-news-detail__text\">La actriz y productora falleci\u00f3 <b>el 2 de agosto<\/b>, pero no ha sido hasta ahora cuando su familia ha decidido comunicarlo y hacerlo p\u00fablico, seg\u00fan adelanta The Hollywood Reporter.<\/p>\n<p class=\"L6-news-detail__text\">La carrera de Newman se vio marcada por <b>diferentes pel\u00edculas<\/b>, pero su papel m\u00e1s destacado fue en I Wanna Hold Your Hand (Locos por ellos, 1978), dirigida por Robert Zemeckis. Asimismo, particip\u00f3 en filmes como Slap Shot (El casta\u00f1azo, 1977), protagonizada por su padre, o A Wedding (Un d\u00eda de boda, 1978), de Robert Altman.<\/p>\n<p class=\"L6-news-detail__text\">Aunque en un principio, la fallecida so\u00f1aba con ser actriz, tambi\u00e9n <b>se dedic\u00f3 a la producci\u00f3n<\/b> y realiz\u00f3 trabajos como The Shadow Box (La caja oscura, 1980), dirigido por su padre y protagonizado por Joanne Woodward, su segunda esposa.<\/p>\n<p class=\"L6-news-detail__text\">Gracias a esta pel\u00edcula, Newman recibi\u00f3 una <b>nominaci\u00f3n al Emmy<\/b> a mejor especial dram\u00e1tico, pero este no fue el \u00fanico galard\u00f3n al que estuvo nominada. Tambi\u00e9n opt\u00f3 a un Grammy al mejor \u00e1lbum hablado para ni\u00f1os por una serie de audiolibros de literatura cl\u00e1sica.<\/p>\n<p class=\"L6-news-detail__text\">Tras el fallecimiento de su hermano Scott por <b>sobredosis<\/b>, la actriz comenz\u00f3 a trabajar en 1980 en la Fundaci\u00f3n Scott Newman, creada por su progenitor, por lo que se convirti\u00f3 en una experta en prevenci\u00f3n del abuso de drogas.<\/p>\n<p class=\"L6-news-detail__text\">Por este motivo, testific\u00f3 ante el Congreso y fue <b>ponente frecuente en el Centro Betty Ford<\/b>, as\u00ed como en universidades, hospitales y grupos comunitarios. A su vez, fue presidenta de la Fundaci\u00f3n de la Industria del Entretenimiento y fund\u00f3 una empresa consultora que asesoraba a agencias gubernamentales, corporaciones y organizaciones sin \u00e1nimo de lucro en el desarrollo de programas de prevenci\u00f3n, iniciativas de divulgaci\u00f3n y estrategias de recaudaci\u00f3n de fondos.<\/p>\n<p class=\"L6-news-detail__text\"><b><a title=\"*Sigue a laSexta en Google. Toda la actualidad y el mejor contenido aqu\u00ed.\" href=\"https:\/\/profile.google.com\/cp\/CgkvbS8wZG5xejA\" target=\"_blank\" rel=\"nofollow noopener\">*Sigue a laSexta en Google. Toda la actualidad y el mejor contenido aqu\u00ed.<\/a><\/b><\/p>\n<p class=\"L6-support-news-video__title\">Un documental de \u00e9xito y ansiedad<\/p>\n<p>            <a href=\"https:\/\/www.lasexta.com\/noticias\/cultura\/dia-que-leiva-quede-voz-soy-desgraciado-oficio-cantante-compositor_2025092568d4e399752e1f3ede52fe1d.html\" class=\"L6-news__link\" rel=\"nofollow noopener\" target=\"_blank\"><br \/>\n                El d\u00eda que Leiva se quede sin voz: \u00abSoy un desgraciado de oficio, cantante y compositor\u00bb<\/p>\n<p class=\"recirculation-video-desc\">Los detalles Leiva sufre una lesi\u00f3n grave en una de sus cuerdas vocales. Esta dolencia le obliga a pasar por quir\u00f3fano de forma habitual. Pero, \u00bfy si un d\u00eda tiene que parar? El cantante habla y reflexiona sobre ello en &#8216;Hasta que me quede sin voz&#8217;, un retrato \u00edntimo de \u00e9xito, miedo y noches insomnes.<\/p>\n<p>            <\/a><\/p>\n","protected":false},"excerpt":{"rendered":"Susan Kendall Newman, hija de Paul Newman y Jacqueline Witte, ha muerto a los 72 a\u00f1os tras sufrir&hellip;\n","protected":false},"author":2,"featured_media":165391,"comment_status":"","ping_status":"","sticky":false,"template":"","format":"standard","meta":{"footnotes":""},"categories":[91],"tags":[146,147,25,24,23],"class_list":{"0":"post-165390","1":"post","2":"type-post","3":"status-publish","4":"format-standard","5":"has-post-thumbnail","7":"category-entretenimiento","8":"tag-entertainment","9":"tag-entretenimiento","10":"tag-es","11":"tag-espana","12":"tag-spain"},"share_on_mastodon":{"url":"","error":""},"_links":{"self":[{"href":"https:\/\/www.europesays.com\/es\/wp-json\/wp\/v2\/posts\/165390","targetHints":{"allow":["GET"]}}],"collection":[{"href":"https:\/\/www.europesays.com\/es\/wp-json\/wp\/v2\/posts"}],"about":[{"href":"https:\/\/www.europesays.com\/es\/wp-json\/wp\/v2\/types\/post"}],"author":[{"embeddable":true,"href":"https:\/\/www.europesays.com\/es\/wp-json\/wp\/v2\/users\/2"}],"replies":[{"embeddable":true,"href":"https:\/\/www.europesays.com\/es\/wp-json\/wp\/v2\/comments?post=165390"}],"version-history":[{"count":0,"href":"https:\/\/www.europesays.com\/es\/wp-json\/wp\/v2\/posts\/165390\/revisions"}],"wp:featuredmedia":[{"embeddable":true,"href":"https:\/\/www.europesays.com\/es\/wp-json\/wp\/v2\/media\/165391"}],"wp:attachment":[{"href":"https:\/\/www.europesays.com\/es\/wp-json\/wp\/v2\/media?parent=165390"}],"wp:term":[{"taxonomy":"category","embeddable":true,"href":"https:\/\/www.europesays.com\/es\/wp-json\/wp\/v2\/categories?post=165390"},{"taxonomy":"post_tag","embeddable":true,"href":"https:\/\/www.europesays.com\/es\/wp-json\/wp\/v2\/tags?post=165390"}],"curies":[{"name":"wp","href":"https:\/\/api.w.org\/{rel}","templated":true}]}}