{"id":165411,"date":"2025-10-09T15:55:11","date_gmt":"2025-10-09T15:55:11","guid":{"rendered":"https:\/\/www.europesays.com\/es\/165411\/"},"modified":"2025-10-09T15:55:11","modified_gmt":"2025-10-09T15:55:11","slug":"han-permitido-que-el-tiempo-borre-las-huellas-del-asesino","status":"publish","type":"post","link":"https:\/\/www.europesays.com\/es\/165411\/","title":{"rendered":"Han permitido que el tiempo borre las huellas del asesino"},"content":{"rendered":"<p>\n        Los familiares de Mario Biondo, el <a href=\"https:\/\/www.noticiasdealava.eus\/tags\/raquel-sanchez-silva\/\" title=\"marido de la presentadora Raquel S\u00e1nchez Silva\" rel=\"nofollow noopener\" target=\"_blank\" class=\"link copy\">marido de la presentadora Raquel S\u00e1nchez Silva<\/a> que fue <strong>hallado muerto en su domicilio <\/strong>el 30 de mayo de 2012, <strong>presentar\u00e1n un incidente de nulidad ante la Audiencia Provincial de Madrid por presunta vulneraci\u00f3n del derecho de la tutela judicial, <\/strong>con el objetivo de llegar al Tribunal Constitucional (TC) y as\u00ed <strong>poder reabrir la causa y \u00abaportar pruebas\u00bb <\/strong>que permitan esclarecer los hechos.\n<\/p>\n<p class=\"article-body__text \">\n        As\u00ed lo ha explicado este jueves en Barcelona la letrada Leire L\u00f3pez en representaci\u00f3n de los padres de Mario Biondo, Santina D&#8217;Alessandro y Pippo Biondo, en una rueda de prensa en la sede del Col\u00b7legi de Periodistes de Catalunya.\n<\/p>\n<p class=\"article-body__text \">\n        Este anuncio se produce d\u00edas despu\u00e9s de la resoluci\u00f3n que emiti\u00f3 la Audiencia de Madrid, en la que las tres magistradas se acogen a la \u00faltima resoluci\u00f3n dictada por el Tribunal de Palermo &#8211;que tambi\u00e9n investig\u00f3 el caso&#8211; y <strong>afirman que el fallecimiento de Biondo \u00abpudo no haber sido un suicidio\u00bb.<\/strong>\n<\/p>\n<p>            <a href=\"https:\/\/www.noticiasdealava.eus\/sociedad\/2025\/10\/06\/causa-muerte-mario-biondo-10179469.html\" title=\"La causa de muerte de Mario Biondo vuelve al punto de mira 12 a\u00f1os despu\u00e9s\" class=\"new__media\" rel=\"nofollow noopener\" target=\"_blank\"><\/p>\n<p>                <img alt=\"La causa de muerte de Mario Biondo vuelve al punto de mira 12 a\u00f1os despu\u00e9s\" data-src=\"https:\/\/www.europesays.com\/es\/wp-content\/uploads\/2025\/10\/b99791dd-9638-4e11-b9be-bdfcec290553_16-9-aspect-ratio_default_0.jpg\" class=\"lozad\"\/><\/p>\n<p>        <\/a><\/p>\n<p>        <a href=\"https:\/\/www.noticiasdealava.eus\/sociedad\/2025\/10\/06\/causa-muerte-mario-biondo-10179469.html\" title=\"La causa de muerte de Mario Biondo vuelve al punto de mira 12 a\u00f1os despu\u00e9s\" class=\"new__headline\" rel=\"nofollow noopener\" target=\"_blank\"><br \/>\n            La causa de muerte de Mario Biondo vuelve al punto de mira 12 a\u00f1os despu\u00e9s<br \/>\n        <\/a><\/p>\n<p class=\"article-body__text \">\n        De hecho, apunta al homicidio como una de las posibles causas: <strong>\u00abSe aporta por primera vez una denuncia contra determinadas personas, con numerosa prueba pericial y una copia <\/strong>(&#8230;) de una resoluci\u00f3n judicial (&#8230;) de la cual parece desprenderse indicios de que la muerte de Biondo no fue suicida\u00bb.\n<\/p>\n<p class=\"article-body__text \">\n        No obstante, el auto<strong> desestima el recurso de apelaci\u00f3n \u00abpor cosa juzgada\u00bb, <\/strong>por lo que la familia del fallecido ha optado por presentar esta nulidad y pedir la revocaci\u00f3n de la resoluci\u00f3n de este archivo.\n<\/p>\n<p>  PRUEBAS EN ESPA\u00d1A<\/p>\n<p class=\"article-body__text \">\n        L\u00f3pez, del despacho Vosseler Abogados, ha puesto de manifiesto la <strong>necesidad de poder reabrir esta causa para poder aportar pruebas que, en su momento, no se pudieron tener en cuenta por diversos motivos,<\/strong> uno de ellos porque es Espa\u00f1a el pa\u00eds competente para investigar este caso ya que los hechos sucedieron aqu\u00ed, a pesar de que el fallecido tuviera nacionalidad italiana, ha explicado.\n<\/p>\n<p class=\"article-body__text \">\n        De hecho, ha explicado que en el procedimiento judicial<strong> no se aportaron los registros de llamadas y las conexiones a internet de personas del c\u00edrculo de Biondo<\/strong>, ya que se denegaron porque no estaba siendo investigada ninguna persona.\n<\/p>\n<p class=\"article-body__text \">\n        Tambi\u00e9n ha a\u00f1adido que, tras los dos intentos de reapertura del caso de los familiares,<strong> ha habido \u00abescritos de oposici\u00f3n\u00bb y contra diversos escritos que ped\u00edan volver investigar los hechos.<\/strong>\n<\/p>\n<p class=\"article-body__text \">\n        En cuanto a la aportaci\u00f3n de pruebas, el auto se\u00f1ala que \u00ab<strong>en el momento del hallazgo del cad\u00e1ver, en la inmediatez de los hechos, habr\u00edan debido ser desarrolladas actividades investigativas<\/strong> (interceptaciones ambientales y telef\u00f3nicas, adquisiciones de registros) que <strong>no han sido desarrolladas <\/strong>y que, dado el tiempo transcurrido, no habr\u00edan podido ser desarrolladas por las Autoridades Judiciales italianas\u00bb.\n<\/p>\n<p>  VISIBLEMENTE AFECTADOS<\/p>\n<p class=\"article-body__text \">\n        Por su parte, los padres de Biondo <strong>se han mostrado visiblemente afectados durante la rueda de prensa <\/strong>al considerar que, a pesar de este avance judicial y la oportunidad de poder confirmar que pudo no ser un suicidio, el caso sigue estando archivado.\n<\/p>\n<p class=\"article-body__text \">\n        <strong>\u00abHan permitido que el tiempo borre las huellas del asesino\u00bb, <\/strong>ha afirmado la madre de Biondo, mientras que el padre ha criticado que el archivo del caso se debe al paso del tiempo y la negligencia de los que tuvieron que investigar y no lo hicieron, en sus palabras.<\/p>\n","protected":false},"excerpt":{"rendered":"Los familiares de Mario Biondo, el marido de la presentadora Raquel S\u00e1nchez Silva que fue hallado muerto en&hellip;\n","protected":false},"author":2,"featured_media":165412,"comment_status":"","ping_status":"","sticky":false,"template":"","format":"standard","meta":{"footnotes":""},"categories":[174],"tags":[48690,255,146,147,25,24,12859,256,656,48691,38448,23],"class_list":{"0":"post-165411","1":"post","2":"type-post","3":"status-publish","4":"format-standard","5":"has-post-thumbnail","7":"category-famosos","8":"tag-biondo","9":"tag-celebrities","10":"tag-entertainment","11":"tag-entretenimiento","12":"tag-es","13":"tag-espana","14":"tag-familiares","15":"tag-famosos","16":"tag-mario","17":"tag-pediran","18":"tag-reabrir","19":"tag-spain"},"share_on_mastodon":{"url":"","error":""},"_links":{"self":[{"href":"https:\/\/www.europesays.com\/es\/wp-json\/wp\/v2\/posts\/165411","targetHints":{"allow":["GET"]}}],"collection":[{"href":"https:\/\/www.europesays.com\/es\/wp-json\/wp\/v2\/posts"}],"about":[{"href":"https:\/\/www.europesays.com\/es\/wp-json\/wp\/v2\/types\/post"}],"author":[{"embeddable":true,"href":"https:\/\/www.europesays.com\/es\/wp-json\/wp\/v2\/users\/2"}],"replies":[{"embeddable":true,"href":"https:\/\/www.europesays.com\/es\/wp-json\/wp\/v2\/comments?post=165411"}],"version-history":[{"count":0,"href":"https:\/\/www.europesays.com\/es\/wp-json\/wp\/v2\/posts\/165411\/revisions"}],"wp:featuredmedia":[{"embeddable":true,"href":"https:\/\/www.europesays.com\/es\/wp-json\/wp\/v2\/media\/165412"}],"wp:attachment":[{"href":"https:\/\/www.europesays.com\/es\/wp-json\/wp\/v2\/media?parent=165411"}],"wp:term":[{"taxonomy":"category","embeddable":true,"href":"https:\/\/www.europesays.com\/es\/wp-json\/wp\/v2\/categories?post=165411"},{"taxonomy":"post_tag","embeddable":true,"href":"https:\/\/www.europesays.com\/es\/wp-json\/wp\/v2\/tags?post=165411"}],"curies":[{"name":"wp","href":"https:\/\/api.w.org\/{rel}","templated":true}]}}