{"id":165415,"date":"2025-10-09T15:57:21","date_gmt":"2025-10-09T15:57:21","guid":{"rendered":"https:\/\/www.europesays.com\/es\/165415\/"},"modified":"2025-10-09T15:57:21","modified_gmt":"2025-10-09T15:57:21","slug":"es-un-libro-que-releeria-constantemente","status":"publish","type":"post","link":"https:\/\/www.europesays.com\/es\/165415\/","title":{"rendered":"Es un libro que releer\u00eda constantemente"},"content":{"rendered":"<p data-journey-content=\"true\" data-node-id=\"3\" class=\"css-6wxqfj emevuu60\">Con la llegada del oto\u00f1o, es el momento ideal para entregarse de lleno a la lectura. Ya sea con una taza caliente en mano o durante una tarde tranquila en casa, no hay mejor plan que dejarse atrapar por una buena historia y desconectar de la realidad. Maribel Verd\u00fa, fan\u00e1tica de la lectura, lo sabe bien y as\u00ed lo comparte con sus seguidores en redes sociales. <strong data-node-id=\"3.1\">\u00abLo que m\u00e1s me gusta del mundo es leer\u00bb<\/strong>, confes\u00f3 Maribel Verd\u00fa en el programa &#8216;El Hormiguero&#8217; en 2022. En su perfil, destacan las recomendaciones literarias, y no es casualidad que todas sus historias destacadas est\u00e9n dedicadas precisamente a sus lecturas favoritas. <\/p>\n<p data-journey-content=\"true\" data-node-id=\"8\" class=\"css-6wxqfj emevuu60\"><strong data-node-id=\"8.0\">Lo que m\u00e1s disfruta en el mundo Maribel Verd\u00fa, es perderse entre las p\u00e1ginas de un buen libro.<\/strong> Para la actriz tener un momento tranquilo para dedicar a su familia, amigos y a la lectura, es esencial. En <strong data-node-id=\"8.2\"><a href=\"https:\/\/www.womenshealthmag.com\/es\/moda-belleza\/a68147504\/marible-verdu-pilares-bienestar-consejo-mujer-es-aprender-a-priorizarte\/\" target=\"_blank\" data-vars-ga-outbound-link=\"https:\/\/www.womenshealthmag.com\/es\/moda-belleza\/a68147504\/marible-verdu-pilares-bienestar-consejo-mujer-es-aprender-a-priorizarte\/\" data-vars-ga-ux-element=\"Hyperlink\" data-vars-ga-call-to-action=\"una entrevista para Women&#039;s Health \" data-node-id=\"8.2.0\" class=\"body-link css-7bauu1 emevuu60\" rel=\"nofollow noopener\">una entrevista para Women&#8217;s Health <\/a><\/strong>la actriz de &#8216;Belle Epoque&#8217; nos ha recomendado algunas de sus elecciones favoritas de lectura que releer\u00eda constantemente.<\/p>\n<p data-journey-content=\"true\" data-node-id=\"10\" class=\"css-6wxqfj emevuu60\">Maribel Verd\u00fa es una apasionada de los libros y as\u00ed lo demuestra en todas sus entrevistas. En una de sus \u00faltima visitas a &#8216;El Hormiguero&#8217; en 2022 la actriz comparti\u00f3 el lugar que ocupa la lectura en su vida. <strong data-node-id=\"10.1\">\u00abMi tiempo libre lo paso leyendo. No tengo hijos, no cocino&#8230;, siempre voy con mi libro en la mano\u00bb<\/strong>, asegur\u00f3. Y es que Maribel se ha llegado a leer m\u00e1s de 70 libros en un a\u00f1o.<\/p>\n<p>El libro que Maribel Verd\u00fa releer\u00eda constantemente<\/p>\n<p data-journey-content=\"true\" data-node-id=\"15\" class=\"css-6wxqfj emevuu60\">Pero si la actriz tuviera que elegir un libro que releer una y otra vez, sin duda ser\u00eda &#8216;El hombre en busca de sentido&#8217;, de Viktor Frankl. Una obra impresionante, curiosa y bien contada que narra las vivencias, reflexiones y teor\u00edas de un psic\u00f3logo superviviente del Holocausto. Clientes de Amazon coinciden con Maribel Verd\u00fa: <strong data-node-id=\"15.1\">\u00abEs uno de esos libros que, cada vez que lo relees, te ense\u00f1a algo nuevo, porque cada experiencia que vives le da un matiz distinto\u00bb. <\/strong><\/p>\n<p>HERDER El Hombre en busca de Sentido (SIN COLECCION)<\/p>\n<p><a target=\"_blank\" rel=\"nofollow noopener\" data-theme-key=\"product-image-wrapper\" href=\"https:\/\/www.amazon.es\/dp\/8425432022?tag=womensspain-21\" aria-label=\"12\u00a0\u20ac en Amazon for El Hombre en busca de Sentido (SIN COLECCION)\" data-href=\"https:\/\/www.amazon.es\/dp\/8425432022\" data-product-url=\"https:\/\/www.amazon.es\/dp\/8425432022\" data-affiliate=\"true\" data-affiliate-url=\"https:\/\/www.amazon.es\/dp\/8425432022?tag=womensspain-21\" data-affiliate-network=\"{&quot;afflink_redirect&quot;:&quot;\/_p\/afflink\/yRAo\/amazon-el-hombre-en-busca-de&quot;,&quot;site_id&quot;:&quot;0dd30f95-a604-4dc1-adc3-fd6ae8cf1f0d&quot;,&quot;network&quot;:{&quot;name&quot;:&quot;Amazon&quot;},&quot;metadata&quot;:{&quot;links&quot;:{&quot;default&quot;:&quot;https:\/\/www.amazon.es\/dp\/8425432022?tag=womensspain-21&quot;}}}\" data-vars-ga-call-to-action=\"12\u00a0\u20ac en Amazon\" data-vars-ga-media-role=\"\" data-vars-ga-media-type=\"Single Product Embed\" data-vars-ga-outbound-link=\"https:\/\/www.amazon.es\/dp\/8425432022\" data-vars-ga-product-brand=\"HERDER\" data-vars-ga-product-id=\"fba96a0a-3b9a-4bd2-a315-5bdc6a939ba2\" data-vars-ga-product-price=\"12,25\u00a0\u20ac\" data-vars-ga-product-retailer-id=\"7ffdddd9-7936-45a2-93b0-e7f266e08d64\" data-vars-ga-product-sem3-brand=\"HERDER\" data-vars-ga-link-treatment=\"(not set) | (not set)\" data-vars-ga-sku=\"8425432022\" data-vars-ga-magento-tracking=\"1\" class=\"product-image-link ebgq4gw2 e1b8bpvs0 css-197z3n1 e1c1bym14\"><img  alt=\"El Hombre en busca de Sentido (SIN COLECCION)\" title=\"El Hombre en busca de Sentido (SIN COLECCION)\" src=\"https:\/\/www.europesays.com\/es\/wp-content\/uploads\/2025\/10\/1699106771-81MAQfkjrL.jpg\" width=\"1200\" height=\"1840\" decoding=\"async\" loading=\"lazy\"\/><\/a><\/p>\n<p data-journey-content=\"true\" data-node-id=\"18\" class=\"css-6wxqfj emevuu60\">Y es que Maribel Verd\u00fa entiende la lectura como un refugio, una forma de vida en la que los libros no son solo una fuente de entretenimiento, sino tambi\u00e9n una herramienta de crecimiento personal y de conexi\u00f3n con el mundo.  <\/p>\n<p><img src=\"https:\/\/www.europesays.com\/es\/wp-content\/uploads\/2025\/10\/d5eef193-86a1-4864-b493-5b553b02617a_1744118247.file\" alt=\"Headshot of Mar\u00eda S\u00e1nchez\" title=\"Headshot of Mar\u00eda S\u00e1nchez\" width=\"100%\" height=\"100%\" decoding=\"async\" loading=\"lazy\" class=\"css-o0wq4v ev8dhu53\"\/><\/p>\n<p>Mar\u00eda S\u00e1nchez es una estudiante de periodismo biling\u00fce de la Universidad Carlos III de Madrid. Desde el inicio de su carrera ha estado vinculada al sector de la moda y la belleza, enfocando su proyecto universitario en temas relacionados con el lifestyle, la moda y la F\u00f3rmula 1.<\/p>\n<p>El periodismo es su verdadera vocaci\u00f3n, a trav\u00e9s de \u00e9l, busca conectar con las personas y transmitir informaci\u00f3n veraz y de calidad. Su gran pasi\u00f3n por la moda y la belleza le ha permitido desarrollar una visi\u00f3n creativa y original, que aplica en cada proyecto en el que se involucra.\u00a0<\/p>\n<p>Actualmente, es becaria en la redacci\u00f3n de Womens Health, una de las cabeceras m\u00e1s influyentes del sector femenino y wellness, donde colabora en la elaboraci\u00f3n de art\u00edculos y galer\u00edas en las secciones de moda y belleza. Adem\u00e1s de la publicaci\u00f3n en las distintas redes sociales y el manejo de edici\u00f3n de fotos.<\/p>\n<p>Esta experiencia le ha brindado la oportunidad de descubrir nuevas pasiones, como el bienestar, la nutrici\u00f3n y el deporte, especialmente disciplinas como el yoga y el pilates. Su objetivo es construir una comunidad de mujeres donde puedan compartir consejos sobre nutrici\u00f3n, outfits para el gimnasio e incluso productos de belleza, creando un espacio de apoyo y conexi\u00f3n.<\/p>\n<p>Y as\u00ed crear contenido \u00fatil, cercano y con el que otras mujeres se puedan sentir identificadas.<\/p>\n","protected":false},"excerpt":{"rendered":"Con la llegada del oto\u00f1o, es el momento ideal para entregarse de lleno a la lectura. Ya sea&hellip;\n","protected":false},"author":2,"featured_media":165416,"comment_status":"","ping_status":"","sticky":false,"template":"","format":"standard","meta":{"footnotes":""},"categories":[172],"tags":[224,253,146,147,25,24,225,23],"class_list":{"0":"post-165415","1":"post","2":"type-post","3":"status-publish","4":"format-standard","5":"has-post-thumbnail","7":"category-libros","8":"tag-books","9":"tag-discover","10":"tag-entertainment","11":"tag-entretenimiento","12":"tag-es","13":"tag-espana","14":"tag-libros","15":"tag-spain"},"share_on_mastodon":{"url":"","error":""},"_links":{"self":[{"href":"https:\/\/www.europesays.com\/es\/wp-json\/wp\/v2\/posts\/165415","targetHints":{"allow":["GET"]}}],"collection":[{"href":"https:\/\/www.europesays.com\/es\/wp-json\/wp\/v2\/posts"}],"about":[{"href":"https:\/\/www.europesays.com\/es\/wp-json\/wp\/v2\/types\/post"}],"author":[{"embeddable":true,"href":"https:\/\/www.europesays.com\/es\/wp-json\/wp\/v2\/users\/2"}],"replies":[{"embeddable":true,"href":"https:\/\/www.europesays.com\/es\/wp-json\/wp\/v2\/comments?post=165415"}],"version-history":[{"count":0,"href":"https:\/\/www.europesays.com\/es\/wp-json\/wp\/v2\/posts\/165415\/revisions"}],"wp:featuredmedia":[{"embeddable":true,"href":"https:\/\/www.europesays.com\/es\/wp-json\/wp\/v2\/media\/165416"}],"wp:attachment":[{"href":"https:\/\/www.europesays.com\/es\/wp-json\/wp\/v2\/media?parent=165415"}],"wp:term":[{"taxonomy":"category","embeddable":true,"href":"https:\/\/www.europesays.com\/es\/wp-json\/wp\/v2\/categories?post=165415"},{"taxonomy":"post_tag","embeddable":true,"href":"https:\/\/www.europesays.com\/es\/wp-json\/wp\/v2\/tags?post=165415"}],"curies":[{"name":"wp","href":"https:\/\/api.w.org\/{rel}","templated":true}]}}