{"id":165427,"date":"2025-10-09T16:03:08","date_gmt":"2025-10-09T16:03:08","guid":{"rendered":"https:\/\/www.europesays.com\/es\/165427\/"},"modified":"2025-10-09T16:03:08","modified_gmt":"2025-10-09T16:03:08","slug":"lista-de-cantantes-confirmados-para-la-nueva-edicion-del-festival-de-rtve","status":"publish","type":"post","link":"https:\/\/www.europesays.com\/es\/165427\/","title":{"rendered":"lista de cantantes confirmados para la nueva edici\u00f3n del festival de RTVE"},"content":{"rendered":"<p style=\"\">Despu\u00e9s de mucha espera, este jueves 9 de octubre por fin hemos conocido a los <strong>18 concursantes<\/strong> que participar\u00e1n en el <strong>Benidorm Fest 2026<\/strong>. As\u00ed los ha desvelado esta misma tarde <strong>Mar\u00eda Eizaguirre<\/strong>, directora de Comunicaci\u00f3n y Participaci\u00f3n de RTVE, durante la  &#8230; rueda de prensa convocada para poner cara a los cantantes que luchar\u00e1n por ganar <a href=\"https:\/\/www.abc.es\/noticias\/benidorm-fest\/\" title=\"www.abc.es\" data-voc-vtm-id=\"in-text-traffic\" data-mrf-link=\"www.abc.es\" rel=\"nofollow noopener\" target=\"_blank\">el certamen<\/a> el pr\u00f3ximo mes de febrero. <\/p>\n<p class=\"voc-p\" style=\"\">Desde 2022, el festival se hab\u00eda convertido en la <a href=\"https:\/\/www.abc.es\/play\/television\/eurovision\/pasa-benidorm-fest-tras-decision-rtve-eurovision-20250916122716-nt.html\" title=\"www.abc.es\" data-voc-vtm-id=\"in-text-traffic\" data-mrf-link=\"www.abc.es\" rel=\"nofollow noopener\" target=\"_blank\">preselecci\u00f3n espa\u00f1ola a Eurovisi\u00f3n<\/a>, dotando al ganador de la posibilidad de acudir como representante al Festival de la Canci\u00f3n, como ya sucedi\u00f3 con <strong>Chanel, Blanca Paloma, Nebulossa y Melody<\/strong> en el pasado. Un honor que hab\u00eda motivado a muchos artistas de renombre a participar, como <a href=\"https:\/\/www.abc.es\/gente\/drama-personal-toni-encarna-azucar-moreno-infancia-20250224200000-nt.html\" title=\"www.abc.es\" data-voc-vtm-id=\"in-text-traffic\" data-mrf-link=\"www.abc.es\" rel=\"nofollow noopener\" target=\"_blank\">Az\u00facar Moreno<\/a>, Miss Caffeina, Angy Fern\u00e1ndez, Sonia y Selena o <a href=\"https:\/\/www.abc.es\/play\/cine\/noticias\/vida-personal-rigoberta-bandini-marido-humorista-hijo-20250208200000-nt.html\" title=\"www.abc.es\" data-voc-vtm-id=\"in-text-traffic\" data-mrf-link=\"www.abc.es\" rel=\"nofollow noopener\" target=\"_blank\">Rigoberta Bandini<\/a>, entre otros.<\/p>\n<p class=\"voc-p\" style=\"\">Sin embargo, tal y como confirm\u00f3 el <a href=\"https:\/\/www.abc.es\/play\/television\/eurovision\/espana-ira-eurovision-israel-participa-festival-20250916115436-nt.html\" title=\"www.abc.es\" data-voc-vtm-id=\"in-text-traffic\" data-mrf-link=\"www.abc.es\" rel=\"nofollow noopener\" target=\"_blank\">Consejo de Administraci\u00f3n de la corporaci\u00f3n<\/a> el pasado mes de septiembre, <strong>Espa\u00f1a no participar\u00e1 en la edici\u00f3n de 2026 si no se expulsa a Israel<\/strong>, como ya hab\u00edan hecho <a href=\"https:\/\/www.abc.es\/play\/television\/eurovision\/canciller-aleman-rotundo-sobre-participacion-pais-eurovision-20251006152437-nt.html\" title=\"www.abc.es\" data-voc-vtm-id=\"in-text-traffic\" data-mrf-link=\"www.abc.es\" rel=\"nofollow noopener\" target=\"_blank\">otros pa\u00edses<\/a> como Pa\u00edses Bajos, Eslovenia o Irlanda. Por lo tanto, habr\u00e1 que <a href=\"https:\/\/www.abc.es\/play\/television\/eurovision\/eurovision-adelanta-noviemrbe-votacion-sobre-participacion-israel-20250925192708-nt.html\" title=\"www.abc.es\" data-voc-vtm-id=\"in-text-traffic\" data-mrf-link=\"www.abc.es\" rel=\"nofollow noopener\" target=\"_blank\">esperar a noviembre<\/a> para conocer la resoluci\u00f3n de la Uni\u00f3n Europea de Radiodifusi\u00f3n (UER), organizadora del evento, que se reunir\u00e1 ese mismo mes para decidir si la <strong>situaci\u00f3n en Gaza<\/strong> tendr\u00e1 consecuencias sobre <strong>la KAN, la cadena p\u00fablica israel\u00ed<\/strong>. <\/p>\n<p class=\"voc-p\" style=\"\">Esta circunstancia extraordinaria no ha menguado la presentaci\u00f3n de candidaturas: <strong>RTVE ha recibido 870 canciones para participar en el Benidorm Fest 2026<\/strong>, tan solo 32 menos que el pasado a\u00f1o. Entre los grandes incentivos que han motivado a muchos a probar suerte, sumado al micr\u00f3fono de bronce, se encuentra el <a href=\"https:\/\/www.abc.es\/play\/television\/noticias\/bases-benidorm-fest-2026-150000-euros-cancion-20250604165344-nt.html\" title=\"www.abc.es\" data-voc-vtm-id=\"in-text-traffic\" data-mrf-link=\"www.abc.es\" rel=\"nofollow noopener\" target=\"_blank\">premio en met\u00e1lico<\/a> que se entregar\u00e1 al ganador, que asciende a un total de <strong>150.000 euros brutos<\/strong> (100.000 para los int\u00e9rpretes y 50.000 euros para los autores de la canci\u00f3n).<\/p>\n<p class=\"voc-p\" style=\"\">Sin embargo, tras el cierre del plazo el pasado 24 de septiembre, tan solo <strong>18 cantantes<\/strong>, dos m\u00e1s que en las anteriores ediciones, han podido convertirse en participantes de pleno derecho del concurso musical. Todos ellos han sido elegidos por un nuevo comit\u00e9 de selecci\u00f3n de canciones, conformado por profesionales de la industria musical y la radio.<\/p>\n<p>\nEstos son los concursantes confirmados del Benidorm Fest 2026\n<\/p>\n<p class=\"voc-p\" style=\"\">Como ya se ha anunciado, la <strong>Comunidad Valenciana<\/strong> volver\u00e1 a ser el epicentro de la m\u00fasica nacional durante el pr\u00f3ximo mes de febrero. Esta nueva edici\u00f3n del Benidorm Fest se celebrar\u00e1 <strong>entre el 10 y el 14 de febrero<\/strong> en la ciudad alicantina: las dos semifinales tendr\u00e1n lugar el martes 10 y el jueves 12, mientras que la final se llevar\u00e1 a cabo el s\u00e1bado 14. <\/p>\n<p class=\"voc-p\" style=\"\">Desde que se diera a conocer la noticia, son muchos los nombres que han sonado para formar parte del elenco de artistas que desfilar\u00e1n por el <strong>Palau Municipal d&#8217;Esports L&#8217;Illa<\/strong> para mostrar sus propuestas. Ahora, tras mucha espera, ya conocemos a los participantes confirmados: esta es la <strong>lista completa de concursantes <\/strong>que competir\u00e1n en el Benidorm Fest 2026.<\/p>\n<p>\n\u00bfCu\u00e1ndo se publicar\u00e1n las canciones de los concursantes del Benidorm Fest 2026? RTVE ya ha dado la fecha\n<\/p>\n<p class=\"voc-p\" style=\"\">Durante la rueda de prensa de hoy, no hemos conocido los <strong>nombres de las cancione<\/strong>s de los artistas participantes que optar\u00e1n a ganar en el Benidorm Fest 2026, como si pas\u00f3 en ediciones anteriores. Adem\u00e1s, para poder escuchar los temas seleccionados <strong>tendremos que esperar a\u00fan unas cuantas semanas<\/strong>, como ya sucedi\u00f3 en ediciones anteriores del festival.<\/p>\n<p class=\"voc-p\" style=\"\">Las canciones \u00edntegras que participan en el certamen de preselecci\u00f3n a Eurovisi\u00f3n <strong>no se conocer\u00e1n hasta el pr\u00f3ximo 18 de diciembre<\/strong>. Ser\u00e1 entonces cuando RTVE publique por fin las candidatas a seguir los pasos de &#8216;Esa Diva&#8217;, el tema de Melody que se hizo con la victoria en la \u00faltima edici\u00f3n del festival alicantino.<\/p>\n","protected":false},"excerpt":{"rendered":"Despu\u00e9s de mucha espera, este jueves 9 de octubre por fin hemos conocido a los 18 concursantes que&hellip;\n","protected":false},"author":2,"featured_media":165428,"comment_status":"","ping_status":"","sticky":false,"template":"","format":"standard","meta":{"footnotes":""},"categories":[91],"tags":[3076,7092,3061,567,24777,2197,146,147,25,24,4139,3931,12182,795,518,23],"class_list":{"0":"post-165427","1":"post","2":"type-post","3":"status-publish","4":"format-standard","5":"has-post-thumbnail","7":"category-entretenimiento","8":"tag-3076","9":"tag-benidorm","10":"tag-cantantes","11":"tag-concursantes","12":"tag-confirmados","13":"tag-edicion","14":"tag-entertainment","15":"tag-entretenimiento","16":"tag-es","17":"tag-espana","18":"tag-fest","19":"tag-festival","20":"tag-lista","21":"tag-nueva","22":"tag-rtve","23":"tag-spain"},"share_on_mastodon":{"url":"","error":""},"_links":{"self":[{"href":"https:\/\/www.europesays.com\/es\/wp-json\/wp\/v2\/posts\/165427","targetHints":{"allow":["GET"]}}],"collection":[{"href":"https:\/\/www.europesays.com\/es\/wp-json\/wp\/v2\/posts"}],"about":[{"href":"https:\/\/www.europesays.com\/es\/wp-json\/wp\/v2\/types\/post"}],"author":[{"embeddable":true,"href":"https:\/\/www.europesays.com\/es\/wp-json\/wp\/v2\/users\/2"}],"replies":[{"embeddable":true,"href":"https:\/\/www.europesays.com\/es\/wp-json\/wp\/v2\/comments?post=165427"}],"version-history":[{"count":0,"href":"https:\/\/www.europesays.com\/es\/wp-json\/wp\/v2\/posts\/165427\/revisions"}],"wp:featuredmedia":[{"embeddable":true,"href":"https:\/\/www.europesays.com\/es\/wp-json\/wp\/v2\/media\/165428"}],"wp:attachment":[{"href":"https:\/\/www.europesays.com\/es\/wp-json\/wp\/v2\/media?parent=165427"}],"wp:term":[{"taxonomy":"category","embeddable":true,"href":"https:\/\/www.europesays.com\/es\/wp-json\/wp\/v2\/categories?post=165427"},{"taxonomy":"post_tag","embeddable":true,"href":"https:\/\/www.europesays.com\/es\/wp-json\/wp\/v2\/tags?post=165427"}],"curies":[{"name":"wp","href":"https:\/\/api.w.org\/{rel}","templated":true}]}}