{"id":165432,"date":"2025-10-09T16:06:16","date_gmt":"2025-10-09T16:06:16","guid":{"rendered":"https:\/\/www.europesays.com\/es\/165432\/"},"modified":"2025-10-09T16:06:16","modified_gmt":"2025-10-09T16:06:16","slug":"un-oso-ataca-a-un-cliente-en-un-supermercado-en-japon-y-marca-un-nuevo-record-nacional-de-muertes-por-este-animal-en-el-pais","status":"publish","type":"post","link":"https:\/\/www.europesays.com\/es\/165432\/","title":{"rendered":"Un oso ataca a un cliente en un supermercado en Jap\u00f3n y marca un nuevo r\u00e9cord nacional de muertes por este animal en el pa\u00eds"},"content":{"rendered":"<p>      Tokio<br \/>\n      CNN<br \/>\n        \u00a0\u2014\u00a0<\/p>\n<p class=\"paragraph inline-placeholder vossi-paragraph\" data-uri=\"es.cms.cnn.com\/_components\/paragraph\/instances\/cmgi6gp8d000r27oz0ge32rnj@published\" data-editable=\"text\" data-component-name=\"paragraph\" data-article-gutter=\"true\">\n            Un oso arras\u00f3 el martes con la secci\u00f3n de sushi de un supermercado en el centro de Jap\u00f3n, en el \u00faltimo de una serie de ataques que han elevado la cifra de muertos de este a\u00f1o a un r\u00e9cord.\n    <\/p>\n<p class=\"paragraph inline-placeholder vossi-paragraph\" data-uri=\"es.cms.cnn.com\/_components\/paragraph\/instances\/cmgi6ko4g0005356n13dlopuu@published\" data-editable=\"text\" data-component-name=\"paragraph\" data-article-gutter=\"true\">\n            Dos clientes, de 69 y 76 a\u00f1os, resultaron heridos cuando el oso, de 1,4 metros de altura, cruz\u00f3 un aparcamiento antes de entrar en un supermercado en la ciudad de Numata, a unos 130 kil\u00f3metros al norte de Tokio, seg\u00fan la polic\u00eda local. Uno result\u00f3 herido en el aparcamiento y el otro dentro del establecimiento.\n    <\/p>\n<p class=\"paragraph inline-placeholder vossi-paragraph\" data-uri=\"es.cms.cnn.com\/_components\/paragraph\/instances\/cmgi6ko4g0006356nciqlrxbu@published\" data-editable=\"text\" data-component-name=\"paragraph\" data-article-gutter=\"true\">\n            Aunque este encuentro no fue mortal, dos ataques de osos a principios de este mes elevaron la cifra de muertos a siete en lo que va de a\u00f1o, seg\u00fan datos oficiales e informes de prensa locales, la cifra anual m\u00e1s alta desde que se iniciaron los registros en 2006.\n    <\/p>\n<p class=\"paragraph inline-placeholder vossi-paragraph\" data-uri=\"es.cms.cnn.com\/_components\/paragraph\/instances\/cmgi6ko4g0007356nqav3xpag@published\" data-editable=\"text\" data-component-name=\"paragraph\" data-article-gutter=\"true\">\n            Alrededor de las 7:30 p.m. hora local del martes, unas 40 personas estaban haciendo sus compras cuando el oso entr\u00f3 al establecimiento y se abalanz\u00f3 sobre un cliente, inform\u00f3 la emisora p\u00fablica japonesa NHK. Dos clientes sufrieron heridas leves, de acuerdo con la polic\u00eda.\n    <\/p>\n<p class=\"paragraph inline-placeholder vossi-paragraph\" data-uri=\"es.cms.cnn.com\/_components\/paragraph\/instances\/cmgi6ko4g0008356n4r3afcey@published\" data-editable=\"text\" data-component-name=\"paragraph\" data-article-gutter=\"true\">\n            Los expertos afirman que los osos se aventuran cada vez m\u00e1s fuera de sus h\u00e1bitats tradicionales y se adentran en zonas urbanas en busca de alimento debido a que el cambio clim\u00e1tico est\u00e1 interfiriendo con la floraci\u00f3n y la polinizaci\u00f3n de algunas de las fuentes tradicionales de alimento de estos animales.\n    <\/p>\n<p class=\"paragraph inline-placeholder vossi-paragraph\" data-uri=\"es.cms.cnn.com\/_components\/paragraph\/instances\/cmgi6ko4g0009356nzvv6lqjt@published\" data-editable=\"text\" data-component-name=\"paragraph\" data-article-gutter=\"true\">\n            Sin embargo, el gerente del supermercado declar\u00f3 a NHK que el oso no parec\u00eda interesado en la comida.\n    <\/p>\n<p class=\"paragraph inline-placeholder vossi-paragraph\" data-uri=\"es.cms.cnn.com\/_components\/paragraph\/instances\/cmgi6ko4g000a356nn6knoxix@published\" data-editable=\"text\" data-component-name=\"paragraph\" data-article-gutter=\"true\">\n            \u201cParec\u00eda que hab\u00eda entrado en la tienda, quer\u00eda irse pero no pod\u00eda, y luego se puso nervioso\u201d, declar\u00f3.\n    <\/p>\n<p class=\"paragraph inline-placeholder vossi-paragraph\" data-uri=\"es.cms.cnn.com\/_components\/paragraph\/instances\/cmgi6ko4g000b356n6ovnazzs@published\" data-editable=\"text\" data-component-name=\"paragraph\" data-article-gutter=\"true\">\n            Mientras el gerente intentaba evacuar a los clientes, el oso sali\u00f3 corriendo.\n    <\/p>\n<p class=\"paragraph inline-placeholder vossi-paragraph\" data-uri=\"es.cms.cnn.com\/_components\/paragraph\/instances\/cmgi6ko4g000c356ns3btrq2t@published\" data-editable=\"text\" data-component-name=\"paragraph\" data-article-gutter=\"true\">\n            \u201cA menudo escuchaba noticias sobre osos entrando en tiendas, pero nunca imagin\u00e9 que uno realmente vendr\u00eda a la nuestra\u201d, declar\u00f3 el gerente a NHK.\n    <\/p>\n<p class=\"paragraph inline-placeholder vossi-paragraph\" data-uri=\"es.cms.cnn.com\/_components\/paragraph\/instances\/cmgi6ko4g000d356nn6f80z0p@published\" data-editable=\"text\" data-component-name=\"paragraph\" data-article-gutter=\"true\">\n            A principios de este mes, dos muertes se atribuyeron a ataques de osos, lo que elev\u00f3 la cifra anual a siete. Posteriormente, el mi\u00e9rcoles por la ma\u00f1ana se descubri\u00f3 un cuerpo con ara\u00f1azos que parec\u00edan ser de un oso en la prefectura norte\u00f1a de Iwate, inform\u00f3 NHK, lo que posiblemente elev\u00f3 a\u00fan m\u00e1s la cifra de muertos.\n    <\/p>\n<p class=\"paragraph inline-placeholder vossi-paragraph\" data-uri=\"es.cms.cnn.com\/_components\/paragraph\/instances\/cmgi6ko4g000e356n6pg97qoj@published\" data-editable=\"text\" data-component-name=\"paragraph\" data-article-gutter=\"true\">\n            El ataque del martes se sum\u00f3 a una serie de encuentros reportados entre osos y humanos en todo el pa\u00eds esta semana.\n    <\/p>\n<p class=\"paragraph inline-placeholder vossi-paragraph\" data-uri=\"es.cms.cnn.com\/_components\/paragraph\/instances\/cmgi6ko4g000f356nthgwlhl8@published\" data-editable=\"text\" data-component-name=\"paragraph\" data-article-gutter=\"true\">\n            Ese mismo d\u00eda, un agricultor de unos 20 a\u00f1os fue atacado por un oso en la prefectura norte\u00f1a de Akita, pocos d\u00edas despu\u00e9s de que un turista espa\u00f1ol resultara herido por otro animal mientras caminaba cerca de una parada de autob\u00fas en el pueblo de Shirakawa, un popular destino tur\u00edstico en el centro de Jap\u00f3n.\n    <\/p>\n","protected":false},"excerpt":{"rendered":"Tokio CNN \u00a0\u2014\u00a0 Un oso arras\u00f3 el martes con la secci\u00f3n de sushi de un supermercado en el&hellip;\n","protected":false},"author":2,"featured_media":165433,"comment_status":"","ping_status":"","sticky":false,"template":"","format":"standard","meta":{"footnotes":""},"categories":[42],"tags":[17,18,13,14,11,61,62,63,64,3564,19,20,9,10,15,16,10772,19330,12,21,22,65,66,67],"class_list":{"0":"post-165432","1":"post","2":"type-post","3":"status-publish","4":"format-standard","5":"has-post-thumbnail","7":"category-internacional","8":"tag-breaking-news","9":"tag-breakingnews","10":"tag-featured-news","11":"tag-featurednews","12":"tag-headlines","13":"tag-internacional","14":"tag-international","15":"tag-international-news","16":"tag-internationalnews","17":"tag-japon","18":"tag-latest-news","19":"tag-latestnews","20":"tag-news","21":"tag-noticias","22":"tag-noticias-destacadas","23":"tag-noticiasdestacadas","24":"tag-oso","25":"tag-osos","26":"tag-titulares","27":"tag-ultimas-noticias","28":"tag-ultimasnoticias","29":"tag-world","30":"tag-world-news","31":"tag-worldnews"},"share_on_mastodon":{"url":"","error":""},"_links":{"self":[{"href":"https:\/\/www.europesays.com\/es\/wp-json\/wp\/v2\/posts\/165432","targetHints":{"allow":["GET"]}}],"collection":[{"href":"https:\/\/www.europesays.com\/es\/wp-json\/wp\/v2\/posts"}],"about":[{"href":"https:\/\/www.europesays.com\/es\/wp-json\/wp\/v2\/types\/post"}],"author":[{"embeddable":true,"href":"https:\/\/www.europesays.com\/es\/wp-json\/wp\/v2\/users\/2"}],"replies":[{"embeddable":true,"href":"https:\/\/www.europesays.com\/es\/wp-json\/wp\/v2\/comments?post=165432"}],"version-history":[{"count":0,"href":"https:\/\/www.europesays.com\/es\/wp-json\/wp\/v2\/posts\/165432\/revisions"}],"wp:featuredmedia":[{"embeddable":true,"href":"https:\/\/www.europesays.com\/es\/wp-json\/wp\/v2\/media\/165433"}],"wp:attachment":[{"href":"https:\/\/www.europesays.com\/es\/wp-json\/wp\/v2\/media?parent=165432"}],"wp:term":[{"taxonomy":"category","embeddable":true,"href":"https:\/\/www.europesays.com\/es\/wp-json\/wp\/v2\/categories?post=165432"},{"taxonomy":"post_tag","embeddable":true,"href":"https:\/\/www.europesays.com\/es\/wp-json\/wp\/v2\/tags?post=165432"}],"curies":[{"name":"wp","href":"https:\/\/api.w.org\/{rel}","templated":true}]}}