{"id":165438,"date":"2025-10-09T16:09:10","date_gmt":"2025-10-09T16:09:10","guid":{"rendered":"https:\/\/www.europesays.com\/es\/165438\/"},"modified":"2025-10-09T16:09:10","modified_gmt":"2025-10-09T16:09:10","slug":"el-abanca-ademar-quiere-empezar-su-maraton-con-buen-pie","status":"publish","type":"post","link":"https:\/\/www.europesays.com\/es\/165438\/","title":{"rendered":"El Abanca Ademar quiere empezar su marat\u00f3n con buen pie"},"content":{"rendered":"<p><a class=\"v-mdl-ath__fig-a\" href=\"https:\/\/www.leonoticias.com\/autor\/dani-gonzalez-2280.html\" title=\"Dani Gonz\u00e1lez\" rel=\"nofollow noopener\" target=\"_blank\"><br \/>\n<img decoding=\"async\" class=\"v-mdl-ath__img\" src=\"https:\/\/www.europesays.com\/es\/wp-content\/uploads\/2025\/08\/autor-2280-foto-4.jpeg\" alt=\"Dani Gonz\u00e1lez\"\/><br \/>\n<\/a><\/p>\n<p class=\"v-mdl-ath__p v-mdl-ath__p--6\">\nJueves, 9 de octubre 2025, 17:11<\/p>\n<p class=\"v-p\">Puente Genil es el inicio del tramo m\u00e1s complicado del camino. El Abanca Ademar visita este viernes (20:30 horas) al \u00c1ngel Xim\u00e9nez Puente Genil en busca de dos puntos muy valiosos para seguir asent\u00e1ndose como un firme candidato a los puestos europeos a trav\u00e9s de la Liga Asobal.<\/p>\n<p class=\"v-p\">Sin Lodos ni Lindqvist, el conjunto marista visita a un equipo cordob\u00e9s en buen momento, ya que ha sumado dos victorias en los dos \u00faltimos partidos. Con viejos conocidos de los ademaristas como Tiago Sousa o Leandro Semedo, adem\u00e1s de otros con &#8216;pedigr\u00ed&#8217; en Asobal como Pablo Simonet o \u00c1lvaro de Hita, los andaluces tratar\u00e1n de sorprender a los leoneses.<\/p>\n<p class=\"v-p\">Y todo esto llega despu\u00e9s de un importante triunfo de los de Dani Gordo ante <a href=\"https:\/\/www.leonoticias.com\/deportes\/ademar\/gonzalo-comanda-comoda-victoria-abanca-ademar-estrena-20251004200931-nt.html\" title=\"www.leonoticias.com\" data-voc-vtm-id=\"in-text-traffic\" data-mrf-link=\"www.leonoticias.com\" rel=\"nofollow noopener\" target=\"_blank\">Caser\u00edo Ciudad Real en el Palacio<\/a> y como inicio de unas semanas muy duras y ajetreadas en el calendario marista. La Liga Europea comienza para los maristas este martes y comenzar\u00e1n a encadenar dos partidos por semana.<\/p>\n<p>La importancia de rotar<\/p>\n<p class=\"v-p\">Es por ello que los tropiezos tienen que ser m\u00ednimos en el tramo m\u00e1s exigente de calendario, donde todos los jugadores a las \u00f3rdenes de Dani Gordo tienen que dar un rendimiento \u00f3ptimo para poder rotar, repartir minutos y que la carga f\u00edsica sea la m\u00ednima posible en cada uno de los efectivos leoneses.<\/p>\n<p class=\"v-p\">Con la buena imagen dada en las dos salidas ligueras que se han dado hasta ahora &#8211; Cangas e Ir\u00fan -, los maristas quieren mantener ese buen rendimiento como visitante y llegar con la moral alta al primer duelo europeo ante el Kadetten de Juan Castro.<\/p>\n<p>Reporta un error<\/p>\n","protected":false},"excerpt":{"rendered":"Jueves, 9 de octubre 2025, 17:11 Puente Genil es el inicio del tramo m\u00e1s complicado del camino. El&hellip;\n","protected":false},"author":2,"featured_media":165439,"comment_status":"","ping_status":"","sticky":false,"template":"","format":"standard","meta":{"footnotes":""},"categories":[278],"tags":[6857,5871,376,5436,168,8752,25,24,375,23906,12082,2615,23,167],"class_list":{"0":"post-165438","1":"post","2":"type-post","3":"status-publish","4":"format-standard","5":"has-post-thumbnail","7":"category-balonmano","8":"tag-abanca","9":"tag-ademar","10":"tag-balonmano","11":"tag-buen","12":"tag-deportes","13":"tag-empezar","14":"tag-es","15":"tag-espana","16":"tag-handball","17":"tag-maraton","18":"tag-pie","19":"tag-quiere","20":"tag-spain","21":"tag-sports"},"share_on_mastodon":{"url":"","error":""},"_links":{"self":[{"href":"https:\/\/www.europesays.com\/es\/wp-json\/wp\/v2\/posts\/165438","targetHints":{"allow":["GET"]}}],"collection":[{"href":"https:\/\/www.europesays.com\/es\/wp-json\/wp\/v2\/posts"}],"about":[{"href":"https:\/\/www.europesays.com\/es\/wp-json\/wp\/v2\/types\/post"}],"author":[{"embeddable":true,"href":"https:\/\/www.europesays.com\/es\/wp-json\/wp\/v2\/users\/2"}],"replies":[{"embeddable":true,"href":"https:\/\/www.europesays.com\/es\/wp-json\/wp\/v2\/comments?post=165438"}],"version-history":[{"count":0,"href":"https:\/\/www.europesays.com\/es\/wp-json\/wp\/v2\/posts\/165438\/revisions"}],"wp:featuredmedia":[{"embeddable":true,"href":"https:\/\/www.europesays.com\/es\/wp-json\/wp\/v2\/media\/165439"}],"wp:attachment":[{"href":"https:\/\/www.europesays.com\/es\/wp-json\/wp\/v2\/media?parent=165438"}],"wp:term":[{"taxonomy":"category","embeddable":true,"href":"https:\/\/www.europesays.com\/es\/wp-json\/wp\/v2\/categories?post=165438"},{"taxonomy":"post_tag","embeddable":true,"href":"https:\/\/www.europesays.com\/es\/wp-json\/wp\/v2\/tags?post=165438"}],"curies":[{"name":"wp","href":"https:\/\/api.w.org\/{rel}","templated":true}]}}