{"id":165466,"date":"2025-10-09T16:26:12","date_gmt":"2025-10-09T16:26:12","guid":{"rendered":"https:\/\/www.europesays.com\/es\/165466\/"},"modified":"2025-10-09T16:26:12","modified_gmt":"2025-10-09T16:26:12","slug":"quien-es-laszlo-krasznahorkai-el-escritor-hungaro-maestro-del-apocalipsis-que-recibio-el-premio-nobel-de-literatura-2025","status":"publish","type":"post","link":"https:\/\/www.europesays.com\/es\/165466\/","title":{"rendered":"Qui\u00e9n es L\u00e1szl\u00f3 Krasznahorkai, el escritor h\u00fangaro \u00abmaestro del apocalipsis\u00bb que recibi\u00f3 el premio Nobel de Literatura 2025"},"content":{"rendered":"<p><img fetchpriority=\"high\" decoding=\"async\" src=\"https:\/\/www.europesays.com\/es\/wp-content\/uploads\/2025\/10\/d225be30-a4ff-11f0-92db-77261a15b9d2.jpg.webp.webp\"   alt=\"L\u00e1szl\u00f3 Krasznahorkai\" loading=\"eager\" width=\"1024\" height=\"683\" style=\"aspect-ratio:1024 \/ 683\" class=\"bbc-139onq\"\/><\/p>\n<p class=\"bbc-by8ykd\" role=\"text\">Fuente de la imagen, Getty Images<\/p>\n<p>Pie de foto, L\u00e1szl\u00f3 Krasznahorkai es el premio Nobel de Literatura en 2025. <strong id=\"article-byline\" aria-hidden=\"true\" class=\"bbc-m04vo2\">Informaci\u00f3n del art\u00edculo<\/strong><\/p>\n<ul class=\"bbc-1rvtlej\">\n<li class=\"bbc-oe8da4\">\n<ul role=\"list\" class=\"bbc-r1yif8\">\n<li>Autor, Alejandro Millan Valencia<\/li>\n<li>T\u00edtulo del autor,  BBC News Mundo <\/li>\n<\/ul>\n<\/li>\n<li class=\"bbc-1clfxfc\">\n<p>5 horas<\/p>\n<\/li>\n<li class=\"bbc-1clfxfc\"\/><\/ul>\n<p dir=\"ltr\" class=\"bbc-hhl7in e17g058b0\"><b>El escritor h\u00fangaro L\u00e1szl\u00f3 Krasznahorkai  fue elegido este jueves por la Academia Sueca como el premio Nobel de Literatura 2025. <\/b><\/p>\n<p dir=\"ltr\" class=\"bbc-hhl7in e17g058b0\">De acuerdo con la instituci\u00f3n, el novelista recibe el premio \u00abpor su obra cautivadora y visionaria que, en medio del terror apocal\u00edptico, reafirma el poder del arte\u00bb. <\/p>\n<p dir=\"ltr\" class=\"bbc-hhl7in e17g058b0\">Krasznahorkai, de 71 a\u00f1os, nacido en Hungr\u00eda y reconocido como una de las voces europeas m\u00e1s poderosas, logr\u00f3 el reconocimiento internacional gracias a novelas como \u00abSatantango\u00bb o \u00abTango Sat\u00e1nico\u00bb (1985) o \u00abLa melancol\u00eda de la resistencia\u00bb (1989), ambas llevadas al cine por el director y compatriota B\u00e9la Tarr.<\/p>\n<p dir=\"ltr\" class=\"bbc-hhl7in e17g058b0\">\u00abKrasznahorkai es un gran escritor \u00e9pico de la tradici\u00f3n centroeuropea que se extiende desde Kafka hasta Thomas Bernhard, y se caracteriza por el absurdo y el exceso grotesco\u00bb, dijo Anders Olsson, presidente del comit\u00e9 Nobel.<\/p>\n<p dir=\"ltr\" class=\"bbc-hhl7in e17g058b0\">La Academia Sueca adem\u00e1s resalt\u00f3 el valor de la literatura de Krasznahorkai al valorar no solo obras como \u00abSatantango\u00bb -en el que hace un paralelo con su pueblo natal, Gyula, cerca de la frontera con Rumania- sino tambi\u00e9n como \u00abHerscht 07769\u00bb, una de sus \u00faltimas obras. <\/p>\n<p dir=\"ltr\" class=\"bbc-hhl7in e17g058b0\">\u00abHerscht 07769, de Krasznahorkai, ha sido descrita como una gran novela alemana contempor\u00e1nea por su precisi\u00f3n al retratar el malestar social del pa\u00eds\u00bb, se\u00f1ala la Academia Sueca. <\/p>\n<p dir=\"ltr\" class=\"bbc-hhl7in e17g058b0\">Y a\u00f1ade: \u00abEn &#8216;Herscht 07769&#8217;, nos encontramos no en una pesadilla febril en los C\u00e1rpatos, sino en un retrato cre\u00edble de un peque\u00f1o pueblo contempor\u00e1neo de Turingia, Alemania, que, sin embargo, tambi\u00e9n se ve afectado por la anarqu\u00eda social, el asesinato y los incendios provocados\u00bb. <\/p>\n<p dir=\"ltr\" class=\"bbc-hhl7in e17g058b0\">\u00abAl mismo tiempo, el terror de la novela se desarrolla en el contexto del poderoso legado de Johann Sebastian Bach. Es un libro, escrito en un solo aliento, sobre la violencia y la belleza, una uni\u00f3n &#8216;imposible'\u00bb, concluye la Academia. <\/p>\n<p dir=\"ltr\" class=\"bbc-hhl7in e17g058b0\">Es el segundo premio Nobel para Hungr\u00eda, despu\u00e9s de que lo recibiera Imre Kert\u00e9sz en 2002.  <\/p>\n<p><img decoding=\"async\" src=\"https:\/\/www.europesays.com\/es\/wp-content\/uploads\/2025\/10\/6cf09110-a505-11f0-928c-71dbb8619e94.jpg.webp.webp\"   alt=\"Premio Nobel \" loading=\"lazy\" width=\"1024\" height=\"683\" style=\"aspect-ratio:1024 \/ 683\" class=\"bbc-139onq\"\/><\/p>\n<p class=\"bbc-by8ykd\" role=\"text\">Fuente de la imagen, Getty Images<\/p>\n<p>Pie de foto, \u00abKrasznahorkai es un gran escritor \u00e9pico de la tradici\u00f3n centroeuropea que se extiende desde Kafka hasta Thomas Bernhard\u00bb se\u00f1al\u00f3 el presidente del comit\u00e9 Nobel. <\/p>\n<p>Melancol\u00eda y apocalipsis<\/p>\n<p dir=\"ltr\" class=\"bbc-hhl7in e17g058b0\">La escritora estadounidense Susan Sontag describ\u00eda al nuevo Nobel como un maestro \u00abdel apocalipsis\u00bb, que es uno de los principales temas sobre los que transcurre la mayor parte de su literatura.<\/p>\n<p dir=\"ltr\" class=\"bbc-hhl7in e17g058b0\">Nacido el 5 de enero de 1954 en el apartado pueblo de Gyula, Krasznahorkai, comenz\u00f3 a desarrollar su carrera desde la universidad, donde estudi\u00f3 literatura y lengua.<\/p>\n<p dir=\"ltr\" class=\"bbc-hhl7in e17g058b0\">Su debut literario lleg\u00f3 en 1985 con Satantango, una novela que muchos cr\u00edticos consideran de narrativa &#8216;visionaria&#8217;. La historia retrata a un grupo de personas que viven aisladas en un poblado rural, donde un hombre ejerce una misteriosa influencia sobre los habitantes.<\/p>\n<p dir=\"ltr\" class=\"bbc-hhl7in e17g058b0\">La inclusi\u00f3n de la palabra tango en el t\u00edtulo tiene que ver con la estructura de la novela, cuyos cap\u00edtulos siguen los pasos de este ritmo musical: seis hacia adelante y seis hacia atr\u00e1s. Adem\u00e1s, se destaca por presentar cap\u00edtulos compuestos por un solo p\u00e1rrafo, sin interrupciones.<\/p>\n<p dir=\"ltr\" class=\"bbc-hhl7in e17g058b0\">All\u00ed tambi\u00e9n comenz\u00f3 una sociedad creativa con el director B\u00e9la Tarr. Se hizo una adaptaci\u00f3n al cine, en blanco y negro, con una duraci\u00f3n cercana a las siete horas.<\/p>\n<p dir=\"ltr\" class=\"bbc-hhl7in e17g058b0\">Despu\u00e9s vino \u00abLa melancol\u00eda de la resistencia\u00bb, una novela que retrata otro de los grandes temas de su obra: la cr\u00edtica al comunismo que gobern\u00f3 su pa\u00eds por m\u00e1s de 40 a\u00f1os.<\/p>\n<p dir=\"ltr\" class=\"bbc-hhl7in e17g058b0\">La novela, publicada en 1989, cuenta la historia de un circo que llega a un pueblo que solo tiene un n\u00famero: una ballena embalsamada. Muchos cr\u00edticos vieron esto como una alegor\u00eda al sistema comunista que por entonces est\u00e1 en declive en Europa.<\/p>\n<p dir=\"ltr\" class=\"bbc-hhl7in e17g058b0\">Adem\u00e1s del cine (bajo el t\u00edtulo \u00abLas armon\u00edas de Werckmeiste\u00bb, tambi\u00e9n filmada por Tarr) se hizo una versi\u00f3n en \u00f3pera.<\/p>\n<p dir=\"ltr\" class=\"bbc-hhl7in e17g058b0\">Esos dos t\u00edtulos lo hicieron merecedor de reconocimientos internacionales. <\/p>\n<p dir=\"ltr\" class=\"bbc-hhl7in e17g058b0\">Despu\u00e9s public\u00f3, entre otros t\u00edtulos, \u00abGuerra y guerra\u00bb, \u00abY Seiobo descendi\u00f3 a la Tierra\u00bb y la ya mencionada \u00abHerscht 07769\u00bb.<\/p>\n<p><img decoding=\"async\" src=\"https:\/\/www.europesays.com\/es\/wp-content\/uploads\/2025\/10\/6be6b240-a4f1-11f0-928c-71dbb8619e94.png.webp.webp\"   alt=\"Linea gris\" loading=\"lazy\" width=\"800\" height=\"100\" style=\"aspect-ratio:800 \/ 100\" class=\"bbc-139onq\"\/><\/p>\n<p dir=\"ltr\" class=\"bbc-hhl7in e17g058b0\"><a href=\"https:\/\/www.bbc.com\/mundo\/send\/u184973209\" class=\"focusIndicatorReducedWidth bbc-n8oauk e1p3sufg0\" rel=\"nofollow noopener\" target=\"_blank\">Suscr\u00edbete aqu\u00ed<\/a> a nuestro nuevo newsletter para recibir cada viernes una selecci\u00f3n de nuestro mejor contenido de la semana.<\/p>\n<p dir=\"ltr\" class=\"bbc-hhl7in e17g058b0\">Y recuerda que puedes recibir notificaciones en nuestra app. Descarga la \u00faltima versi\u00f3n y act\u00edvalas.<\/p>\n","protected":false},"excerpt":{"rendered":"Fuente de la imagen, Getty Images Pie de foto, L\u00e1szl\u00f3 Krasznahorkai es el premio Nobel de Literatura en&hellip;\n","protected":false},"author":2,"featured_media":165467,"comment_status":"","ping_status":"","sticky":false,"template":"","format":"standard","meta":{"footnotes":""},"categories":[91],"tags":[146,147,25,24,23],"class_list":{"0":"post-165466","1":"post","2":"type-post","3":"status-publish","4":"format-standard","5":"has-post-thumbnail","7":"category-entretenimiento","8":"tag-entertainment","9":"tag-entretenimiento","10":"tag-es","11":"tag-espana","12":"tag-spain"},"share_on_mastodon":{"url":"","error":""},"_links":{"self":[{"href":"https:\/\/www.europesays.com\/es\/wp-json\/wp\/v2\/posts\/165466","targetHints":{"allow":["GET"]}}],"collection":[{"href":"https:\/\/www.europesays.com\/es\/wp-json\/wp\/v2\/posts"}],"about":[{"href":"https:\/\/www.europesays.com\/es\/wp-json\/wp\/v2\/types\/post"}],"author":[{"embeddable":true,"href":"https:\/\/www.europesays.com\/es\/wp-json\/wp\/v2\/users\/2"}],"replies":[{"embeddable":true,"href":"https:\/\/www.europesays.com\/es\/wp-json\/wp\/v2\/comments?post=165466"}],"version-history":[{"count":0,"href":"https:\/\/www.europesays.com\/es\/wp-json\/wp\/v2\/posts\/165466\/revisions"}],"wp:featuredmedia":[{"embeddable":true,"href":"https:\/\/www.europesays.com\/es\/wp-json\/wp\/v2\/media\/165467"}],"wp:attachment":[{"href":"https:\/\/www.europesays.com\/es\/wp-json\/wp\/v2\/media?parent=165466"}],"wp:term":[{"taxonomy":"category","embeddable":true,"href":"https:\/\/www.europesays.com\/es\/wp-json\/wp\/v2\/categories?post=165466"},{"taxonomy":"post_tag","embeddable":true,"href":"https:\/\/www.europesays.com\/es\/wp-json\/wp\/v2\/tags?post=165466"}],"curies":[{"name":"wp","href":"https:\/\/api.w.org\/{rel}","templated":true}]}}