{"id":165493,"date":"2025-10-09T16:42:09","date_gmt":"2025-10-09T16:42:09","guid":{"rendered":"https:\/\/www.europesays.com\/es\/165493\/"},"modified":"2025-10-09T16:42:09","modified_gmt":"2025-10-09T16:42:09","slug":"el-universo-rosa-de-fran-herreros-en-la-catedral-de-burgos","status":"publish","type":"post","link":"https:\/\/www.europesays.com\/es\/165493\/","title":{"rendered":"El universo rosa de Fran Herreros en la Catedral de Burgos"},"content":{"rendered":"<p>Ha estado diecis\u00e9is meses en la Catedral para pintar todos sus rincones. El proyecto de Fran Herreros de darle un aire contempor\u00e1neo al templo g\u00f3tico ha exigido un enorme esfuerzo \u00abemocional y mental, en lo racional sobre todo m\u00e1s que en lo f\u00edsico\u00bb. \u00abHa sido una exigencia tremenda. Es el proyecto m\u00e1s largo que he hecho hasta ahora y supon\u00eda un reto pintar la Catedral sin que fuera todo lo mismo, buscando perspectivas nuevas, tratando de jugar con las luces, ofreciendo una imagen diferente de lo hecho hasta ahora y que no dejara de ser mi pintura. Ha sido una locura aut\u00e9ntica\u00bb, resume el artista.<\/p>\n<p>Empez\u00f3 con bocetos \u00abpara aprender a mirarla\u00bb y continu\u00f3 con los lienzos, pintando a diario delante de los visitantes que opinaban e incluso le correg\u00edan: \u00abEso fue muy divertido; les ced\u00eda el pincel y les invitaba a que lo hicieran ellos\u00bb, rememora una vez que su paso por la Catedral ha terminado y ahora ultima en el estudio los cuadros que formar\u00e1n parte de la exposici\u00f3n que inaugura en noviembre en la sala Valent\u00edn Palencia. \u00abFalta darles un toque. El remate que me exijo\u00bb, a\u00f1ade.<\/p>\n<p>En el tiempo que ha durado el proyecto ha creado 52 cuadros y m\u00e1s de 700 papeles, que Herreros no considera bocetos sino obras de arte en otro formato. Una selecci\u00f3n de ellos resumir\u00e1n el trabajo entre primeros de noviembre y mediados de enero, dejando ver la evoluci\u00f3n de una obra que empez\u00f3 en tonos grises y ha terminado inundada del rosa de Fran Herreros: \u00abVino solo. Sin pretenderlo ha salido. Quer\u00eda hacer algo contempor\u00e1neo con colores vibrantes y como nadie antes hab\u00eda pintado la Catedral; y al final el rosa va a ser el hilo conductor\u00bb.<\/p>\n<p>El Cristo de Burgos es rosa, los Condestables tambi\u00e9n y el roset\u00f3n tiene tono ros\u00e1ceo, como la mayor\u00eda de las naves, verjas, esquinas y perspectivas desde arriba. \u00abHa sido muy dif\u00edcil sacar los tonos de la piedra y trasladarles al color. Pero creo que eso es lo m\u00e1s especial. La gente, cuando me ve\u00eda pintar, era lo que les sorprend\u00eda. La representaci\u00f3n visual de este colorido cuando t\u00fa entras a la Catedral no existe. T\u00fa lo ves gris\u00bb, detalla.<\/p>\n<p>No faltan tampoco las ventanas que se abren a dibujos animados (Mickey Mouse, por ejemplo), a bodegones de flores que aluden a Fantine Lathour y a otros pintores que le interesan, y escenas fuera de contexto para romper con el concepto de una catedral realista. En esa l\u00ednea se incluye el hecho de que algunos cuadros puedan parecer que no est\u00e1n acabados, porque sin ir al detalle el cuadro funciona solo y no hace falta precisar m\u00e1s.\u00a0<\/p>\n<p>Por \u00faltimo, y tras mencionar que la exposici\u00f3n tendr\u00e1 car\u00e1cter rotativo para que se puedan exhibir un mayor n\u00famero de cuadros, y que incluir\u00e1 elementos audiovisuales, Herreros se\u00f1ala tambi\u00e9n el gui\u00f1o que ha hecho a Joaqu\u00edn Sorolla, reinterpretando las obras que le dedic\u00f3 a la Catedral (dentro y fuera) desde su color rosa, y a su abuelo Felipe Herreros, tambi\u00e9n pintor y que como \u00e9l escogi\u00f3 en algunos momentos de su carrera la Catedral como objetivo de sus cuadros.<\/p>\n","protected":false},"excerpt":{"rendered":"Ha estado diecis\u00e9is meses en la Catedral para pintar todos sus rincones. El proyecto de Fran Herreros de&hellip;\n","protected":false},"author":2,"featured_media":165494,"comment_status":"","ping_status":"","sticky":false,"template":"","format":"standard","meta":{"footnotes":""},"categories":[173],"tags":[229,233,231,230,623,3606,232,234,146,147,25,24,241,48698,23],"class_list":{"0":"post-165493","1":"post","2":"type-post","3":"status-publish","4":"format-standard","5":"has-post-thumbnail","7":"category-arte-y-diseno","8":"tag-arte","9":"tag-arte-y-diseno","10":"tag-arts","11":"tag-arts-and-design","12":"tag-burgos","13":"tag-catedral-de-burgos","14":"tag-design","15":"tag-diseno","16":"tag-entertainment","17":"tag-entretenimiento","18":"tag-es","19":"tag-espana","20":"tag-exposiciones","21":"tag-sala-valentin-palencia","22":"tag-spain"},"share_on_mastodon":{"url":"","error":""},"_links":{"self":[{"href":"https:\/\/www.europesays.com\/es\/wp-json\/wp\/v2\/posts\/165493","targetHints":{"allow":["GET"]}}],"collection":[{"href":"https:\/\/www.europesays.com\/es\/wp-json\/wp\/v2\/posts"}],"about":[{"href":"https:\/\/www.europesays.com\/es\/wp-json\/wp\/v2\/types\/post"}],"author":[{"embeddable":true,"href":"https:\/\/www.europesays.com\/es\/wp-json\/wp\/v2\/users\/2"}],"replies":[{"embeddable":true,"href":"https:\/\/www.europesays.com\/es\/wp-json\/wp\/v2\/comments?post=165493"}],"version-history":[{"count":0,"href":"https:\/\/www.europesays.com\/es\/wp-json\/wp\/v2\/posts\/165493\/revisions"}],"wp:featuredmedia":[{"embeddable":true,"href":"https:\/\/www.europesays.com\/es\/wp-json\/wp\/v2\/media\/165494"}],"wp:attachment":[{"href":"https:\/\/www.europesays.com\/es\/wp-json\/wp\/v2\/media?parent=165493"}],"wp:term":[{"taxonomy":"category","embeddable":true,"href":"https:\/\/www.europesays.com\/es\/wp-json\/wp\/v2\/categories?post=165493"},{"taxonomy":"post_tag","embeddable":true,"href":"https:\/\/www.europesays.com\/es\/wp-json\/wp\/v2\/tags?post=165493"}],"curies":[{"name":"wp","href":"https:\/\/api.w.org\/{rel}","templated":true}]}}