{"id":165497,"date":"2025-10-09T16:44:10","date_gmt":"2025-10-09T16:44:10","guid":{"rendered":"https:\/\/www.europesays.com\/es\/165497\/"},"modified":"2025-10-09T16:44:10","modified_gmt":"2025-10-09T16:44:10","slug":"maria-se-enterara-del-embarazo-de-begona","status":"publish","type":"post","link":"https:\/\/www.europesays.com\/es\/165497\/","title":{"rendered":"Mar\u00eda se enterar\u00e1 del embarazo de Bego\u00f1a"},"content":{"rendered":"<p>En el pr\u00f3ximo cap\u00edtulo de <b>Sue\u00f1os de libertad<\/b>&#8230;<\/p>\n<p>La junta de accionistas dar\u00e1 la bienvenida a Cristina, quien se sigue asentando en su nuevo rol. \u00bfC\u00f3mo lo llevar\u00e1?<\/p>\n<p><b>Bego\u00f1a<\/b> seguir\u00e1 con dudas sobre su embarazo <b><a title=\"a pesar del compromiso de Gabriel\" href=\"https:\/\/www.antena3.com\/series\/suenos-de-libertad\/gabriel-quiere-tener-bebe-junto-begona-ella-acepta-desvivire-porque-seamos-felices-tres_2025100968e7c94f9c028a4cad2daa66.html\" target=\"_blank\" rel=\"nofollow noopener\">a pesar del compromiso de Gabriel<\/a><\/b>. <b>\u00bfQu\u00e9 pasar\u00e1 cuando se entere Andr\u00e9s?<\/b><\/p>\n<p>\u00c9l, por su parte, decidir\u00e1 cont\u00e1rselo a <b>Mar\u00eda<\/b>, quien se quedar\u00e1 sin palabras&#8230; \u00bfHar\u00e1 algo con esta informaci\u00f3n?<\/p>\n<p><b>Jos\u00e9<\/b> agradecer\u00e1 a <b>Dami\u00e1n<\/b> su ayuda y le tantear\u00e1 sobre su relaci\u00f3n con Irene, buscando consejo.<\/p>\n<p>Gabriel descubrir\u00e1 que los problemas en la sala de calderas pueden ser la oportunidad que estaba buscando par arruinar la f\u00e1brica. \u00bfQu\u00e9 planea hacer?<\/p>\n<p>No te pierdas el pr\u00f3ximo cap\u00edtulo de <b>Sue\u00f1os de libertad<\/b> y adel\u00e1ntate en atresplayer.<\/p>\n","protected":false},"excerpt":{"rendered":"En el pr\u00f3ximo cap\u00edtulo de Sue\u00f1os de libertad&#8230; La junta de accionistas dar\u00e1 la bienvenida a Cristina, quien&hellip;\n","protected":false},"author":2,"featured_media":165498,"comment_status":"","ping_status":"","sticky":false,"template":"","format":"standard","meta":{"footnotes":""},"categories":[171],"tags":[146,147,25,24,23,214],"class_list":{"0":"post-165497","1":"post","2":"type-post","3":"status-publish","4":"format-standard","5":"has-post-thumbnail","7":"category-tv","8":"tag-entertainment","9":"tag-entretenimiento","10":"tag-es","11":"tag-espana","12":"tag-spain","13":"tag-tv"},"share_on_mastodon":{"url":"","error":""},"_links":{"self":[{"href":"https:\/\/www.europesays.com\/es\/wp-json\/wp\/v2\/posts\/165497","targetHints":{"allow":["GET"]}}],"collection":[{"href":"https:\/\/www.europesays.com\/es\/wp-json\/wp\/v2\/posts"}],"about":[{"href":"https:\/\/www.europesays.com\/es\/wp-json\/wp\/v2\/types\/post"}],"author":[{"embeddable":true,"href":"https:\/\/www.europesays.com\/es\/wp-json\/wp\/v2\/users\/2"}],"replies":[{"embeddable":true,"href":"https:\/\/www.europesays.com\/es\/wp-json\/wp\/v2\/comments?post=165497"}],"version-history":[{"count":0,"href":"https:\/\/www.europesays.com\/es\/wp-json\/wp\/v2\/posts\/165497\/revisions"}],"wp:featuredmedia":[{"embeddable":true,"href":"https:\/\/www.europesays.com\/es\/wp-json\/wp\/v2\/media\/165498"}],"wp:attachment":[{"href":"https:\/\/www.europesays.com\/es\/wp-json\/wp\/v2\/media?parent=165497"}],"wp:term":[{"taxonomy":"category","embeddable":true,"href":"https:\/\/www.europesays.com\/es\/wp-json\/wp\/v2\/categories?post=165497"},{"taxonomy":"post_tag","embeddable":true,"href":"https:\/\/www.europesays.com\/es\/wp-json\/wp\/v2\/tags?post=165497"}],"curies":[{"name":"wp","href":"https:\/\/api.w.org\/{rel}","templated":true}]}}