{"id":165505,"date":"2025-10-09T16:48:08","date_gmt":"2025-10-09T16:48:08","guid":{"rendered":"https:\/\/www.europesays.com\/es\/165505\/"},"modified":"2025-10-09T16:48:08","modified_gmt":"2025-10-09T16:48:08","slug":"son-dos-sintomas-tipicos-del-ictus-y-hay-que-actuar-rapido","status":"publish","type":"post","link":"https:\/\/www.europesays.com\/es\/165505\/","title":{"rendered":"Son dos s\u00edntomas t\u00edpicos del ictus y hay que actuar r\u00e1pido"},"content":{"rendered":"<p class=\"c-paragraph\"><b\/>El ictus es una de las <b>principales causas de muerte y discapacidad <\/b>en nuestro pa\u00eds, seg\u00fan la Sociedad Espa\u00f1ola de Neurolog\u00eda, en Espa\u00f1a cada a\u00f1o se producen 90.000 <a href=\"https:\/\/www.20minutos.es\/salud\/actualidad\/por-que-ictus-aumentan-espana-como-podemos-evitar-infarto-cerebral-5636574\/\" rel=\"nofollow noopener\" target=\"_blank\">nuevos casos de ictus<\/a> y m\u00e1s de 23.000 fallecimientos y solo un 50% de la poblaci\u00f3n sabe reconocer los s\u00edntomas.<\/p>\n<p class=\"c-paragraph\">Esto es especialmente importante, porque <b>ser capaz de reaccionar a tiempo y buscar la ayuda necesaria<\/b> puede suponer una gran diferencia para quien est\u00e1 sufriendo ese ictus, en algunos casos puede ser clave para su supervivencia. No siempre resulta sencillo saber reaccionar en momentos de tensi\u00f3n, por eso, saber qu\u00e9 tenemos que buscar puede ser de gran ayuda.<\/p>\n<p>Dr. Felices: \u00abDos de los s\u00edntomas m\u00e1s t\u00edpicos del ictus\u201d<\/p>\n<p class=\"c-paragraph\">Ser capaces de reconocer los s\u00edntomas del ictus puede ayudarnos a <b>ganar un tiempo muy valioso<\/b> para quien est\u00e1 pasando por esta situaci\u00f3n. Por eso, escuchar los consejos de los profesionales puede ser clave. A esto es a lo que se dedican divulgadores como el doctor Jos\u00e9 Manuel Felices, que usa sus redes sociales para acercar determinados conocimientos al p\u00fablico general, lo que puede ayudar a salvar algunas vidas extra. \u00abEstos son dos de los s\u00edntomas m\u00e1s t\u00edpicos del ictus y tenemos que actuar r\u00e1pido\u00bb.<\/p>\n<p class=\"c-paragraph\">\u00abF\u00edjate en su cara, especialmente en<b> su boca, si se tuerce hacia un lado y no puede moverla<\/b>. Si lo ves, p\u00eddele a la persona que ense\u00f1e los dientes y cierre los ojos y, si no puede: alerta\u00bb, explica sobre uno de los s\u00edntomas que m\u00e1s puede ayudarnos a reconocer estas situaciones, poniendo como ejemplo un caso real en el que suceden. \u00abTiene dificultades para mover el brazo, no puede coger el guante. P\u00eddele a la persona <b>que coja un objeto sencillo<\/b> y si no puede: alerta\u00bb.<\/p>\n<p>Regla Fast: los principales indicadores de ictus<\/p>\n<p class=\"c-paragraph\">Estos dos s\u00edntomas que Felices se\u00f1ala son los dos m\u00e1s habituales, pero <b>no son los \u00fanicos que pueden servirnos de aviso<\/b>. De hecho, existe la regla FAST, que se traduce como r\u00e1pido en ingl\u00e9s y que nos recuerda que es as\u00ed como debemos actuar, pero que en realidad tambi\u00e9n responde a las siglas de lo que debemos buscar.<\/p>\n<p class=\"c-paragraph\"><b>La F har\u00eda referencia a la cara (Face) y la A ser\u00eda por los brazos<\/b> (Arms), los dos s\u00edntomas que ya hab\u00eda explicado con anterioridad, pero hay otros dos que debemos tener en cuenta. <b>La S es por Speech o lenguaje<\/b>, porque otro de los s\u00edntomas es \u00abque <a href=\"https:\/\/www.20minutos.es\/salud\/actualidad\/mujer-recupera-habla-despues-ictus-protesis-cerebral-inteligencia-artificial-5696261\/\" rel=\"nofollow noopener\" target=\"_blank\">tenga dificultades para hablar\u00bb<\/a>, recuerda. \u00abPreg\u00fantale c\u00f3mo se llama y p\u00eddele que diga &#8216;el cielo es azul&#8217;. Si tiene dificultades: alerta\u00bb. Por \u00faltimo encontramos la T, de tiempo (o Time en el original). \u00abCuanto m\u00e1s tardemos, menos probabilidades de salvar al paciente\u00bb.<\/p>\n<p class=\"c-paragraph\">Una vez que se ha reconocido que <a href=\"https:\/\/www.20minutos.es\/salud\/medicina\/ictus-tecnico-sanitario-explica-sintomas-identificarlo-a-tiempo-5222184\/\" rel=\"nofollow noopener\" target=\"_blank\">alguien est\u00e1 teniendo un ictus<\/a>, llega la segunda parte, actuar. \u00abLo primero es saber que no hace falta que se den los tres para que sea un ictus, <b>con solo uno ya nos vale\u00bb<\/b>, explica el profesional, dejando fuera el tiempo, que es m\u00e1s una alerta que nos invita a actuar que un s\u00edntoma en s\u00ed mismo. \u00abTenemos que <b>llamar a emergencias<\/b>, les diremos a qu\u00e9 hora empezaron los s\u00edntomas y lo que le pasa a la persona\u00bb.<\/p>\n<p class=\"c-paragraph\">Una vez hecho esto, que es clave, hay m\u00e1s cosas que podemos hacer. \u00abPonemos a la persona en <b>posici\u00f3n recostada<\/b>, pero nunca tumbado. Nunca le des comida, ni siquiera agua, porque es muy f\u00e1cil que se atragante y podr\u00edamos agravar el problema\u00bb. Recuerda la importancia de dejar las cosas en manos de profesionales y <b>no intentar llevarle al hospital por nosotros mismos<\/b>. \u00abEs anti intuitivo, pero no todos los hospitales tienen tratamiento para el ictus, si lo llevas que no est\u00e1 preparado para ello, estamos perdiendo tiempo. Deja que sea el servicio de emergencias cuando llegue quien toma la mejor decisi\u00f3n para el paciente\u00bb.<\/p>\n<p>Referencias<\/p>\n<p class=\"c-paragraph\">National Library of Medicine. (s.\u00a0f.-a).\u00a0Accidente cerebrovascular isqu\u00e9mico.<a href=\"https:\/\/medlineplus.gov\/spanish\/ischemicstroke.html\" rel=\"nofollow noreferrer noopener\" target=\"_blank\">\u00a0https:\/\/medlineplus.gov\/spanish\/ischemicstroke.html<\/a><\/p>\n","protected":false},"excerpt":{"rendered":"El ictus es una de las principales causas de muerte y discapacidad en nuestro pa\u00eds, seg\u00fan la Sociedad&hellip;\n","protected":false},"author":2,"featured_media":165506,"comment_status":"","ping_status":"","sticky":false,"template":"","format":"standard","meta":{"footnotes":""},"categories":[92],"tags":[2977,25,24,48704,165,2467,841,267,166,2877,23],"class_list":{"0":"post-165505","1":"post","2":"type-post","3":"status-publish","4":"format-standard","5":"has-post-thumbnail","7":"category-salud","8":"tag-aviso","9":"tag-es","10":"tag-espana","11":"tag-felices","12":"tag-health","13":"tag-jose","14":"tag-manuel","15":"tag-planseo","16":"tag-salud","17":"tag-son","18":"tag-spain"},"share_on_mastodon":{"url":"","error":""},"_links":{"self":[{"href":"https:\/\/www.europesays.com\/es\/wp-json\/wp\/v2\/posts\/165505","targetHints":{"allow":["GET"]}}],"collection":[{"href":"https:\/\/www.europesays.com\/es\/wp-json\/wp\/v2\/posts"}],"about":[{"href":"https:\/\/www.europesays.com\/es\/wp-json\/wp\/v2\/types\/post"}],"author":[{"embeddable":true,"href":"https:\/\/www.europesays.com\/es\/wp-json\/wp\/v2\/users\/2"}],"replies":[{"embeddable":true,"href":"https:\/\/www.europesays.com\/es\/wp-json\/wp\/v2\/comments?post=165505"}],"version-history":[{"count":0,"href":"https:\/\/www.europesays.com\/es\/wp-json\/wp\/v2\/posts\/165505\/revisions"}],"wp:featuredmedia":[{"embeddable":true,"href":"https:\/\/www.europesays.com\/es\/wp-json\/wp\/v2\/media\/165506"}],"wp:attachment":[{"href":"https:\/\/www.europesays.com\/es\/wp-json\/wp\/v2\/media?parent=165505"}],"wp:term":[{"taxonomy":"category","embeddable":true,"href":"https:\/\/www.europesays.com\/es\/wp-json\/wp\/v2\/categories?post=165505"},{"taxonomy":"post_tag","embeddable":true,"href":"https:\/\/www.europesays.com\/es\/wp-json\/wp\/v2\/tags?post=165505"}],"curies":[{"name":"wp","href":"https:\/\/api.w.org\/{rel}","templated":true}]}}