{"id":165507,"date":"2025-10-09T16:49:08","date_gmt":"2025-10-09T16:49:08","guid":{"rendered":"https:\/\/www.europesays.com\/es\/165507\/"},"modified":"2025-10-09T16:49:08","modified_gmt":"2025-10-09T16:49:08","slug":"rafael-y-adriana-a-punto-de-desenmascarar-a-victoria","status":"publish","type":"post","link":"https:\/\/www.europesays.com\/es\/165507\/","title":{"rendered":"Rafael y Adriana, a punto de desenmascarar a Victoria"},"content":{"rendered":"\n<p> Esta semana, <strong>mientras \u00darsula era apresada, su t\u00eda Victoria segu\u00eda defendiendo a su sobrina<\/strong>, aun sabiendo la culpabilidad y los errores que cometi\u00f3. La Santa Hermandad, no obstante, ignor\u00f3 a la duquesa y, tras encontrar el frasco con el veneno que utiliz\u00f3 para asesinar a Julio, se la llevaron ante el real y supremo consejo de Castilla para ser juzgada y castigada como corresponda por el asesinato de Julio G\u00e1lvez de Aguirre.  <\/p>\n<p> Antes de abandonar la Casa Grande, <strong>Victoria no dud\u00f3 en amenazar a su sobrina: \u00abBajo ning\u00fan concepto digas que yo lo sab\u00eda\u00bb<\/strong>. Y es que la mism\u00edsima duquesa de Miramar le hab\u00eda pedido a \u00darsula, tras su confesi\u00f3n, que acabara con la vida de Ana para que nadie pudiera incriminarla. Incluso le aconsej\u00f3 que no dejara pruebas, ni siquiera el cad\u00e1ver de la criada. <\/p>\n<p> En el cap\u00edtulo de este viernes, 10 de octubre, de <a href=\"https:\/\/www.elconfidencial.com\/tags\/topics\/valle-salvaje-21486\/\" target=\"_blank\" rel=\"nofollow noopener\">Valle Salvaje<\/a>, en la Casa Grande,\u00a0<strong>Rafael y Adriana estar\u00e1n a punto de abrirle los ojos al duque sobre la verdadera naturaleza de Victoria <\/strong>(Sabela Ar\u00e1n), poniendo en marcha un cambio que nadie esperaba. <\/p>\n<p> La Salcedo de la Cruz es una villana ambiciosa y manipuladora, con un coraz\u00f3n complejo y en ocasiones contradictorio, que <strong>no duda en recurrir a la crueldad para conseguir sus objetivos, como el asesinato de Pilara<\/strong>. A pesar de su maldad, se caracteriza por su astucia, su capacidad para mover los hilos de la trama y sus momentos inesperados de bondad, lo que la convierte en un personaje fascinante, aunque dif\u00edcil de querer.  <\/p>\n<p>                Imagen del cap\u00edtulo 273 de &#8216;Valle Salvaje&#8217;. (RTVE)            <\/p>\n<p> <strong>Su amor por Jos\u00e9 Luis la ha empujado a hacer las cosas m\u00e1s atroces<\/strong>, como asesinar a Pilara o incluso a Evaristo, su propio hermano y padre de Adriana. Hace escaso un mes, intent\u00f3 ahogar y matar a Mercedes despu\u00e9s de que esta descubriera toda la verdad. <\/p>\n<p> Pero el cap\u00edtulo 273 de este viernes deparar\u00e1 tambi\u00e9n alguna que otra sorpresa a los seguidores de la serie. <strong>Luisa intentar\u00e1 disimular ante Pepa su colaboraci\u00f3n con Tom\u00e1s<\/strong>, pero la prueba de su implicaci\u00f3n caer\u00e1 en manos de Alejo, lo que complicar\u00e1 a\u00fan m\u00e1s las cosas. <\/p>\n<p>                Imagen del cap\u00edtulo 273 de &#8216;Valle Salvaje&#8217;. (RTVE)            <\/p>\n<p> En la entrega de este jueves, en la Casa Peque\u00f1a, el calvario de Luisa se hizo todav\u00eda mayor cuando Tom\u00e1s acudi\u00f3 a ella con otra petici\u00f3n. Ahora es \u00e9l quien marca los tiempos.<strong> \u00abYa no somos socios, ahora mando y ordeno. Es lo justo, \u00bfno? Despu\u00e9s de lo que pas\u00f3\u00bb<\/strong>. <\/p>\n<p> En la Casa Grande hay una talla que, seg\u00fan parece, vale una fortuna. La cocinera le dijo que no quer\u00eda saber nada de \u00e9l, sin embargo, Tom\u00e1s insisti\u00f3: \u00ab<strong>Necesitas saberlo, porque vas a ser t\u00fa quien me ayude a robarla<\/strong>. Estos \u00faltimos d\u00edas he podido observar el aprecio que tienen por ti en esta casa, don Alejo, do\u00f1a Adriana, los Salcedo de la Cruz, hasta la mism\u00edsima duquesa de Miramar parece tener un cari\u00f1o especial por ti\u00bb.  <\/p>\n<p> Tom\u00e1s no dud\u00f3 en amenazarla con contarles a todos su pasado si no hace lo que \u00e9l quiere. Luisa ahora se encuentra entre la espada y la pared. <strong>\u00bfDeber\u00eda contar la verdad a Alejo?<\/strong> \u00bfO ya ser\u00e1 demasiado tarde? <\/p>\n<p> Esta semana, <strong>mientras \u00darsula era apresada, su t\u00eda Victoria segu\u00eda defendiendo a su sobrina<\/strong>, aun sabiendo la culpabilidad y los errores que cometi\u00f3. La Santa Hermandad, no obstante, ignor\u00f3 a la duquesa y, tras encontrar el frasco con el veneno que utiliz\u00f3 para asesinar a Julio, se la llevaron ante el real y supremo consejo de Castilla para ser juzgada y castigada como corresponda por el asesinato de Julio G\u00e1lvez de Aguirre.  <\/p>\n","protected":false},"excerpt":{"rendered":"Esta semana, mientras \u00darsula era apresada, su t\u00eda Victoria segu\u00eda defendiendo a su sobrina, aun sabiendo la culpabilidad&hellip;\n","protected":false},"author":2,"featured_media":165508,"comment_status":"","ping_status":"","sticky":false,"template":"","format":"standard","meta":{"footnotes":""},"categories":[91],"tags":[146,147,25,24,23],"class_list":{"0":"post-165507","1":"post","2":"type-post","3":"status-publish","4":"format-standard","5":"has-post-thumbnail","7":"category-entretenimiento","8":"tag-entertainment","9":"tag-entretenimiento","10":"tag-es","11":"tag-espana","12":"tag-spain"},"share_on_mastodon":{"url":"","error":""},"_links":{"self":[{"href":"https:\/\/www.europesays.com\/es\/wp-json\/wp\/v2\/posts\/165507","targetHints":{"allow":["GET"]}}],"collection":[{"href":"https:\/\/www.europesays.com\/es\/wp-json\/wp\/v2\/posts"}],"about":[{"href":"https:\/\/www.europesays.com\/es\/wp-json\/wp\/v2\/types\/post"}],"author":[{"embeddable":true,"href":"https:\/\/www.europesays.com\/es\/wp-json\/wp\/v2\/users\/2"}],"replies":[{"embeddable":true,"href":"https:\/\/www.europesays.com\/es\/wp-json\/wp\/v2\/comments?post=165507"}],"version-history":[{"count":0,"href":"https:\/\/www.europesays.com\/es\/wp-json\/wp\/v2\/posts\/165507\/revisions"}],"wp:featuredmedia":[{"embeddable":true,"href":"https:\/\/www.europesays.com\/es\/wp-json\/wp\/v2\/media\/165508"}],"wp:attachment":[{"href":"https:\/\/www.europesays.com\/es\/wp-json\/wp\/v2\/media?parent=165507"}],"wp:term":[{"taxonomy":"category","embeddable":true,"href":"https:\/\/www.europesays.com\/es\/wp-json\/wp\/v2\/categories?post=165507"},{"taxonomy":"post_tag","embeddable":true,"href":"https:\/\/www.europesays.com\/es\/wp-json\/wp\/v2\/tags?post=165507"}],"curies":[{"name":"wp","href":"https:\/\/api.w.org\/{rel}","templated":true}]}}