{"id":165515,"date":"2025-10-09T16:53:09","date_gmt":"2025-10-09T16:53:09","guid":{"rendered":"https:\/\/www.europesays.com\/es\/165515\/"},"modified":"2025-10-09T16:53:09","modified_gmt":"2025-10-09T16:53:09","slug":"sondeos-un-ano-despues-de-la-dana-mazon-sale-muy-mal-parado-pero-el-pp-gana-y-la-izquierda-no-despega-noticias-de-la-comunidad-valenciana","status":"publish","type":"post","link":"https:\/\/www.europesays.com\/es\/165515\/","title":{"rendered":"Sondeos, un a\u00f1o despu\u00e9s de la dana: Maz\u00f3n sale muy mal parado, pero el PP gana y la izquierda no despega | Noticias de la Comunidad Valenciana"},"content":{"rendered":"<p class=\"\">El 9 d\u2019Octubre el pueblo valenciano conmemora la entrada en Valencia del rey Jaume I en el a\u00f1o 1238, que dio lugar al nacimiento del otrora Reino de Val\u00e8ncia. Y, adem\u00e1s de las celebraciones de este acontecimiento hist\u00f3rico -suspendidas este a\u00f1o por la alerta por lluvias-, en el D\u00eda de la Comunitat Valencia tiene lugar la tradici\u00f3n publicaci\u00f3n de encuestas, casi un a\u00f1o despu\u00e9s de la dana del 29 de octubre que mat\u00f3 a 229 personas. <\/p>\n<p class=\"\">La muestra sobre la gesti\u00f3n de las inundaciones de 40 dB para el PA\u00cdS y la Cadena SER deja claro que los valencianos tienen tres certezas: que Carlos Maz\u00f3n debe dimitir como president (un 71% as\u00ed lo piensa, incluido un 69% de los votantes de VOX y un 57% de los populares) porque su gesti\u00f3n fue mala o muy mala (75,5%); que el d\u00eda de la barranc\u00e0 supuso un antes y un despu\u00e9s en la historia de los valencianos (para un 72%) y que, adem\u00e1s, todas las administraciones fueron responsables de la mala gesti\u00f3n, aunque en diferentes niveles, siendo la Generalitat la peor valorada. El fuerte descontento por la gesti\u00f3n de Maz\u00f3n que refleja esta \u00faltima encuesta refrenda los resultados de sondeos precedentes de distintos medios. <\/p>\n<p class=\"\">El president sigue sin remontar, pero a la izquierda no le basta para recuperar el Palau de la Generalitat. Seg\u00fan la consultora L\u00e1piz Estrat\u00e9gico Consulting para el Levante EMV, Maz\u00f3n se dejar\u00eda seis esca\u00f1os con respecto a 2023, pero a\u00fan as\u00ed ganar\u00eda las elecciones con 34 esca\u00f1os y un 31.7% de intenci\u00f3n de voto. El PSPV-PSOE y Comprom\u00eds crecer\u00edan un esca\u00f1o cada uno y se situar\u00edan en el 30.7% y el 15.4%, respectivamente. Podemos no llegar\u00eda a entrar en el parlamento. El que m\u00e1s crecer\u00eda ser\u00eda Vox que, sin liderazgos claros, aumentar\u00eda cuatro esca\u00f1os y le arrebatar\u00eda a Comprom\u00eds la tercera posici\u00f3n, con 17 diputados y un 16.5% de intenci\u00f3n de voto. La derecha sumar\u00eda 51 esca\u00f1os y la izquierda, 48. <\/p>\n<p class=\"\">Puede sorprender que tras la mayor cat\u00e1strofe sufrida por la Comunidad Valenciana en mucho tiempo, y con una gesti\u00f3n tan cuestionada por parte del tambi\u00e9n presidente del PPCV, los populares sigan siendo la lista m\u00e1s votada. Pero hay dos aspectos importantes que matizan esa sorpresa: la izquierda ganar\u00eda y el PP perder\u00eda cuatro diputados en la provincia de Valencia, la afectada por las inundaciones, y la influencia del debate nacional en la agenda valenciana es muy acentuada. Si se echa la vista atr\u00e1s es f\u00e1cil comprobar que la sociedad valenciana suele votar en clave nacional, con alguna excepci\u00f3n y m\u00e1s all\u00e1 de la particular existencia de Comprom\u00eds (que se podr\u00eda asimilar a Sumar) y de cierta querencia a exacerbar las tendencias del momento. <\/p>\n<p class=\"\">En este sentido, la diferencia de un punto entre el PP y el PSOE en la Comunidad Valenciana es la misma que reflejaba a finales del paso mes el bar\u00f3metro de 40 dB para este peri\u00f3dico con respecto a las dos formaciones a nivel nacional, as\u00ed como es pr\u00e1cticamente el mismo el porcentaje de apoyo para cada una de ellas. Incluso, la formaci\u00f3n de extrema derecha repite porcentaje en ambas muestras (un 16,7% en Espa\u00f1a y un 16,5% en Valencia). <\/p>\n<p class=\"\">La suma de todos los partidos de izquierdas supera por unas d\u00e9cimas a los de la derecha, pero no les da para gobernar. La estrategia de focalizarse en pedir la dimisi\u00f3n de Maz\u00f3n no es suficiente, si no se plantea una calara alternativa de gobierno. El liderazgo socialista de Diana Morant no alza el vuelo, a pesar del ligero incremento del voto. Uno de los factores clave es la incapacidad de la izquierda de escuchar a los j\u00f3venes. Seg\u00fan L\u00e1piz Estrat\u00e9gico Consulting, un 23.2% de las personas de entre 18 y 30 a\u00f1os votar\u00eda hoy a Vox en la Comunitat Valencian, siendo la opci\u00f3n socialista la \u00faltima. <\/p>\n<p class=\"\">Con respecto a los liderazgos, la pol\u00edtica valenciana vive uno de sus momentos de mayor descr\u00e9dito: todos suspenden. El primero Maz\u00f3n, con 1.67 sobre 10. Morant saca un 3.8; la delegada del Gobierno, Pilar Bernab\u00e9, un 3.7 y Baldov\u00ed, un 4. Los mejor posicionados son la alcaldesa de Val\u00e8ncia, Mar\u00eda Jos\u00e9 Catal\u00e1 (4,5), y el president de la Diputaci\u00f3n Vicente Momp\u00f3 (4,1), ambos del PP. Ambos mejorar\u00edan los resultados de Maz\u00f3n si fueran cabezas de lista (dos y un diputado, respectivamente), seg\u00fan la encuesta. Si el president lograra su prop\u00f3sito de repetir en 2027 los comicios podr\u00edan convertirse en un plebiscito que podr\u00eda cambiar el habitual cmportamiento electoral de los valencianos, asi como la retorno de M\u00f3nica Oltra elevar\u00eda la movilizaci\u00f3n en la izquierda. <\/p>\n","protected":false},"excerpt":{"rendered":"El 9 d\u2019Octubre el pueblo valenciano conmemora la entrada en Valencia del rey Jaume I en el a\u00f1o&hellip;\n","protected":false},"author":2,"featured_media":165516,"comment_status":"","ping_status":"","sticky":false,"template":"","format":"standard","meta":{"footnotes":""},"categories":[8],"tags":[17,18,2007,242,1681,25,24,13,14,238,11,4274,19,20,9,10,15,16,48706,23,12,21,22],"class_list":{"0":"post-165515","1":"post","2":"type-post","3":"status-publish","4":"format-standard","5":"has-post-thumbnail","7":"category-espana","8":"tag-breaking-news","9":"tag-breakingnews","10":"tag-carlos-mazon","11":"tag-comunidad-valenciana","12":"tag-dana","13":"tag-es","14":"tag-espana","15":"tag-featured-news","16":"tag-featurednews","17":"tag-generalitat-valenciana","18":"tag-headlines","19":"tag-inundaciones-dana-octubre-2024","20":"tag-latest-news","21":"tag-latestnews","22":"tag-news","23":"tag-noticias","24":"tag-noticias-destacadas","25":"tag-noticiasdestacadas","26":"tag-politicas-gobierno","27":"tag-spain","28":"tag-titulares","29":"tag-ultimas-noticias","30":"tag-ultimasnoticias"},"share_on_mastodon":{"url":"","error":""},"_links":{"self":[{"href":"https:\/\/www.europesays.com\/es\/wp-json\/wp\/v2\/posts\/165515","targetHints":{"allow":["GET"]}}],"collection":[{"href":"https:\/\/www.europesays.com\/es\/wp-json\/wp\/v2\/posts"}],"about":[{"href":"https:\/\/www.europesays.com\/es\/wp-json\/wp\/v2\/types\/post"}],"author":[{"embeddable":true,"href":"https:\/\/www.europesays.com\/es\/wp-json\/wp\/v2\/users\/2"}],"replies":[{"embeddable":true,"href":"https:\/\/www.europesays.com\/es\/wp-json\/wp\/v2\/comments?post=165515"}],"version-history":[{"count":0,"href":"https:\/\/www.europesays.com\/es\/wp-json\/wp\/v2\/posts\/165515\/revisions"}],"wp:featuredmedia":[{"embeddable":true,"href":"https:\/\/www.europesays.com\/es\/wp-json\/wp\/v2\/media\/165516"}],"wp:attachment":[{"href":"https:\/\/www.europesays.com\/es\/wp-json\/wp\/v2\/media?parent=165515"}],"wp:term":[{"taxonomy":"category","embeddable":true,"href":"https:\/\/www.europesays.com\/es\/wp-json\/wp\/v2\/categories?post=165515"},{"taxonomy":"post_tag","embeddable":true,"href":"https:\/\/www.europesays.com\/es\/wp-json\/wp\/v2\/tags?post=165515"}],"curies":[{"name":"wp","href":"https:\/\/api.w.org\/{rel}","templated":true}]}}