{"id":165521,"date":"2025-10-09T16:56:11","date_gmt":"2025-10-09T16:56:11","guid":{"rendered":"https:\/\/www.europesays.com\/es\/165521\/"},"modified":"2025-10-09T16:56:11","modified_gmt":"2025-10-09T16:56:11","slug":"david-de-miranda-no-podra-estar-en-el-festival-del-18-de-octubre-en-guillena","status":"publish","type":"post","link":"https:\/\/www.europesays.com\/es\/165521\/","title":{"rendered":"David de Miranda no podr\u00e1 estar en el festival del 18 de octubre en Guillena"},"content":{"rendered":"<p class=\"voc-p\" style=\"\">El matador de toros <strong>David de Miranda ha sido atendido de urgencia<\/strong> en la Cl\u00ednica Falc\u00f3n de Traumatolog\u00eda y Rehabilitaci\u00f3n en Jerez de la Frontera, donde las pruebas radiol\u00f3gicas confirmaron <strong>un pinzamiento cervical entre las v\u00e9rtebras C3 y C6<\/strong> producido por la fuerte  &#8230; voltereta que sufri\u00f3 el pasado fin de semana en la plaza madrile\u00f1a de Las Rozas, por lo que los especialistas han prescrito reposo absoluto. El torero ser\u00e1 sometido a una nueva exploraci\u00f3n m\u00e9dica dentro de diez d\u00edas, para valorar su evoluci\u00f3n. <\/p>\n<p class=\"voc-p\" style=\"\">Debido a esta lesi\u00f3n, el triguere\u00f1o no podr\u00e1 hacer el pase\u00edllo el pr\u00f3ximo 12 de octubre en la <strong>f<\/strong><strong>eria de Calanda<\/strong> junto a Guillermo Hermoso de Mendoza y Jorge Isiegas, que lidiar\u00e1n toros de Romao Tenorio y Castillejo de Huebra. Ni tampoco podr\u00e1 participar en su \u00faltimo compromiso europeo que iba ser en la provincia de Sevilla, en concreto en el <strong>III Festival Taurino Ben\u00e9fico de Guillena<\/strong>, previsto para el s\u00e1bado 18 de octubre. Y donde est\u00e1 anunciada la ganader\u00eda de Espartaco con un plantel de primeras figuras del toreo como Jesul\u00edn de Ubrique, David Fandila &#8216;El Fandi&#8217;, Manuel Escribano, Gin\u00e9s Mar\u00edn y el novillero sin picadores Javier Torres &#8216;Bombita&#8217;. <\/p>\n<p class=\"voc-p\" style=\"\">Pese a este inesperado final, David de Miranda<strong> ha querido agradecer p\u00fablicamente todas las muestras de cari\u00f1o recibidas por parte de la afici\u00f3n, compa\u00f1eros y profesionales<\/strong> del mundo del toro desde su domicilio en Triguero donde ha declarado \u00abHa sido una temporada maravillosa, donde los triunfos han sido muy importantes y he sentido el reconocimiento del p\u00fablico y del sector. Me siento profundamente agradecido por todo\u00bb.<\/p>\n<p>\nArt\u00edculo solo para suscriptores\n<\/p>\n<p>Reportar un error<\/p>\n","protected":false},"excerpt":{"rendered":"El matador de toros David de Miranda ha sido atendido de urgencia en la Cl\u00ednica Falc\u00f3n de Traumatolog\u00eda&hellip;\n","protected":false},"author":2,"featured_media":165522,"comment_status":"","ping_status":"","sticky":false,"template":"","format":"standard","meta":{"footnotes":""},"categories":[277],"tags":[373,2429,168,25,24,1141,3931,45331,9126,9072,15870,23,167,374],"class_list":{"0":"post-165521","1":"post","2":"type-post","3":"status-publish","4":"format-standard","5":"has-post-thumbnail","7":"category-toreo","8":"tag-bullfighting","9":"tag-david","10":"tag-deportes","11":"tag-es","12":"tag-espana","13":"tag-estar","14":"tag-festival","15":"tag-guillena","16":"tag-miranda","17":"tag-octubre","18":"tag-podra","19":"tag-spain","20":"tag-sports","21":"tag-toreo"},"share_on_mastodon":{"url":"","error":""},"_links":{"self":[{"href":"https:\/\/www.europesays.com\/es\/wp-json\/wp\/v2\/posts\/165521","targetHints":{"allow":["GET"]}}],"collection":[{"href":"https:\/\/www.europesays.com\/es\/wp-json\/wp\/v2\/posts"}],"about":[{"href":"https:\/\/www.europesays.com\/es\/wp-json\/wp\/v2\/types\/post"}],"author":[{"embeddable":true,"href":"https:\/\/www.europesays.com\/es\/wp-json\/wp\/v2\/users\/2"}],"replies":[{"embeddable":true,"href":"https:\/\/www.europesays.com\/es\/wp-json\/wp\/v2\/comments?post=165521"}],"version-history":[{"count":0,"href":"https:\/\/www.europesays.com\/es\/wp-json\/wp\/v2\/posts\/165521\/revisions"}],"wp:featuredmedia":[{"embeddable":true,"href":"https:\/\/www.europesays.com\/es\/wp-json\/wp\/v2\/media\/165522"}],"wp:attachment":[{"href":"https:\/\/www.europesays.com\/es\/wp-json\/wp\/v2\/media?parent=165521"}],"wp:term":[{"taxonomy":"category","embeddable":true,"href":"https:\/\/www.europesays.com\/es\/wp-json\/wp\/v2\/categories?post=165521"},{"taxonomy":"post_tag","embeddable":true,"href":"https:\/\/www.europesays.com\/es\/wp-json\/wp\/v2\/tags?post=165521"}],"curies":[{"name":"wp","href":"https:\/\/api.w.org\/{rel}","templated":true}]}}