{"id":165525,"date":"2025-10-09T16:58:15","date_gmt":"2025-10-09T16:58:15","guid":{"rendered":"https:\/\/www.europesays.com\/es\/165525\/"},"modified":"2025-10-09T16:58:15","modified_gmt":"2025-10-09T16:58:15","slug":"sergio-garcia-y-josele-ballester-inician-el-open-de-espana","status":"publish","type":"post","link":"https:\/\/www.europesays.com\/es\/165525\/","title":{"rendered":"Sergio Garc\u00eda y Josele Ballester inician el Open de Espa\u00f1a"},"content":{"rendered":"<p class=\"ft-text ft-helper-closenews\"><a class=\"ft-link ft-link--decoration\" href=\"https:\/\/www.elperiodicomediterraneo.com\/tags\/sergio-garcia-golf\/\" target=\"_blank\" rel=\"nofollow noopener\">Sergio Garc\u00eda<\/a> regresa esta semana al <strong>Open de Espa\u00f1a de <\/strong><a class=\"ft-link ft-link--decoration\" href=\"https:\/\/www.elperiodicomediterraneo.com\/tags\/golf\/\" target=\"_blank\" rel=\"nofollow noopener\">golf<\/a>, seis a\u00f1os despu\u00e9s, con la ilusi\u00f3n de pelear por un t\u00edtulo que gan\u00f3 en 2002 y con el apoyo de \u00abun ambiente incre\u00edble\u00bb en el <strong>Club de Campo Villa de Madrid<\/strong>. \u00abSiempre es bonito poder jugar el Abierto de tu pa\u00eds y poder volver aqu\u00ed a Madrid. Los \u00faltimos a\u00f1os no he podido jugar pero s\u00ed que lo he visto, hay un ambientazo incre\u00edble. Con ganas de hacerlo bien e intentar que la gente disfrute\u00bb, dijo ante los medios en el campo <strong>donde este jueves arranca su recorrido a las 14.00 horas.<\/strong><\/p>\n<p class=\"ft-text\">El de <a class=\"ft-link ft-link--decoration\" href=\"https:\/\/www.elperiodicomediterraneo.com\/tags\/borriol\/\" target=\"_blank\" rel=\"nofollow noopener\">Borriol <\/a>confes\u00f3 estar encantado no solo por jugar en casa sino por ver a viejos conocidos del <strong>Circuito Europeo<\/strong>, del cual vuelve a ser miembro tras su marcha al LIV Golf y explic\u00f3 que su juego llega en buen momento, que el campo le gusta y que sin duda tratar\u00e1 de darse la opci\u00f3n de pelear por un segundo Abierto nacional, despu\u00e9s de ser campe\u00f3n en 2002. \u00abTen\u00eda 22 a\u00f1os, ganar el Open de Espa\u00f1a tan joven fue muy bonito y un honor. Esperemos poder repetirlo. No juego aqu\u00ed desde el 2019 pero es la vez que mejor lo he visto\u00bb, apunt\u00f3 sobre el recorrido Club de Campo.<\/p>\n<p><img decoding=\"async\" src=\"https:\/\/www.europesays.com\/es\/wp-content\/uploads\/2025\/10\/364e9525-466f-4d9f-be54-87d4ab05149e_alta-libre-aspect-ratio_default_0.jpg\" width=\"1200\" height=\"675\" alt=\"Sergio Garc\u00eda, siguiendo muy de cerca las evoluciones en Mediterr\u00e1neo Golf.\" class=\"ft-helper-img-rd\" loading=\"lazy\" hasdataaida=\"true\"\/><\/p>\n<p class=\"ft-helper-fontColor-quaternary ft-helper-fontSize-body-S ft-helper-spacer-t-xxs\">Sergio Garc\u00eda, siguiendo muy de cerca las evoluciones en Mediterr\u00e1neo Golf.  \/ SERGIO GARCIA JUNIOR CHAMPIONSHIP<\/p>\n<p>Sensaciones positivas<\/p>\n<p class=\"ft-text\">\u00abYo creo que empec\u00e9 el a\u00f1o muy bien, luego tuve un poco de baj\u00f3n pero lo acab\u00e9 a un nivel bastante decente. Estas semanas entrenando me encontr\u00e9 bien, intentando mejorar, y con ganas de jugar esta semana e intentar hacerlo muy, muy bien, de ver si tengo posibilidades de pelear por el t\u00edtulo\u00bb, coment\u00f3 Sergio Garc\u00eda, quien estar\u00e1 acompa\u00f1ado por el joven <strong>Josele Ballester<\/strong>, que iniciar\u00e1 su participaci\u00f3n <strong>en el Open de Espa\u00f1a a las 8.50 horas<\/strong>. Ser\u00e1, de hecho, uno de los m\u00e1s madrugadores en esta edici\u00f3n de la competici\u00f3n nacional en el Club de Campo Villa de Madrid.<\/p>\n<p><img decoding=\"async\" src=\"https:\/\/www.europesays.com\/es\/wp-content\/uploads\/2025\/10\/fc99c368-4d1f-4562-8829-a8d29c095e72_alta-libre-aspect-ratio_default_0.jpg\" width=\"1200\" height=\"813\" alt=\"Josele Ballester, golfista de Castell\u00f3.\" class=\"ft-helper-img-rd\" loading=\"lazy\" hasdataaida=\"true\"\/><\/p>\n<p class=\"ft-helper-fontColor-quaternary ft-helper-fontSize-body-S ft-helper-spacer-t-xxs\">Josele Ballester, golfista de Castell\u00f3.  \/ Agencias<\/p>\n<p data-close=\"closedContent\" class=\"subscribeHideForDisplay\">Suscr\u00edbete para seguir leyendo<\/p>\n","protected":false},"excerpt":{"rendered":"Sergio Garc\u00eda regresa esta semana al Open de Espa\u00f1a de golf, seis a\u00f1os despu\u00e9s, con la ilusi\u00f3n de&hellip;\n","protected":false},"author":2,"featured_media":165526,"comment_status":"","ping_status":"","sticky":false,"template":"","format":"standard","meta":{"footnotes":""},"categories":[275],"tags":[23174,5716,168,25,24,3142,329,48707,19410,205,42179,2139,2625,23,167],"class_list":{"0":"post-165525","1":"post","2":"type-post","3":"status-publish","4":"format-standard","5":"has-post-thumbnail","7":"category-golf","8":"tag-ballester","9":"tag-campo","10":"tag-deportes","11":"tag-es","12":"tag-espana","13":"tag-garcia","14":"tag-golf","15":"tag-inician","16":"tag-josele","17":"tag-madrid","18":"tag-open-de-espana","19":"tag-sergio","20":"tag-sergio-garcia","21":"tag-spain","22":"tag-sports"},"share_on_mastodon":{"url":"","error":""},"_links":{"self":[{"href":"https:\/\/www.europesays.com\/es\/wp-json\/wp\/v2\/posts\/165525","targetHints":{"allow":["GET"]}}],"collection":[{"href":"https:\/\/www.europesays.com\/es\/wp-json\/wp\/v2\/posts"}],"about":[{"href":"https:\/\/www.europesays.com\/es\/wp-json\/wp\/v2\/types\/post"}],"author":[{"embeddable":true,"href":"https:\/\/www.europesays.com\/es\/wp-json\/wp\/v2\/users\/2"}],"replies":[{"embeddable":true,"href":"https:\/\/www.europesays.com\/es\/wp-json\/wp\/v2\/comments?post=165525"}],"version-history":[{"count":0,"href":"https:\/\/www.europesays.com\/es\/wp-json\/wp\/v2\/posts\/165525\/revisions"}],"wp:featuredmedia":[{"embeddable":true,"href":"https:\/\/www.europesays.com\/es\/wp-json\/wp\/v2\/media\/165526"}],"wp:attachment":[{"href":"https:\/\/www.europesays.com\/es\/wp-json\/wp\/v2\/media?parent=165525"}],"wp:term":[{"taxonomy":"category","embeddable":true,"href":"https:\/\/www.europesays.com\/es\/wp-json\/wp\/v2\/categories?post=165525"},{"taxonomy":"post_tag","embeddable":true,"href":"https:\/\/www.europesays.com\/es\/wp-json\/wp\/v2\/tags?post=165525"}],"curies":[{"name":"wp","href":"https:\/\/api.w.org\/{rel}","templated":true}]}}