{"id":165531,"date":"2025-10-09T17:01:11","date_gmt":"2025-10-09T17:01:11","guid":{"rendered":"https:\/\/www.europesays.com\/es\/165531\/"},"modified":"2025-10-09T17:01:11","modified_gmt":"2025-10-09T17:01:11","slug":"alonso-siempre-esta-ahi-as-com","status":"publish","type":"post","link":"https:\/\/www.europesays.com\/es\/165531\/","title":{"rendered":"\u201cAlonso siempre est\u00e1 ah\u00ed\u201d &#8211; AS.com"},"content":{"rendered":"<p class=\"\">Con cinco grandes premios por delante empezando por el de la semana que viene en Austin, la <b>F\u00f3rmula 1<\/b> entra en su recta final de temporada y cada vez se aproxima m\u00e1s a un nuevo horizonte, el de las nuevas reglas a las que muchos equipos quieren agarrarse para dar la vuelta a su situaci\u00f3n. Uno de ellos es <b>Aston Martin,<\/b> que <b>ha echado el resto en fichajes gal\u00e1cticos para su equipo de ingenieros con Adrian Newey a la cabeza. <\/b>De \u00e9l depender\u00e1 la mayor parte de las opciones de que el AMR26 sea ganador.<\/p>\n<p class=\"\">Porque sobre el que <b>Flavio Briatore<\/b> no tiene dudas de que estar\u00e1 s\u00ed o s\u00ed, pase lo que pase y el coche sea m\u00e1s o menos competitivo, es de<b> Alonso. <\/b>El asesor ejecutivo de Alpine e \u00edntimo amigo del bicampe\u00f3n espa\u00f1ol, conf\u00eda en que Aston Martin disponga de un coche competitivo para ver a Fernando peleando por los puestos nobles. As\u00ed lo afirm\u00f3 recientemente en unas declaraciones a ESPN cuando l<b>e preguntaron si ve\u00eda ganar a Alonso con el equipo de Silverstone: \u201cClaro, espero, espero\u201d.<\/b><\/p>\n<p class=\"\">\u201cAston Martin tiene al genio m\u00e1s grande (en referencia a Newey). A ver qu\u00e9 tal le va, tengo mucha curiosidad. Pero si Aston Martin tiene un coche competitivo, ya veremos. <b>Siempre que el coche es competitivo, Fernando est\u00e1 ah\u00ed. Siempre est\u00e1 ah\u00ed\u201d,<\/b> asegura el italiano, que est\u00e1 convencido de que el asturiano no ha bajado el nivel de competitividad a sus 44 a\u00f1os: <b>\u201cSi Fernando estuviera en el McLaren o en el Red Bull esta temporada, te prometo que seguir\u00eda en la carrera<\/b> (por el t\u00edtulo)\u201d.<\/p>\n<p><b>\u201c\u00bfDif\u00edcil de controlar? Eso es basura\u201d<\/b><\/p>\n<p class=\"\">Y Briatore no solo ve a Alonso tan competitivo como siempre, sino tambi\u00e9n igual de comprometido con su equipo, por eso le cansa escuchar algunas voces cr\u00edticas que <b>dicen que \u201ca veces Fernando era muy dif\u00edcil de controlar\u201d. \u201cEso es un mont\u00f3n de basura, la verdad.<\/b> Son muchas tonter\u00edas que no s\u00e9 de d\u00f3nde salen, pero me enfada much\u00edsimo porque Fernando siempre es un compa\u00f1ero de equipo\u201d, opina quien fuera jefe del espa\u00f1ol durante su etapa m\u00e1s exitosa en Renault.<\/p>\n<p>Noticias relacionadas<a href=\"https:\/\/as.com\/motor\/formula_1\/aston-martin-el-fracaso-no-es-una-opcion-f202510-n\/\" class=\"s_m_w\" title=\"Enrico Cardile valora las posibilidades de la escuder\u00eda para la temporada pr\u00f3xima: \u201cLo haremos bien. Tenemos todo lo necesario\u201d\" data-tb-link=\"\" rel=\"nofollow noopener\" target=\"_blank\"><img decoding=\"async\" src=\"https:\/\/www.europesays.com\/es\/wp-content\/uploads\/2025\/10\/1760029269_879_QYTKXY7HV5NYVEAOVIKHI6LOQY.jpg\" alt=\"Aston Martin: \u201cEl fracaso no es una opci\u00f3n\u201d\" class=\"\" height=\"1\" width=\"1\"   loading=\"lazy\" data-tb-thumbnail=\"\"\/><\/a><a href=\"https:\/\/as.com\/motor\/formula_1\/alonso-corrige-a-aston-martin-n\/\" class=\"s_m_w\" title=\"El espa\u00f1ol remont\u00f3 dos veces tras una mala preparaci\u00f3n de la clasificaci\u00f3n y el pit-stop de nueve segundos. Cowell aplaude la estrategia de salir con blandas. \" data-tb-link=\"\" rel=\"nofollow noopener\" target=\"_blank\"><img decoding=\"async\" src=\"https:\/\/www.europesays.com\/es\/wp-content\/uploads\/2025\/10\/1760029270_773_IJZRWHQGXZHODCWGBYML3CEJVQ.jpg\" alt=\"Alonso corrige a Aston Martin\" class=\"\" height=\"1\" width=\"1\"   loading=\"lazy\" data-tb-thumbnail=\"\"\/><\/a><\/p>\n<p class=\"\">As\u00ed que Flavio habla con conocimiento de causa y explica los motivos que hacen a Alonso un hombre de equipo: <b>\u201cMantiene unido al equipo, hace que todos trabajen juntos. <\/b>Y ahora la demostraci\u00f3n tambi\u00e9n est\u00e1 en Aston Martin.<b> El coche no es competitivo, pero \u00e9l est\u00e1 ah\u00ed todo el tiempo. <\/b>Es como un Rottweiler. Ya sabes, vas a un sitio y el Rottweiler te muerde todo el tiempo\u201d. Siguiendo el s\u00edmil, Alonso lleva tiempo buscando hincar el diente a alg\u00fan trofeo y 2026 dictar\u00e1 si eso ser\u00e1 posible.<\/p>\n<p><a href=\"https:\/\/as.com\/resultados\/ficha\/deportista\/fernando_alonso\/24337\/\" rel=\"nofollow noopener\" target=\"_blank\"><img decoding=\"async\" src=\"https:\/\/www.europesays.com\/es\/wp-content\/uploads\/2025\/10\/24337.png\" alt=\"\u201cAlonso siempre est\u00e1 ah\u00ed\u201d\" height=\"80\" width=\"80\"  loading=\"lazy\" data-error-image=\"https:\/\/static.as.com\/dist\/resources\/images\/placeholder-player.png\"\/><\/a><\/p>\n<p class=\"\"><b>\u00a1Tus opiniones importan!<\/b> Comenta en los art\u00edculos y suscr\u00edbete gratis a nuestra <a href=\"https:\/\/asfan.as.com\/newsletters\/\" target=\"_blank\" rel=\"nofollow noopener\" title=\"https:\/\/asfan.as.com\/newsletters\/\">newsletter<\/a> y a las alertas informativas en la <a href=\"https:\/\/as.com\/aplicacion-de-as-n\/\" target=\"_blank\" rel=\"nofollow noopener\" title=\"https:\/\/as.com\/aplicacion-de-as-n\/\">App<\/a> o el canal de <a href=\"https:\/\/www.whatsapp.com\/channel\/0029VaAasdA7j6g745nz9M10\" target=\"_blank\" rel=\"nofollow noopener\" title=\"https:\/\/www.whatsapp.com\/channel\/0029VaAasdA7j6g745nz9M10\">WhatsApp<\/a>. \u00bfBuscas licenciar contenido? Haz clic <a href=\"https:\/\/profesional.elpais.com\/soluciones-sindicacion?utm_medium=interno&amp;utm_source=crosslinking&amp;utm_campaign=sindicacion_as_pie_articulos\" target=\"_blank\" rel=\"nofollow noopener\" title=\"https:\/\/profesional.elpais.com\/soluciones-sindicacion?utm_medium=interno&amp;utm_source=crosslinking&amp;utm_campaign=sindicacion_as_pie_articulos\">aqu\u00ed<\/a><\/p>\n","protected":false},"excerpt":{"rendered":"Con cinco grandes premios por delante empezando por el de la semana que viene en Austin, la F\u00f3rmula&hellip;\n","protected":false},"author":2,"featured_media":165532,"comment_status":"","ping_status":"","sticky":false,"template":"","format":"standard","meta":{"footnotes":""},"categories":[270],"tags":[168,25,24,306,271,272,23,167],"class_list":{"0":"post-165531","1":"post","2":"type-post","3":"status-publish","4":"format-standard","5":"has-post-thumbnail","7":"category-formula-1","8":"tag-deportes","9":"tag-es","10":"tag-espana","11":"tag-f1","12":"tag-formula-1","13":"tag-formula1","14":"tag-spain","15":"tag-sports"},"share_on_mastodon":{"url":"","error":""},"_links":{"self":[{"href":"https:\/\/www.europesays.com\/es\/wp-json\/wp\/v2\/posts\/165531","targetHints":{"allow":["GET"]}}],"collection":[{"href":"https:\/\/www.europesays.com\/es\/wp-json\/wp\/v2\/posts"}],"about":[{"href":"https:\/\/www.europesays.com\/es\/wp-json\/wp\/v2\/types\/post"}],"author":[{"embeddable":true,"href":"https:\/\/www.europesays.com\/es\/wp-json\/wp\/v2\/users\/2"}],"replies":[{"embeddable":true,"href":"https:\/\/www.europesays.com\/es\/wp-json\/wp\/v2\/comments?post=165531"}],"version-history":[{"count":0,"href":"https:\/\/www.europesays.com\/es\/wp-json\/wp\/v2\/posts\/165531\/revisions"}],"wp:featuredmedia":[{"embeddable":true,"href":"https:\/\/www.europesays.com\/es\/wp-json\/wp\/v2\/media\/165532"}],"wp:attachment":[{"href":"https:\/\/www.europesays.com\/es\/wp-json\/wp\/v2\/media?parent=165531"}],"wp:term":[{"taxonomy":"category","embeddable":true,"href":"https:\/\/www.europesays.com\/es\/wp-json\/wp\/v2\/categories?post=165531"},{"taxonomy":"post_tag","embeddable":true,"href":"https:\/\/www.europesays.com\/es\/wp-json\/wp\/v2\/tags?post=165531"}],"curies":[{"name":"wp","href":"https:\/\/api.w.org\/{rel}","templated":true}]}}