{"id":165533,"date":"2025-10-09T17:02:08","date_gmt":"2025-10-09T17:02:08","guid":{"rendered":"https:\/\/www.europesays.com\/es\/165533\/"},"modified":"2025-10-09T17:02:08","modified_gmt":"2025-10-09T17:02:08","slug":"el-partido-contra-el-hapoel-israeli-ya-ha-sido-declarado-de-alto-riesgo","status":"publish","type":"post","link":"https:\/\/www.europesays.com\/es\/165533\/","title":{"rendered":"El partido contra el Hapoel israel\u00ed ya ha sido declarado de alto riesgo"},"content":{"rendered":"<p class=\"ft-text\"><strong>La Comisi\u00f3n Antiviolencia declar\u00f3 de alto riesgo el partido de la <\/strong><a class=\"ft-link ft-link--decoration\" href=\"https:\/\/www.superdeporte.es\/tags\/euroliga\/\" rel=\"nofollow noopener\" target=\"_blank\"><strong>Euroliga<\/strong><\/a><strong> que el <\/strong><a class=\"ft-link ft-link--decoration\" href=\"https:\/\/www.superdeporte.es\/tags\/valencia-basket\/\" rel=\"nofollow noopener\" target=\"_blank\"><strong>Valencia Basket<\/strong><\/a><strong> jugar\u00e1 contra el Hapoel Tel Aviv de Israel, el pr\u00f3ximo d\u00eda 15 en el Roig Arena, <\/strong>y tambi\u00e9n el que La Laguna Tenerife disputar\u00e1 en la Liga de Campeones contra el conjunto israel\u00ed Bnei Herzliya, el martes 14 en el pabell\u00f3n Santiago Mart\u00edn.<\/p>\n<p class=\"ft-text\">El <strong>Ministerio del Interior<\/strong> anunci\u00f3 que estas medidas especiales de seguridad en estos encuentros <strong>se suman a las acordadas tambi\u00e9n este jueves para el partido de la tercera jornada de la Eurocopa que enfrentar\u00e1 al Baxi Manresa<\/strong> y al conjunto israel\u00ed Hapoel Jerusal\u00e9n, previsto para el 15 de octubre.<\/p>\n<p class=\"ft-text\">Las declaraciones de alto riesgo por Antiviolencia se producen en un <strong>contexto de tensi\u00f3n en medio de la situaci\u00f3n en la Franja de Gaza,<\/strong> que ha provocado <strong>innumerables manifestaciones en todo el mundo en favor del pueblo palestino y contra los ataques del Ej\u00e9rcito israel\u00ed.<\/strong><\/p>\n<p class=\"ft-text\">Tambi\u00e9n despu\u00e9s de la <strong>petici\u00f3n de suspensi\u00f3n del partido hecha desde La Laguna por su alcalde, Luis Yeray Guti\u00e9rrez (PSOE),<\/strong> quien la solicit\u00f3 ayer al Consejo Superior de Deportes (CSD) y a otras \u00abinstituciones superiores\u00bb.<\/p>\n<p class=\"ft-text\">El regidor plante\u00f3 su petici\u00f3n porque <strong>no se puede \u00abblanquear un comportamiento atroz\u00bb del ej\u00e9rcito israel\u00ed en Gaza<\/strong> y porque dijo tener conocimiento de posibles acciones en el municipio ante la participaci\u00f3n del equipo israel\u00ed en el Santiago Mart\u00edn.<\/p>\n<p>El movimiento propalestino solicta la suspensi\u00f3n del encuentro en Val\u00e8ncia<\/p>\n<p class=\"ft-text\">Ante la celebraci\u00f3n del Valencia Basket &#8211; Hapoel Tel Aviv de la Euroliga, <strong>el movimiento propalestino BDS (Por el Boicot, Desinversi\u00f3n y Sanciones a Israel) ha exigido al club valenciano que suspenda el encuentro,<\/strong> advirtiendo de que, de lo contrario, convocar\u00e1 una <strong>movilizaci\u00f3n en los aleda\u00f1os al pabell\u00f3n.<\/strong><\/p>\n<p class=\"ft-text\">El Valencia Basket no se pronunci\u00f3 al respecto, <strong>aunque <\/strong><a class=\"ft-link ft-link--decoration\" href=\"https:\/\/www.superdeporte.es\/valencia-basket\/2025\/10\/08\/valencia-basket-entradas-euroliga-hapoel-tel-aviv-122413874.html\" rel=\"nofollow noopener\" target=\"_blank\"><strong>no ha sacado a la venta entradas para el p\u00fablico general en este partido.<\/strong><\/a> Tampoco comunic\u00f3 al club israel\u00ed si le ofrecer\u00e1 m\u00e1s entradas del m\u00ednimo de 140 que debe ofrecerle seg\u00fan las normas.<\/p>\n<p class=\"ft-text\">En Manresa tambi\u00e9n varios grupos de animaci\u00f3n del equipo manresano hab\u00edan emitido el mes pasado un comunicado en el que solicitaban la suspensi\u00f3n del encuentro con el Hapoel de Jerusalem, al considerar \u00ababsolutamente inaceptable\u00bb la presencia de conjunto israel\u00ed en el Nou Congost.<\/p>\n<p class=\"ft-text\">Adem\u00e1s, <strong>este mi\u00e9rcoles el FC Barcelona comunic\u00f3 al conjunto israel\u00ed que no le ceder\u00e1 el Palau Blaugrana para que pueda ejercitarse<\/strong> el mi\u00e9rcoles 15 de octubre por la ma\u00f1ana antes de disputar el encuentro en horario vespertino.<\/p>\n<p class=\"ft-text\">La intenci\u00f3n del equipo israel\u00ed era aterrizar en la capital catalana y ejercitarse en el Palau el mismo d\u00eda de partido antes de trasladarse a Manresa, y as\u00ed se lo hizo saber al Bar\u00e7a, que no ha atendido su petici\u00f3n, tal como confirmaron a EFE fuentes de la entidad azulgrana.<\/p>\n<p class=\"ft-text\"><strong>El club azulgrana razon\u00f3 su decisi\u00f3n en base a motivos log\u00edsticos y de orden p\u00fablico,<\/strong> consciente del <strong>rechazo <\/strong>que los equipos israel\u00edes est\u00e1n generando entre parte de la poblaci\u00f3n.<\/p>\n<p class=\"ft-text\">En la <a class=\"ft-link ft-link--decoration\" href=\"https:\/\/www.euroleaguebasketball.net\/es\/euroleague\/\" rel=\"nofollow noopener\" target=\"_blank\">Euroliga<\/a>, que disputan tambi\u00e9n el Real Madrid, el Barcelona y el Baskonia, participa a su vez el Maccabi Tel Aviv, que debe recibir al Bar\u00e7a el pr\u00f3ximo d\u00eda 14 en la cuarta jornada.<\/p>\n","protected":false},"excerpt":{"rendered":"La Comisi\u00f3n Antiviolencia declar\u00f3 de alto riesgo el partido de la Euroliga que el Valencia Basket jugar\u00e1 contra&hellip;\n","protected":false},"author":2,"featured_media":165534,"comment_status":"","ping_status":"","sticky":false,"template":"","format":"standard","meta":{"footnotes":""},"categories":[269],"tags":[3196,48710,299,210,1918,298,168,25,24,833,1256,36978,39298,74,6839,11993,1288,2915,23,167,13108,1370,235,2916],"class_list":{"0":"post-165533","1":"post","2":"type-post","3":"status-publish","4":"format-standard","5":"has-post-thumbnail","7":"category-baloncesto","8":"tag-alto","9":"tag-aviv","10":"tag-baloncesto","11":"tag-barcelona","12":"tag-basket","13":"tag-basketball","14":"tag-deportes","15":"tag-es","16":"tag-espana","17":"tag-euroliga","18":"tag-franja-de-gaza","19":"tag-hapoel","20":"tag-hapoel-tel-aviv","21":"tag-israel","22":"tag-la-laguna","23":"tag-manresa","24":"tag-riesgo","25":"tag-roig-arena","26":"tag-spain","27":"tag-sports","28":"tag-tel","29":"tag-tenerife","30":"tag-valencia","31":"tag-valencia-basket"},"share_on_mastodon":{"url":"","error":""},"_links":{"self":[{"href":"https:\/\/www.europesays.com\/es\/wp-json\/wp\/v2\/posts\/165533","targetHints":{"allow":["GET"]}}],"collection":[{"href":"https:\/\/www.europesays.com\/es\/wp-json\/wp\/v2\/posts"}],"about":[{"href":"https:\/\/www.europesays.com\/es\/wp-json\/wp\/v2\/types\/post"}],"author":[{"embeddable":true,"href":"https:\/\/www.europesays.com\/es\/wp-json\/wp\/v2\/users\/2"}],"replies":[{"embeddable":true,"href":"https:\/\/www.europesays.com\/es\/wp-json\/wp\/v2\/comments?post=165533"}],"version-history":[{"count":0,"href":"https:\/\/www.europesays.com\/es\/wp-json\/wp\/v2\/posts\/165533\/revisions"}],"wp:featuredmedia":[{"embeddable":true,"href":"https:\/\/www.europesays.com\/es\/wp-json\/wp\/v2\/media\/165534"}],"wp:attachment":[{"href":"https:\/\/www.europesays.com\/es\/wp-json\/wp\/v2\/media?parent=165533"}],"wp:term":[{"taxonomy":"category","embeddable":true,"href":"https:\/\/www.europesays.com\/es\/wp-json\/wp\/v2\/categories?post=165533"},{"taxonomy":"post_tag","embeddable":true,"href":"https:\/\/www.europesays.com\/es\/wp-json\/wp\/v2\/tags?post=165533"}],"curies":[{"name":"wp","href":"https:\/\/api.w.org\/{rel}","templated":true}]}}