{"id":165541,"date":"2025-10-09T17:06:16","date_gmt":"2025-10-09T17:06:16","guid":{"rendered":"https:\/\/www.europesays.com\/es\/165541\/"},"modified":"2025-10-09T17:06:16","modified_gmt":"2025-10-09T17:06:16","slug":"la-nueva-edicion-de-la-umbria-de-alonso-quesada-premiada-a-nivel-nacional","status":"publish","type":"post","link":"https:\/\/www.europesays.com\/es\/165541\/","title":{"rendered":"La nueva edici\u00f3n de &#8216;La Umbr\u00eda\u2019, de Alonso Quesada, premiada a nivel nacional"},"content":{"rendered":"<p> Le edici\u00f3n del Cabildo de Gran Canaria de \u2018La Umbr\u00eda\u2019, de Alonso Quesada, se lleva el tercer premio en la categor\u00eda de Mejor Libro Facs\u00edmil del Ministerio de Cultura <\/p>\n<p><strong>Mar\u00eda Jos\u00e9 G\u00e1lvez Salvador<\/strong>, directora general del Libro, del C\u00f3mic y de la Lectura del Ministerio de <a href=\"https:\/\/rtvc.es\/tag\/literatura\/\" rel=\"nofollow noopener\" target=\"_blank\">Cultura<\/a>, entreg\u00f3 este 8 de octubre, a la consejera de Cultura del Cabildo grancanario, <strong>Guacimara Medina<\/strong>, el tercer premio en la categor\u00eda de Mejor Libro Facs\u00edmil <strong>por su cuidada edici\u00f3n de \u2018La Umbr\u00eda\u2019<\/strong>, del autor canario Alonso Quesada, publicada por el Departamento de Ediciones en 2023.<\/p>\n<p>Esta edici\u00f3n replica fielmente la primera edici\u00f3n de la obra en 1922 para conmemorar el centenario de la muerte de Quesada.<\/p>\n<p> <img fetchpriority=\"high\" decoding=\"async\" width=\"768\" height=\"1024\" data-lazy-type=\"image\" src=\"https:\/\/www.europesays.com\/es\/wp-content\/uploads\/2025\/10\/Guacimara-Medina-con-el-premio-junto-a-la-vitrina-en-la-que-se-exhibe-en-libro-premiado-768x1024.web.webp\" alt=\"La edici\u00f3n del Cabildo de Gran Canaria de \u2018La Umbr\u00eda\u2019, de Alonso Quesada, se lleva el premio a Libro Mejor Editado del Ministerio de Cultura\" class=\"lazy lazy-hidden wp-image-582919\"  \/><\/p>\n<p>La edici\u00f3n del Cabildo de Gran Canaria de \u2018La Umbr\u00eda\u2019, de Alonso Quesada, se lleva el premio a Libro Mejor Editado del Ministerio de Cultura Sencillez y buena confecci\u00f3n <\/p>\n<p>Este galard\u00f3n, que reconoce y estimula la labor de las editoriales espa\u00f1olas, supone un importante reconocimiento para el \u00e1rea de Ediciones del Cabildo grancanario. <\/p>\n<p>Editada por el Departamento de Ediciones de la Consejer\u00eda de Cultura del Cabildo grancanario, la versi\u00f3n facsimilar de \u2018La Umbr\u00eda\u2019 reproduce con gran fidelidad la <strong>primera edici\u00f3n de 1922<\/strong>, publicada por <strong>Publicaciones Atenea<\/strong>.<\/p>\n<p>El jurado del certamen valor\u00f3 su \u201csencillez y buena confecci\u00f3n, que <strong>acerca su lectura a un p\u00fablico general\u201d<\/strong>. Tambi\u00e9n la calidad de la reproducci\u00f3n y la sensibilidad est\u00e9tica del dise\u00f1o. El facs\u00edmil, maquetado por <strong>Sergio Hern\u00e1ndez Pe\u00f1a e impreso por Gr\u00e1fica Lope<\/strong>, replica fielmente la primera edici\u00f3n de 1922, respetando el formato, la textura y los colores originales de la cubierta y utilizando un papel ahuesado que le aporta envejecimiento.<\/p>\n<p>Cabe destacar que se ha recepcionado el premio en este 2025, a\u00f1o en el que se cumple el c<strong>entenario de la muerte Alonso Quesada<\/strong>. Por ello, la Corporaci\u00f3n insular ha estado llevando a cabo durante todo este a\u00f1o diversas iniciativas para poner en valor al escritor isle\u00f1o. Entre ellas destaca la publicaci\u00f3n reciente del t\u00edtulo <strong>\u2018Do\u00f1a Juana y sus hijos\u2019,<\/strong> una obra in\u00e9dita del propio Alonso Quesada.<\/p>\n<p>   <a href=\"https:\/\/whatsapp.com\/channel\/0029Va8SLphIyPtOoag1Or0S\" rel=\"nofollow noopener\" target=\"_blank\"> <img class=\"lazy lazy-hidden\" decoding=\"async\" data-lazy-type=\"image\" src=\"https:\/\/www.europesays.com\/es\/wp-content\/uploads\/2025\/08\/banner-whatsapp-rtvc-29.gif\" alt=\"M\u00e1s Actualidad en el canal de Whatsapp de RTVC\" title=\"M\u00e1s Actualidad en el canal de Whatsapp de RTVC\" style=\"max-width: 100%; max-height: 100%;margin-bottom: 0px; height: 100px; width: 970px; display: block;\"\/><\/p>\n<p><\/a>    Segundo premio de esta categor\u00eda <\/p>\n<p>Hace tres a\u00f1os la instituci\u00f3n obtuvo el <strong>segundo premio en la misma categor\u00eda<\/strong> de estos premios que convoca anualmente el Ministerio de Cultura del Gobierno de Espa\u00f1a. En esa ocasi\u00f3n fue por la reedici\u00f3n de<strong> \u2018Las Rosas de H\u00e9rcules, Libro I\u2019, de Tom\u00e1s Morales<\/strong>, publicada tambi\u00e9n con motivo del centenario del poeta modernista.<\/p>\n<p>El acto de entrega se celebr\u00f3 en la carpa de la D<strong>irecci\u00f3n General del Libro, del C\u00f3mic y de la Lectura<\/strong>, en el marco de la 43 edici\u00f3n de la Feria Internacional del Libro Liber, que acoge estos d\u00edas el recinto ferial de Ifema en Madrid. <\/p>\n<p>Durante el acto de entrega, <strong>Guacimara Medina<\/strong> subray\u00f3 que, con este nuevo galard\u00f3n, el Cabildo grancanario \u201creafirma su trayectoria como referente en la edici\u00f3n facsimilar de obras fundamentales de la literatura del Archipi\u00e9lago, al tiempo que destaca la calidad de sus lanzamientos editoriales y la labor que desarrolla su Departamento de Ediciones alrededor del rico corpus literario de Canarias\u201d. Asimismo, la consejera insular manifest\u00f3 \u201cel orgullo y la proyecci\u00f3n que supone para Gran Canaria situar al departamento de Ediciones del Cabildo de Gran Canaria en la Feria LIBER de la mano de Alonso Quesada\u201d. <\/p>\n<p> Reconocimiento a la labor editorial <\/p>\n<p>Adem\u00e1s, de la distinci\u00f3n, el premio conlleva la <strong>difusi\u00f3n internacional de \u2018La Umbr\u00eda\u2019<\/strong>. Ser\u00e1 expuesta en ferias de referencia como las de <strong>Fr\u00e1ncfort y Leipzig<\/strong>, donde formar\u00e1 parte de la exposici\u00f3n Best Book Design from all over the World (Libros Mejor Editados del Mundo) junto a otras obras reconocidas por su excelencia editorial.<\/p>\n<p>El jurado ha estado presidido por Mar\u00eda Jos\u00e9 G\u00e1lvez Salvador, directora general del Libro, del C\u00f3mic y de la Lectura del Ministerio de Cultura; y como vicepresidente ha actuado Jes\u00fas Gonz\u00e1lez Gonz\u00e1lez, subdirector general de Promoci\u00f3n del Libro, la Lectura y las Letras Espa\u00f1olas. Como vocales han actuado Pascual Jim\u00e9nez Huerta, por la Biblioteca Nacional de Espa\u00f1a; Olga Palacios Huecas, por el Club de Gr\u00e1ficos Em\u00e9ritos; David Mart\u00ednez L\u00f3pez, por la Federaci\u00f3n de Industrias Gr\u00e1ficas; Rosalina D\u00edaz Valc\u00e1rcel, por la Federaci\u00f3n de Gremios de Editores de Espa\u00f1a; Juan Jos\u00e9 Justicia Pel\u00e1ez y Roc\u00edo San Claudio Santa Cruz, como expertos en la materia; y Alberto Caballero Mart\u00ednez, jefe de \u00e1rea de la Subdirecci\u00f3n General de Promoci\u00f3n del Libro, la Lectura y las Letras Espa\u00f1olas, por el Ministerio de Cultura.<\/p>\n","protected":false},"excerpt":{"rendered":"Le edici\u00f3n del Cabildo de Gran Canaria de \u2018La Umbr\u00eda\u2019, de Alonso Quesada, se lleva el tercer premio&hellip;\n","protected":false},"author":2,"featured_media":165542,"comment_status":"","ping_status":"","sticky":false,"template":"","format":"standard","meta":{"footnotes":""},"categories":[172],"tags":[224,39297,146,147,25,24,1897,225,671,251,23],"class_list":{"0":"post-165541","1":"post","2":"type-post","3":"status-publish","4":"format-standard","5":"has-post-thumbnail","7":"category-libros","8":"tag-books","9":"tag-cabildo-de-gran-canaria","10":"tag-entertainment","11":"tag-entretenimiento","12":"tag-es","13":"tag-espana","14":"tag-gran-canaria","15":"tag-libros","16":"tag-literatura","17":"tag-ministerio-de-cultura","18":"tag-spain"},"share_on_mastodon":{"url":"","error":""},"_links":{"self":[{"href":"https:\/\/www.europesays.com\/es\/wp-json\/wp\/v2\/posts\/165541","targetHints":{"allow":["GET"]}}],"collection":[{"href":"https:\/\/www.europesays.com\/es\/wp-json\/wp\/v2\/posts"}],"about":[{"href":"https:\/\/www.europesays.com\/es\/wp-json\/wp\/v2\/types\/post"}],"author":[{"embeddable":true,"href":"https:\/\/www.europesays.com\/es\/wp-json\/wp\/v2\/users\/2"}],"replies":[{"embeddable":true,"href":"https:\/\/www.europesays.com\/es\/wp-json\/wp\/v2\/comments?post=165541"}],"version-history":[{"count":0,"href":"https:\/\/www.europesays.com\/es\/wp-json\/wp\/v2\/posts\/165541\/revisions"}],"wp:featuredmedia":[{"embeddable":true,"href":"https:\/\/www.europesays.com\/es\/wp-json\/wp\/v2\/media\/165542"}],"wp:attachment":[{"href":"https:\/\/www.europesays.com\/es\/wp-json\/wp\/v2\/media?parent=165541"}],"wp:term":[{"taxonomy":"category","embeddable":true,"href":"https:\/\/www.europesays.com\/es\/wp-json\/wp\/v2\/categories?post=165541"},{"taxonomy":"post_tag","embeddable":true,"href":"https:\/\/www.europesays.com\/es\/wp-json\/wp\/v2\/tags?post=165541"}],"curies":[{"name":"wp","href":"https:\/\/api.w.org\/{rel}","templated":true}]}}