{"id":165551,"date":"2025-10-09T17:11:08","date_gmt":"2025-10-09T17:11:08","guid":{"rendered":"https:\/\/www.europesays.com\/es\/165551\/"},"modified":"2025-10-09T17:11:08","modified_gmt":"2025-10-09T17:11:08","slug":"un-coctel-de-virus-adelanta-la-temporada-gripal-en-leon","status":"publish","type":"post","link":"https:\/\/www.europesays.com\/es\/165551\/","title":{"rendered":"Un c\u00f3ctel de virus adelanta la temporada gripal en Le\u00f3n"},"content":{"rendered":"<p>                                    <img decoding=\"async\" loading=\"lazy\" src=\"https:\/\/www.europesays.com\/es\/wp-content\/uploads\/2025\/09\/65f855a0d6aaa.jpeg\" alt=\"Carmen Tapia\" width=\"40\" height=\"40\" data-full-src=\"https:\/\/www.europesays.com\/es\/wp-content\/uploads\/2025\/09\/65f855a0d6aaa.jpeg\"\/><\/p>\n<p class=\"paragraph\">La nueva temporada ha comenzado con un aumento de las infecciones respiratorias durante las \u00faltimas semanas. Gripe, covid y rinovirus\/enterovisus emergen con fuerza estos d\u00edas y se alternan para infectar a una poblaci\u00f3n que ve como aumentan los contagios a su alrededor.<\/p>\n<p class=\"paragraph\">Dolor de cabeza, problemas respiratorios, estornudos, toses y malestar generalizado en el cuerpo. Son los s\u00edntomas m\u00e1s usuales de una infecci\u00f3n que en esta nueva temporada de oto\u00f1o se han incrementado en Le\u00f3n por un c\u00f3ctel de tres virus, seg\u00fan los datos de la red centinela de la Consejer\u00eda de Sanidad de Castilla y Le\u00f3n, que en el resumen semanal de incidencias de infecciones agudas hasta el 5 de octubre refleja un aumento de las patolog\u00edas respiratorias en las \u00faltimas semanas alcanzando una tasa de 766 casos por 100.000 habitantes en toda la Comunidad. La incidencia de covid se sit\u00faa en 68 infecciones por 100.000 habitantes y la de la gripe est\u00e1 en 45 casos, todav\u00eda por debajo del umbral epid\u00e9mico. Tambi\u00e9n se ha observado un ascenso de tasa de bronquitis y bronquiolitis.<\/p>\n<p class=\"paragraph\">La incidencia del covid parece m\u00e1s estabilizada despu\u00e9s del punto \u00e1lgido que se alcanz\u00f3 hace tres semanas, aunque el SARS-CoV-2 contin\u00faa en circulaci\u00f3n y contagiando a la poblaci\u00f3n, que toma conciencia. Tambi\u00e9n circula ya la gripe A, tanto del subtipo H1 como del H3 y sigue aumentando la circulaci\u00f3n de los rinovirus\/enterovirus, con un ascenso de infecciones de bronquitis y bronquiolitis. En el informe de la Consejer\u00eda de Sanidad se alerta de que aumentan las consultas en urgencias y las hospitalizaciones por infecciones respiratorias, sobre todo en mayores de 75 a\u00f1os. De momento, el nivel de intensidad epid\u00e9mica es muy baja.<\/p>\n<p class=\"c-detail__media__subtitle\">\n<p>        Evoluci\u00f3n de los virus respiratorios en Castilla y Le\u00f3nDL<\/p>\n<p class=\"paragraph\">Los farmac\u00e9uticos de Le\u00f3n observan una mayor concienciaci\u00f3n ciudadana para evitar la propagaci\u00f3n de los virus. \u00abLos s\u00edntomas no son muy graves y las medidas higi\u00e9nicas y el paracetamol suelen ser suficientes. Las personas m\u00e1s concienciadas con las mascarillas son las que tienen alguna enfermedad cr\u00f3nica o las que cuidan a personas mayores o tienen a menores a su cargo\u00bb, asegura la presidenta del Colegio de Farmac\u00e9uticos de Le\u00f3n, Montserrat \u00c1vila Escribano. \u00abEl incremento de contagios comenz\u00f3 en la primera semana de septiembre y notamos un aumento de compras de mascarillas y de geles. En las farmacias los geles desinfectantes est\u00e1n en todos los puntos despu\u00e9s de que nuestros usuarios se realizan los test\u00bb.<\/p>\n<p class=\"paragraph\">Aunque el volumen de solicitudes de test de ant\u00edgenos ha ca\u00eddo desde la pandemia, su venta se ha incrementado en los \u00faltimos tres meses. Seg\u00fan datos de la Cooperativa Farmac\u00e9utica Leonesa (Cofarle) en el mes de julio se distribuyeron en las farmacias de la provincia 1.550 test de ant\u00edgenos y en el mes de septiembre se triplicaron hasta los 4.899. En lo que va de mes de octubre se han vendido 1.820 hasta ayer.<\/p>\n<p class=\"paragraph\">Lo que menos se han notado son las mascarillas, que tuvieron su mayor repunte de venta durante los incendios del mes de agosto por la mala calidad del aire.<\/p>\n<p>Campa\u00f1a de vacunaci\u00f3n<\/p>\n<p class=\"paragraph\">El repunte de los contagios coincide con el inicio de la campa\u00f1a de vacunaci\u00f3n el pr\u00f3ximo 14 de octubre para todos los grupos de poblaci\u00f3n en los que est\u00e1 recomendada.<\/p>\n<p class=\"paragraph\">Para la campa\u00f1a 2025-2026, la Consejer\u00eda de Sanidad ha comprado 765.650 dosis de vacunas frente a la gripe, con un gasto total de 9.485.637 euros, incluida la vacuna intranasal destinada a la poblaci\u00f3n infantil de 24 meses a 8 a\u00f1os. A esto se suma 2.825.680 euros para la adquisici\u00f3n de las 13.000 dosis de anticuerpo monoclonal (Nirsevimab) frente a VRS para la poblaci\u00f3n infantil, as\u00ed como 5.782.400 euros m\u00e1s destinados a las 50.000 dosis frente a VRS para personas institucionalizadas.<\/p>\n<p>Contin\u00faa la circulaci\u00f3n de SARS-CoV-2 y de gripe, aunque la incidencia es de intensidad baja<\/p>\n","protected":false},"excerpt":{"rendered":"La nueva temporada ha comenzado con un aumento de las infecciones respiratorias durante las \u00faltimas semanas. Gripe, covid&hellip;\n","protected":false},"author":2,"featured_media":165552,"comment_status":"","ping_status":"","sticky":false,"template":"","format":"standard","meta":{"footnotes":""},"categories":[92],"tags":[25,24,7749,40150,165,4108,166,23,7589,2275],"class_list":{"0":"post-165551","1":"post","2":"type-post","3":"status-publish","4":"format-standard","5":"has-post-thumbnail","7":"category-salud","8":"tag-es","9":"tag-espana","10":"tag-gripe","11":"tag-gripe-a","12":"tag-health","13":"tag-leon","14":"tag-salud","15":"tag-spain","16":"tag-vacunacion","17":"tag-virus"},"share_on_mastodon":{"url":"","error":""},"_links":{"self":[{"href":"https:\/\/www.europesays.com\/es\/wp-json\/wp\/v2\/posts\/165551","targetHints":{"allow":["GET"]}}],"collection":[{"href":"https:\/\/www.europesays.com\/es\/wp-json\/wp\/v2\/posts"}],"about":[{"href":"https:\/\/www.europesays.com\/es\/wp-json\/wp\/v2\/types\/post"}],"author":[{"embeddable":true,"href":"https:\/\/www.europesays.com\/es\/wp-json\/wp\/v2\/users\/2"}],"replies":[{"embeddable":true,"href":"https:\/\/www.europesays.com\/es\/wp-json\/wp\/v2\/comments?post=165551"}],"version-history":[{"count":0,"href":"https:\/\/www.europesays.com\/es\/wp-json\/wp\/v2\/posts\/165551\/revisions"}],"wp:featuredmedia":[{"embeddable":true,"href":"https:\/\/www.europesays.com\/es\/wp-json\/wp\/v2\/media\/165552"}],"wp:attachment":[{"href":"https:\/\/www.europesays.com\/es\/wp-json\/wp\/v2\/media?parent=165551"}],"wp:term":[{"taxonomy":"category","embeddable":true,"href":"https:\/\/www.europesays.com\/es\/wp-json\/wp\/v2\/categories?post=165551"},{"taxonomy":"post_tag","embeddable":true,"href":"https:\/\/www.europesays.com\/es\/wp-json\/wp\/v2\/tags?post=165551"}],"curies":[{"name":"wp","href":"https:\/\/api.w.org\/{rel}","templated":true}]}}