{"id":16556,"date":"2025-07-31T15:03:09","date_gmt":"2025-07-31T15:03:09","guid":{"rendered":"https:\/\/www.europesays.com\/es\/16556\/"},"modified":"2025-07-31T15:03:09","modified_gmt":"2025-07-31T15:03:09","slug":"trump-llama-estupido-al-presidente-de-la-fed-por-mantener-las-tasas","status":"publish","type":"post","link":"https:\/\/www.europesays.com\/es\/16556\/","title":{"rendered":"Trump llama \u00abest\u00fapido\u00bb al presidente de la Fed por mantener las tasas"},"content":{"rendered":"<p>    <img src=\"https:\/\/www.europesays.com\/es\/wp-content\/uploads\/2025\/07\/68f88kj-item01-ipad-89766423.jpg\" width=\"1024\" height=\"682\" alt=\"\" loading=\"eager\" decoding=\"sync\" fetchpriority=\"high\"\/><\/p>\n<p>            afp_tickers        <\/p>\n<p>        Este contenido fue publicado en    <\/p>\n<p>        31 julio 2025 &#8211; 15:42\n<\/p>\n<p>El presidente Donald Trump arremeti\u00f3 este jueves contra el jefe de la Reserva Federal (Fed), Jerome Powell, al calificarlo de \u00abest\u00fapido\u00bb por mantener inalteradas las tasas de inter\u00e9s en vez de bajarlas, luego de la reuni\u00f3n del banco central estadounidense.<\/p>\n<p>\u00ab\u2018Demasiado tarde Powell\u2019 lo hizo de nuevo\u00bb, escribi\u00f3 Trump en su red Truth Social, usando el apodo despectivo que suele dirigir al presidente de la Fed.<\/p>\n<p>Al anunciar su decisi\u00f3n el mi\u00e9rcoles, la Fed indic\u00f3 que el crecimiento de Estados Unidos se desaceler\u00f3 en el primer semestre de 2025, pero el mercado laboral se mantiene s\u00f3lido, con una tasa de desempleo baja.\u00a0<\/p>\n<p>Sin embargo, indic\u00f3 que \u00abla incertidumbre sobre el panorama de la econom\u00eda se mantiene alta\u00bb, mientras la inflaci\u00f3n tambi\u00e9n est\u00e1 un tanto elevada.<\/p>\n<p>\u00abTodav\u00eda estamos lejos de ver c\u00f3mo se asientan las cosas\u00bb, expres\u00f3 el mi\u00e9rcoles\u00a0Powell, en momentos en que la incertidumbre sobre las perspectivas econ\u00f3micas e inflacionarias aumenta por los aranceles que Trump impondr\u00e1 desde el viernes a los socios comerciales de Estados Unidos.<\/p>\n<p>\u00abDEMASIADO ENOJADO, DEMASIADO EST\u00daPIDO Y DEMASIADO POLITIZADO para tener el trabajo de presidente de la Fed\u00bb, agreg\u00f3 Trump en su mensaje.<\/p>\n<p>Desde hace meses, Trump ataca a Powell por sus decisiones sobre las tasas de referencia, lo cual ha alimentado especulaciones de que el presidente podr\u00eda despedirlo o presionar su renuncia antes del fin de su mandato en mayo de 2026.<\/p>\n<p>\u00abCreo que tener un banco central independiente ha sido un arreglo institucional que ha servido al inter\u00e9s p\u00fablico\u00bb, defendi\u00f3 Powell ante periodistas tras la decisi\u00f3n de la Fed.\u00a0<\/p>\n<p>bur-des\/ach\/val\/nn<\/p>\n","protected":false},"excerpt":{"rendered":"afp_tickers Este contenido fue publicado en 31 julio 2025 &#8211; 15:42 El presidente Donald Trump arremeti\u00f3 este jueves&hellip;\n","protected":false},"author":2,"featured_media":16557,"comment_status":"","ping_status":"","sticky":false,"template":"","format":"standard","meta":{"footnotes":""},"categories":[80],"tags":[82,4430,95,94,84,25,24,10019,10776,87,10022,23,90],"class_list":{"0":"post-16556","1":"post","2":"type-post","3":"status-publish","4":"format-standard","5":"has-post-thumbnail","7":"category-economia","8":"tag-business","9":"tag-central-bank","10":"tag-economia","11":"tag-economy","12":"tag-economy-general","13":"tag-es","14":"tag-espana","15":"tag-finance-general","16":"tag-interest-rate","17":"tag-macro-economics","18":"tag-money-and-monetary-policy","19":"tag-spain","20":"tag-ticker"},"share_on_mastodon":{"url":"","error":""},"_links":{"self":[{"href":"https:\/\/www.europesays.com\/es\/wp-json\/wp\/v2\/posts\/16556","targetHints":{"allow":["GET"]}}],"collection":[{"href":"https:\/\/www.europesays.com\/es\/wp-json\/wp\/v2\/posts"}],"about":[{"href":"https:\/\/www.europesays.com\/es\/wp-json\/wp\/v2\/types\/post"}],"author":[{"embeddable":true,"href":"https:\/\/www.europesays.com\/es\/wp-json\/wp\/v2\/users\/2"}],"replies":[{"embeddable":true,"href":"https:\/\/www.europesays.com\/es\/wp-json\/wp\/v2\/comments?post=16556"}],"version-history":[{"count":0,"href":"https:\/\/www.europesays.com\/es\/wp-json\/wp\/v2\/posts\/16556\/revisions"}],"wp:featuredmedia":[{"embeddable":true,"href":"https:\/\/www.europesays.com\/es\/wp-json\/wp\/v2\/media\/16557"}],"wp:attachment":[{"href":"https:\/\/www.europesays.com\/es\/wp-json\/wp\/v2\/media?parent=16556"}],"wp:term":[{"taxonomy":"category","embeddable":true,"href":"https:\/\/www.europesays.com\/es\/wp-json\/wp\/v2\/categories?post=16556"},{"taxonomy":"post_tag","embeddable":true,"href":"https:\/\/www.europesays.com\/es\/wp-json\/wp\/v2\/tags?post=16556"}],"curies":[{"name":"wp","href":"https:\/\/api.w.org\/{rel}","templated":true}]}}