{"id":165561,"date":"2025-10-09T17:16:09","date_gmt":"2025-10-09T17:16:09","guid":{"rendered":"https:\/\/www.europesays.com\/es\/165561\/"},"modified":"2025-10-09T17:16:09","modified_gmt":"2025-10-09T17:16:09","slug":"ultima-hora-de-la-dana-alice-en-directo","status":"publish","type":"post","link":"https:\/\/www.europesays.com\/es\/165561\/","title":{"rendered":"\u00daltima hora de la DANA Alice, en directo"},"content":{"rendered":"<p class=\"c-paragraph\">Los tel\u00e9fonos m\u00f3viles de la poblaci\u00f3n de diferentes zonas de la provincia de Alicante han recibido a las 14.47 horas un mensaje masivo Es-Alert de Protecci\u00f3n Civil donde se alerta del<b> riesgo de inundaciones por fuertes lluvias a partir de las 10:00 horas de este viernes en el litoral sur <\/b>de esa provincia. La Agencia Estatal de Meteorolog\u00eda (<b><a href=\"https:\/\/www.20minutos.es\/tags\/instituciones-empresas\/agencia-estatal-de-meteorologia-aemet.html\" title=\"Agencia Estatal de Meteorolog\u00eda (AEMET)\" rel=\"nofollow noopener\" target=\"_blank\">Aemet<\/a><\/b><b>)<\/b> ha establecido para este viernes, desde las 10 de la ma\u00f1ana a la medianoche, el\u00a0aviso rojo\u00a0en el litoral\u00a0sur de Alicante y en el Campo de Cartagena y Mazarr\u00f3n\u00a0(Murcia) por lluvias que pueden acumular 60 litros por metro cuadrado en una hora y 180 litros por metro cuadrado en 12 horas. \u00abPeligro extraordinario. Puede haber inundaciones y crecidas repentinas\u00bb, ha subrayado. El mensaje enviado a los m\u00f3viles insta a evitar desplazamientos, no cruzar zonas inundables y respetar los cortes de tr\u00e1fico. Asimismo, se pide no hacer actividades en cauces y proximidades, y se recomienda, si se est\u00e1 en una zona inundable, <b>buscar zonas altas o subir a un piso superior,<\/b> siguiendo siempre las indicaciones de las autoridades.<\/p>\n<p class=\"c-paragraph\">La DANA Alice ya ha dejado lluvias torrenciales en la provincia de Alicante, donde en poco m\u00e1s de una hora de este jueves por la ma\u00f1ana se han acumulado 91 litros por metro cuadrado en una hora en Relleu y 72 litros por metro cuadrado en Orxeta, seg\u00fan datos de la Associaci\u00f3 Valenciana de Meteorologia (Avamet), que tambi\u00e9n ha advertido de que se ha producido una \u00absubida r\u00e1pida\u00bb del caudal del r\u00edo Amadorio, en Orxeta. En Tarragona, Protecci\u00f3 Civil ha puesto en prealerta el plan Inuncat por la posibilidad de \u00abcrecidas s\u00fabitas\u00bb en barrancos y torrentes del Baix Ebre y Montsi\u00e0 y ha pedido \u00abir con cuidado\u00bb y no acercarse a zonas inundables. En Valencia, la <b><a href=\"https:\/\/www.20minutos.es\/tags\/temas\/dana.html\" title=\"DANA\" rel=\"nofollow noopener\" target=\"_blank\">DANA Alice<\/a><\/b>, que ha hecho declarar la <b>alerta naranja <\/b>por lluvias en los litorales de la provincia de <b>Valencia y Alicante<\/b> y ha obligado a <a href=\"https:\/\/www.20minutos.es\/comunidad-valenciana\/valencia\/valencia-suspende-procesion-civica-9-d-octubre-ante-alerta-por-lluvias_6513512_0.html\" title=\"Valencia suspende la procesi\u00f3n c\u00edvica del 9 d&#039;Octubre ante la alerta naranja por lluvias\" rel=\"nofollow noopener\" target=\"_blank\">aplazar o suspender este jueves los actos programados por el 9 d&#8217;Octubre, D\u00eda de la Comunidad Valenciana<\/a>. <b>Ibiza y Formentera han suspendido las clases<\/b> este jueves ante la previsi\u00f3n de fueres lluvias y <b>Murcia<\/b> ha anunciado lo mismo para este viernes en varios municipios.<\/p>\n<p>18:5409\/10\/2025<\/p>\n<p>La Aemet prolonga la alerta naranja en Ibiza y Formentera<\/p>\n<p class=\"c-paragraph\">La Agencia Estatal de Meteorolog\u00eda (Aemet) <b>ha prolongado hasta las 20.00 horas de este jueves la alerta naranja por lluvias y tormentas <\/b>en Ibiza y Formentera, extendi\u00e9ndose as\u00ed dos horas m\u00e1s. Por el momento, se han registrado unos 30 litros por metro cuadrado en dos horas en Ibiza y Formentera. Emergencias e Interior del Govern ha informado que han ca\u00eddo en las Pitiusas unos 134 rayos en la \u00faltima hora, la mayor\u00eda en el mar.<\/p>\n<p>18:4809\/10\/2025<\/p>\n<p>Una veintena de incidencias en el aeropuerto de Alicante<\/p>\n<p class=\"c-paragraph\">En el aeropuerto de Alicante se han producido 19 incidencias en los 375 vuelos programados para este jueves: <b>siete desv\u00edos <\/b>(dos a M\u00e1laga, Madrid y Palma y uno a Ibiza) <b>y doce cancelaciones<\/b> (seis llegadas y sus correspondientes salidas), seg\u00fan informa Aena con datos hasta las 17:15 horas.<\/p>\n<p>18:4109\/10\/2025<\/p>\n<p>Renfe permite anulaciones o cambios de 60 trenes<\/p>\n<p class=\"c-paragraph\">Renfe permite a sus viajeros, con motivo de las condiciones meteorol\u00f3gicas adversas causadas por la DANA Alice en la Comunidad Valenciana y la Regi\u00f3n de Murcia, la<b> anulaci\u00f3n o cambio de billetes sin coste de casi 60 trenes de la tarde de este jueves y este viernes,<\/b> si consideran no realizar su desplazamiento. Este jueves, se permiten cambios o anulaciones en 23 trenes que conectan Alicante con ciudades como Madrid, Barcelona, Gij\u00f3n, Santander, Orense, Valladolid o M\u00e1laga, as\u00ed como en el servicio entre Valencia y Cartagena. Ma\u00f1ana, la lista suma 36 trenes que enlazan Valencia, Alicante, Murcia y Castell\u00f3n con ciudades como Madrid, Barcelona, Burgos, Le\u00f3n, Sevilla, Santander, Valladolid u Orense, as\u00ed como en la relaci\u00f3n Barcelona-C\u00e1diz.<\/p>\n<p>18:2309\/10\/2025<\/p>\n<p>Actividades suspendidas en Cartagena<\/p>\n<p class=\"c-paragraph\">El Ayuntamiento de Cartagena ha decidido suspender este jueves las <b>actividades extraescolares, vecinales, culturales, deportivas y de clubes de mayores,<\/b> seg\u00fan han informado fuentes municipales en una nota de prensa. Adem\u00e1s, tal y como han anunciado desde el Gobierno regional, este viernes no ser\u00e1 lectivo en todos los centros educativos: guarder\u00edas, colegios, institutos, centros de formaci\u00f3n profesional, universidades. La alcaldesa, Noelia Arroyo, ha informado sobre esta decisi\u00f3n en la reuni\u00f3n que ha desarrollado con responsables de todas las \u00e1reas del Ayuntamiento en el Parque de Seguridad y en la que tambi\u00e9n interviene Bomberos, Protecci\u00f3n Civil y Polic\u00eda Local.<\/p>\n<p>18:1509\/10\/2025<\/p>\n<p>La Aemet actualiza sus avisos en Murcia<\/p>\n<p class=\"c-paragraph\">La Agencia Estatal de Meteorolog\u00eda ha actualizado sus avisos para este jueves. En concreto, lo ha hecho para el <b>Valle del Guadalent\u00edn, Lorca y \u00c1guilas que pasan de tener aviso amarillo a tenerlo naranja <\/b>por lluvias hasta las 20.59 horas. Se espera una precipitaci\u00f3n acumulada de 40 litros por metro cuadrado en una hora con una probabilidad de entre el 40 y 70%. El resto de avisos no cambian, han indicado.<\/p>\n<p>17:5709\/10\/2025<\/p>\n<p>La Polic\u00eda Local corta dos carreteras en Cartagena<\/p>\n<p class=\"c-paragraph\">La Polic\u00eda Local de Cartagena ha procedido a cortar al tr\u00e1fico de varias v\u00edas por acumulaci\u00f3n de agua de lluvia. En concreto se trata del <b>camino del Sif\u00f3n,<\/b> desde carretera de La Palma hasta el ancla,\u00a0permanece cerrado desde las 15:45 horas, lo que ha dejado sin conexi\u00f3n a las zonas de El Boh\u00edo, Santa Ana y Molino Derribao; y la <b>carretera F-51 entre Pozo Estrecho y Torre Pacheco,<\/b> que est\u00e1 cortada desde las 16.45 horas. Los agentes municipales tambi\u00e9n han detectado escorrent\u00edas en la carretera de La Manga RM-12, a la altura de Villas Caravaning, cuando se producen lluvias en la zona. De modo que, aunque el tr\u00e1fico a las 15.45 horas no est\u00e1 cortado, se recomienda a los conductores que transiten por la autov\u00eda de La Manga que extremen la precauci\u00f3n, en ambos sentidos.<\/p>\n<p>17:5109\/10\/2025<\/p>\n<p>Bomberos de Alicante realizan m\u00e1s de 120 intervenciones<\/p>\n<p class=\"c-paragraph\">Efectivos del Consorcio Provincial de Bomberos de Alicante han realizado durante este jueves m\u00e1s de 120 intervenciones -entre ellas achiques, filtraciones o veh\u00edculos bloqueados- por las lluvias y el viento, la mayor\u00eda de ellas en la comarca del Baix Vinalop\u00f3. Las primeras intervenciones han comenzado sobre las 11.30 horas y, hasta las 14.20, los bomberos han realizado m\u00e1s de 50 actuaciones, aunque <b>las llamadas se han incrementado alrededor de las 13.00 horas.<\/b> En la actualizaci\u00f3n de datos hasta pasadas las 16.00 horas, los efectivos han realizado 70 intervenciones m\u00e1s por fuertes vientos y precipitaciones intensas. La localidad m\u00e1s afectada es Elche, con casi 40 intervenciones, a la que siguen Orihuela con 9 y con 4 Sant Vicent.<\/p>\n<p>17:1209\/10\/2025<\/p>\n<p>Torrent se\u00f1aliza los pasos inundables<\/p>\n<p class=\"c-paragraph\">El Ayuntamiento de Torrent ha se\u00f1alizado todos los pasos inundables de la localidad para <b>advertir a los conductores que no deben cruzarlos,<\/b> ante el episodio de lluvias torrenciales, que puede provocar crecidas s\u00fabitas en los barrancos durante estos d\u00edas. As\u00ed lo ha informado el consistorio a trav\u00e9s de un mensaje en redes sociales, en el que se\u00f1ala que con esta medida sigue los planes de actuaci\u00f3n municipal y la gu\u00eda de actuaci\u00f3n para los ayuntamientos de la Generalitat. Torrent es una de las localidades valencianas en alerta naranja durante este jueves y viernes ante la previsi\u00f3n de lluvias intensas, por lo que Protecci\u00f3n Civil ha se\u00f1alizado los pasos inundables del municipio ante \u00abposibles lluvias torrenciales, persistentes y crecidas s\u00fabitas en los barrancos\u00bb.<\/p>\n<p>16:4909\/10\/2025<\/p>\n<p>Se suspende el festival Rocanrola<\/p>\n<p class=\"c-paragraph\">La organizaci\u00f3n del festival Rocanrola, que estaba previsto celebrarse desde este jueves hasta el s\u00e1bado en el Multiespacio Rabasa de Alicante, ha informado de la suspensi\u00f3n de la cita por motivos de seguridad tras activarse la alerta roja por lluvias en el litoral sur de la provincia. \u00abHemos intentado todas las alternativas posibles, pero finalmente se ha decretado alerta roja para ma\u00f1ana, viernes, y <b>nos vemos obligados a suspender el evento por motivos de seguridad<\/b>\u00ab, se\u00f1ala en un comunicado. Precisa que las previsiones meteorol\u00f3gicas en la zona \u00abhan cambiado dr\u00e1sticamente esta misma ma\u00f1ana, y por responsabilidad con el p\u00fablico, artistas y todo el equipo\u00bb, no se puede seguir adelante. La organizaci\u00f3n del festival siente \u00abprofundamente\u00bb todas las molestias ocasionadas e indica que en breve informar\u00e1 sobre los siguientes pasos para la devoluci\u00f3n de las entradas.<\/p>\n<p>16:3709\/10\/2025<\/p>\n<p>Alicante suspende la actividad municipal<\/p>\n<p class=\"c-paragraph\">El Ayuntamiento de Alicante ha suspendido toda la actividad municipal este viernes y <b>ha reforzado desde las 14.00 de este jueves todas las medidas de seguridad, prevenci\u00f3n y emergencia<\/b> ante la alerta roja meteorol\u00f3gica por lluvias decretada por el Centro de Coordinaci\u00f3n de Emergencias de la Generalitat y la Agencia Estatal de Meteorolog\u00eda (Aemet), que se iniciar\u00e1 a las 10.00 del viernes. No obstante, el alcalde de Alicante, Luis Barcala, ha adelantado el refuerzo de todas las medidas preventivas, tras reunir una hora antes al Centro de Coordinaci\u00f3n Operativa Local (Cecopal), seg\u00fan ha informado el consistorio en un comunicado. En primera instancia, ya se han reforzado todos los efectivos de Polic\u00eda Local y Bomberos, as\u00ed como el dispositivo de Bienestar Social, que incluye la apertura del Centro de Acogida para personas sin hogar, adem\u00e1s del cierre del Castillo de Santa B\u00e1rbara, los parques y jardines y la prohibici\u00f3n del ba\u00f1o en las playas del t\u00e9rmino municipal.<\/p>\n<p>Cargar m\u00e1s<\/p>\n<p>15:5409\/10\/2025<\/p>\n<p>Seis vuelos desviados y otros dos cancelados en Alicante<\/p>\n<p class=\"c-paragraph\">El temporal de lluvia y viento que afecta con especial virulencia a la provincia de Alicante ha obligado a desviar seis vuelos y a cancelar otros dos en las \u00faltimas horas, seg\u00fan ha informado Aena.<b> Dos de esos vuelos han sido desviados a M\u00e1laga, otros dos a Palma, uno a Ibiza y otro a Madrid<\/b>, han puntualizado las mismas fuentes. Asimismo, se ha cancelado la ida y la vuelta de una aeronave que hace el trayecto entre Alicante y Barcelona. La Agencia Estatal de Meteorolog\u00eda ha informado alrededor de las 14.00 horas de que el aeropuerto de Alicante-Elche ha registrado un intenso chubasco acompa\u00f1ado de tormenta que deja una visibilidad horizontal de unos 1.500 metros. Al mismo tiempo se han registrado tormentas muy activas entre los vecinos municipios de Sant Vicent del Raspeig, Alicante o Bigastro.\u00a0<\/p>\n<p>15:4609\/10\/2025<\/p>\n<p>Bernab\u00e9 pide extremar la vigilancia<\/p>\n<p class=\"c-paragraph\">La delegada del Gobierno en la Comunitat Valenciana, Pilar Bernab\u00e9, ha pedido extremar l<b>a vigilancia en barrancos y ramblas en el litoral sur de Alicante<\/b>, donde este viernes se ha decretado alerta roja por fuertes lluvias. As\u00ed se ha pronunciado la delegada en declaraciones a los medios de comunicaci\u00f3n tras la reuni\u00f3n de coordinaci\u00f3n ante el episodio de lluvias celebrada en el Centro de Coordinaci\u00f3n de Emergencias (CCE) de la Generalitat, en la que ha participado tambi\u00e9n el conseller de Emergencias e Interior, Juan Carlos Valderrama, y las administraciones y efectivos relacionados con la emergencia. Bernab\u00e9 ha advertido que la Vega Baja -una de las comarcas alicantinas afectadas por la alerta roja de este viernes- es una zona inundable, donde existen \u00abramblas peque\u00f1as, con corrent\u00edas muy r\u00e1pidas, que cuando se producen periodos y situaciones de lluvia intensa y de acumulados intensos como los que vamos a ver pueden provocar inundaciones\u00bb.<\/p>\n<p>15:3109\/10\/2025<\/p>\n<p>Alice ya afecta a Baleares con tormenta el\u00e9ctrica<\/p>\n<p class=\"c-paragraph\">La DANA Alice afecta ya a Ibiza y Formentera acompa\u00f1ada de tormenta el\u00e9ctrica y con la posibilidad de que a lo largo de la tarde se acumulen en algunos puntos<b> hasta 100 litros por metro cuadrado.<\/b> En Ibiza se espera una tarde meteorol\u00f3gicamente intensa, con precipitaciones persistentes y, en algunos momentos, intensas, seg\u00fan ha recordado la Conselleria de Presidencia, Coordinaci\u00f3n de la Acci\u00f3n de Gobierno y Cooperaci\u00f3n Local. El director general de Emergencias e Interior de Baleares, Pablo G\u00e1rriz, ha se\u00f1alado que en las islas hay \u00ab<b>much\u00edsimo aparato el\u00e9ctrico, entre 20 y 30 rayos cada 5-10 minutos<\/b>\u00ab. \u00abEs una tormenta con mucha actividad el\u00e9ctrica y por lo tanto nos preocupa\u00bb, ha asegurado.<\/p>\n<p>15:1209\/10\/2025<\/p>\n<p>Llega un Es-Alert a m\u00f3viles de Alicante por riesgo de inundaciones este viernes<\/p>\n<p class=\"c-paragraph\">Los tel\u00e9fonos m\u00f3viles de la poblaci\u00f3n de diferentes zonas de la provincia de Alicante han recibido a las 14:47 horas un mensaje masivo Es-Alert de Protecci\u00f3n Civil donde se alerta del <b>riesgo de inundaciones por fuertes lluvias a partir de las 10:00 horas de este viernes <\/b>en el litoral sur de esa provincia. El mensaje se hace as\u00ed eco del aviso rojo establecido por la Agencia Estatal de Meteorolog\u00eda a partir de ma\u00f1ana en Alicante y en \u00e9l se insta a evitar desplazamientos, no cruzar zonas inundables y respetar los cortes de tr\u00e1fico. Asimismo, se pide no hacer actividades en cauces y proximidades, y se recomienda, si se est\u00e1 en una zona inundable, buscar zonas altas o subir a un piso superior, siguiendo siempre las indicaciones de las autoridades.<\/p>\n<p>14:5209\/10\/2025<\/p>\n<p>Crecida r\u00e1pida del caudal del r\u00edo Amadorio en Orxeta<\/p>\n<p class=\"c-paragraph\">Seg\u00fan Avamet, tambi\u00e9n se ha producido una subida r\u00e1pida del caudal del r\u00edo Amadorio en Orxeta, <b>en la comarca alicantina de la Marina Baixa<\/b>.\u00a0<\/p>\n<p>14:4109\/10\/2025<\/p>\n<p>Lluvias torrenciales en Elche<\/p>\n<p class=\"c-paragraph\">La DANA Alice ha dejado lluvias de intensidad torrencial en la provincia de Alicante, donde en poco m\u00e1s de una hora de este jueves por la ma\u00f1ana se han acumulado 91 litros por metro cuadrado en una hora en Relleu y 72 litros por metro cuadrado en Orxeta, seg\u00fan datos de la Associaci\u00f3 Valenciana de Meteorologia (Avamet). Asimismo, se han registrado en algunos barrios de la ciudad de Alicante lluvias que han acumulado cerca de 30 litros por metro cuadrado, debido que hay n\u00facleos de precipitaci\u00f3n que se mantienen muy est\u00e1ticos. Esta es la <b>situaci\u00f3n a las 14.00 horas en el barrio Carrus de Elche<\/b>.<\/p>\n<p>14:2409\/10\/2025<\/p>\n<p>Calles inundadas en Alicante<\/p>\n<p class=\"c-paragraph\">Desde el Laboratorio de Climatolog\u00eda de la Universidad de Alacicante (UA) han compartido en X varios v\u00eddeos en los que se muestran las consecuencias de que la DANA Alice haya dejado ya m\u00e1s de 50 l\/m\u00b2 este jueves en algunos barrios de la ciudad de Alicante. <b>\u00abAlgunos anegamientos puntuales debido a la intensidad de la lluvia\u00bb<\/b>, reza el mensaje compartido junto a las im\u00e1genes. En otro v\u00eddeo (segundo por debajo) se muestra la situaci\u00f3n esta ma\u00f1ana en el cercano municipio a la capital alicantina de San Vicente del Raspeig.<\/p>\n<p>14:0609\/10\/2025<\/p>\n<p>Posibilidad de lluvias torrenciales en Murcia<\/p>\n<p class=\"c-paragraph\">El delegado territorial de la Aemet en Murcia, Juan Esteban Palenzuela, ha se\u00f1alado que \u00abcon la informaci\u00f3n que tenemos hasta ahora, lo peor est\u00e1 en la zona del campo de Cartagena y Mazarr\u00f3n, la parte m\u00e1s nororiental, la que queda hacia Alicante y en la comarca de la Vega del Segura\u00bb. Por ello, ha pedido a la poblaci\u00f3n que est\u00e9 pendiente de los avisos, ya que las precipitaciones se prev\u00e9n que sean fuertes,\u00a0<b><b>incluso podr\u00edan llegar a ser torrenciales<\/b><\/b>.<\/p>\n<p>13:2209\/10\/2025<\/p>\n<p>Plan de inundaciones de Murcia activado<\/p>\n<p class=\"c-paragraph\">El portavoz del Gobierno de la Regi\u00f3n de Murcia, Marcos Ortu\u00f1o, ha trasladado que la Comunidad est\u00e1 \u00aben contacto permanente\u00bb con los alcaldes de la zona y ha avanzado que el Plan Especial de Protecci\u00f3n Civil ante Inundaciones (Inunmur) ya est\u00e1 activado y <b>los servicios de emergencias preparados para intervenir \u00aben el caso de que sea necesario\u00bb<\/b>. \u00abVamos a estar tambi\u00e9n muy pendientes de la evoluci\u00f3n; es vital actuar con responsabilidad y con prudencia y evitar desplazamientos innecesarios. Y adem\u00e1s de todo ello es tambi\u00e9n muy importante permanecer informados a trav\u00e9s de los canales oficiales\u00bb, ha dicho al respecto.<\/p>\n<p>13:2109\/10\/2025<\/p>\n<p>Clases suspendidas en Murcia<\/p>\n<p class=\"c-paragraph\">La Comunidad ha decidido suspender este viernes las clases en los centros educativos y sociales de los municipios del Campo de Cartagena y Mazarr\u00f3n y algunas pedan\u00edas de Murcia ante el aviso de nivel rojo por lluvias decretado por la Agencia Estatal de Meteorolog\u00eda (Aemet) para toda la jornada, a partir de las 10.00 horas. As\u00ed lo ha anunciado el portavoz del Gobierno regional, Marcos Ortu\u00f1o, en una rueda de prensa celebrada en el Palacio de San Esteban tras la reuni\u00f3n semanal del Consejo de Gobierno. En concreto, la actividad se suspender\u00e1 en los <b>centros educativos y sociales de Cartagena, San Javier, San Pedro del Pinatar, La Uni\u00f3n, Los Alc\u00e1zares, Torre Pacheco, Fuente \u00c1lamo y Mazarr\u00f3n y las pedan\u00edas murcianas de Lobosillo, Sucina, Gea y Truyols, Avileses y La Tercia<\/b>.<\/p>\n<p>13:1809\/10\/2025<\/p>\n<p>Aemet:\u00a0\u00abPeligro extraordinario. Puede haber inundaciones\u00bb<\/p>\n<p class=\"c-paragraph\">La Agencia Estatal de Meteorolog\u00eda (Aemet) ha emitido un aviso rojo a partir del viernes a las 10.00 horas en las comarcas del litoral sur de Alicante y Campo de Cartagena y Mazarr\u00f3n. \u00abPeligro extraordinario. Puede haber inundaciones y crecidas repentinas\u00bb, ha subrayado a trav\u00e9s de un mensaje en &#8216;X&#8217;. Por lo dem\u00e1s, ha anunciado que mantiene el aviso por la DANA de gran impacto Alice, que podr\u00eda dejar hasta el lunes entre 250 y 300 litros por metro cuadrado (l\/m2) en el entorno del cabo de la Nao, particularmente las zonas litorales y prelitorales de Valencia y Alicante. El organismo estatal advierte sobre el \u00abpeligro potencial\u00bb de la situaci\u00f3n, ya que los chubascos pueden dar lugar a inundaciones locales s\u00fabitas y repentinas en zonas bajas, arroyos y ramblas.<\/p>\n<p>12:3509\/10\/2025<\/p>\n<p>Alerta naranja en Valencia<\/p>\n<p class=\"c-paragraph\">El litoral norte y litoral sur de la provincia de Valencia estar\u00e1n, desde este mediod\u00eda y hasta las tres de la tarde del viernes, en aviso naranja por lluvias que pueden acumular 60 litros por metro cuadrado en una hora y 100 litros por metro cuadrado en doce horas.\u00a0<\/p>\n<p>12:0909\/10\/2025<\/p>\n<p>Alerta roja en Alicante y Murcia<\/p>\n<p class=\"c-paragraph\">La Agencia Estatal de Meteorolog\u00eda (<b><b><a href=\"https:\/\/www.20minutos.es\/tags\/instituciones-empresas\/agencia-estatal-de-meteorologia-aemet.html\" title=\"Agencia Estatal de Meteorolog\u00eda (AEMET)\" rel=\"nofollow noopener\" target=\"_blank\">Aemet<\/a><\/b>) ha establecido para este viernes, desde las 10 de la ma\u00f1ana a la medianoche, el<\/b>\u00a0<b><b>aviso rojo<\/b><\/b>\u00a0en el litoral\u00a0<b><b>sur de Alicante y en el Campo de Cartagena y Mazarr\u00f3n<\/b><\/b>\u00a0(Murcia) por lluvias que pueden acumular 60 litros por metro cuadrado en una hora y 180 litros por metro cuadrado en doce horas. El litoral sur de Alicante est\u00e1 ya en aviso naranja (hasta que a las 10 de la ma\u00f1ana del viernes se active el rojo) por precipitaciones de 40 litros por metro cuadrado en una hora y 100 litros en doce horas.<\/p>\n<p>11:4909\/10\/2025<\/p>\n<p>Suspendida definitivamente la Procesi\u00f3n C\u00edvica de Val\u00e8ncia<\/p>\n<p class=\"c-paragraph\">El Ayuntamiento de Val\u00e8ncia ha suspendido definitivamente la Procesi\u00f3n C\u00edvica prevista para este 9 d&#8217;Octubre por la alerta naranja por lluvias, en la que es la quinta vez en la historia que este acto se cancela a causa de las precipitaciones. As\u00ed lo ha confirmado este jueves la alcaldesa de Val\u00e8ncia, Mar\u00eda Jos\u00e9 Catal\u00e1, sobre las 11.00 horas, despu\u00e9s de que el mi\u00e9rcoles avanzara la suspensi\u00f3n del acto, que ten\u00eda previsto comenzar a las 12.00 horas, en caso de mantenerse en la ciudad el aviso naranja por lluvias de la Agencia Estatal de Meteorolog\u00eda (Aemet). No obstante, la primera edil ha confirmado que tras esperar \u00abhasta el \u00faltimo minuto\u00bb y mantener los dispositivos activos, las calles cerradas y \u00abtodo organizado\u00bb para poder llevar a cabo la procesi\u00f3n \u00abcon much\u00edsima ilusi\u00f3n\u00bb, <b>el aviso naranja se mantiene en Val\u00e8ncia hasta las 14.59 horas<\/b>, por lo que \u00ablamentablemente\u00bb el acto se ha suspendido de forma definitiva.<\/p>\n<p>11:3909\/10\/2025<\/p>\n<p>Alice deja ya 50 l\/m2 en Valencia<\/p>\n<p class=\"c-paragraph\">Las lluvias en la Comunitat Valenciana por la DANA Alice han dejado la madrugada de este jueves acumulados de hasta 50 litros por metro cuadrado en L&#8217;Albufera de Valencia, <b>40 en Catarroja<\/b> (Valencia) -una de las localidades m\u00e1s afectadas por la dana de hace casi un a\u00f1o-, 35,6 en Massalav\u00e9s y 35,1 en Alc\u00e0sser (Valencia). Seg\u00fan los datos de la Associaci\u00f3 Valenciana de Meteorologia (Avamet), en Vila-real (Castell\u00f3n) se han acumulado 35,2 litros por metro cuadrado, en Vilamarxant (Valencia) 33,4, en Macastre (Valencia) 30,5, en El Saler (Valencia) 30,4, en Pedralba (Valencia) 28,2, en Alborache (Valencia) 30,2 y en Loriguilla (Valencia) 31,5.<\/p>\n<p>11:1909\/10\/2025<\/p>\n<p>Aemet advierte: acabar\u00e1 lloviendo \u00abcon intensidad\u00bb en Ibiza<\/p>\n<p class=\"c-paragraph\">La Agencia Estatal de Meteorolog\u00eda (Aemet) en Baleares ha se\u00f1alado que, aunque se ha retrasado el inicio de las precipitaciones en las Pitiusas, la previsi\u00f3n es que acabe lloviendo \u00abcon intensidad\u00bb en Ibiza. <b>En estos momentos la tormenta se encuentra situada sobre el canal entre Valencia e Ibiza<\/b>, retras\u00e1ndose \u00abun poco\u00bb respecto a las previsiones de este mi\u00e9rcoles, han indicado desde Aemet a Europa Press. En principio, <b>la alerta naranja se mantendr\u00e1 hasta las 18.00 horas de este jueves y las lluvias \u00abpersistentes\u00bb podr\u00e1n provocar acumulaciones importantes de agua<\/b>. Aemet no ha descartado que finalmente precipite con intensidad en el mar puesto que es complicado confirmar el punto exacto donde descarguen las tormentas. En cualquier caso, podr\u00e1n llegar a acumularse hasta 100 l\/m2 en varias horas, por lo que es necesario extremar la precauci\u00f3n.<\/p>\n<p>11:1209\/10\/2025<\/p>\n<p>Cinco incidencias en Albacete y Cuenca<\/p>\n<p class=\"c-paragraph\">Desde las 16.00 horas de este mi\u00e9rcoles y hasta las 8.00 de la ma\u00f1ana de este jueves se han registrado un total de cinco incidentes por las lluvias en Castilla-La Mancha: dos en la provincia de Albacete y tres en la de Cuenca, relacionados con <b>cortes de suministro el\u00e9ctrico, balsas de agua y la ca\u00edda de alg\u00fan \u00e1rbol<\/b>, todos ellos de escasa entidad.<\/p>\n<p>11:1109\/10\/2025<\/p>\n<p>Castilla-La Mancha activa Meteocam tambi\u00e9n en Ciudad Real<\/p>\n<p class=\"c-paragraph\">El Gobierno de Castilla-La Mancha, a trav\u00e9s de la Consejer\u00eda de Hacienda, Administraciones P\u00fablicas y Transformaci\u00f3n Digital, ha activado a las 10.00 horas de este jueves, el <b>Plan Espec\u00edfico ante el Riesgo por Fen\u00f3menos Meteorol\u00f3gicos Adversos<\/b> (Meteocam) en Fase de Alerta en la provincia de Ciudad Real. La direcci\u00f3n del Meteocam ha decretado la ampliaci\u00f3n de la activaci\u00f3n de este Plan a la provincia de Ciudad Real, tras valorar los <b>avisos de nivel amarillo por fuertes lluvias y tormentas<\/b>, que ha elaborado la Agencia Estatal de Meteorolog\u00eda (Aemet) para este jueves, en las comarcas de Sierras de Alcudia y Almadrona, Valle del Guadiana, y Montes del norte y Anchuras, en la provincia de Ciudad Real, seg\u00fan ha informado el Servicio de Emergencias de l12 de Castilla-La Mancha por nota de prensa.\u00a0Hasta el momento, el Meteocam estaba activo, desde las 16.00 horas de este mi\u00e9rcoles, en las provincias de Albacete y Cuenca.<\/p>\n<p>10:5709\/10\/2025<\/p>\n<p>Siete actuaciones de los Bomberos de Valencia<\/p>\n<p class=\"c-paragraph\">A lo largo de la noche y hasta las 9.00 horas de este jueves, el Consorcio Provincial de Bomberos de Valencia ha recibido siete avisos relacionados con las lluvias, por <b>achiques de agua y saneamientos, mayoritariamente en Catarroja y Alc\u00e1zar<\/b>, seg\u00fan han informado en un mensaje en X..<\/p>\n<p>10:5509\/10\/2025<\/p>\n<p>Castell\u00f3 de la Plana aplaza los actos del 9 d&#8217;Octubre<\/p>\n<p class=\"c-paragraph\">El Ayuntamiento de Castell\u00f3 de la Plana, <b>ante la previsi\u00f3n de lluvias del 70% para este jueves<\/b>, ha decidido aplazar los actos institucionales programados con motivo del 9 d&#8217;Octubre, Dia de la Comunitat Valenciana. Se aplazan los actos que se iban a celebrar al aire libre: el Desfile de las Tres Culturas desde la avenida Rey Don Jaime hasta la plaza Mayor y el concierto de la Banda Municipal, detalla el consistorio. En Castell\u00f3 de la Plana tambi\u00e9n se posponen los Premis Valenci\u00e0 de l&#8217;Any hasta pr\u00f3xima fecha, dado que algunos de los premiados deb\u00edan desplazarse desde la ciudad de Val\u00e8ncia.<\/p>\n<p>10:4309\/10\/2025<\/p>\n<p>Formentera cierra instalaciones y escoletas<\/p>\n<p class=\"c-paragraph\">El Consell de Formentera ha cerrado las escoletas de la isla y otras instalaciones ante la alerta por lluvias. En un comunicado, ha recordado que se suspenden las clases en los centros de la isla y se cierra el <b>polideportivo y la piscina, el centro de d\u00eda y se suspenden las actividades de los clubs deportivos<\/b>. Asimismo, se han cancelado las actividades al aire libre previstas mientras se mantenga la alerta. El Consell ha pedido a la poblaci\u00f3n evitar desplazamientos innecesarios.<\/p>\n<p>10:2809\/10\/2025<\/p>\n<p>Im\u00e1genes de Picasset (Valencia), esta noche<\/p>\n<p class=\"c-paragraph\">Desde el portal &#8216;Meteopobleando&#8217; han compartido im\u00e1genes grabadas esta noche de las primeras consecuencias de la DANA Alice a su paso por Valencia. En concreto, se trata de un v\u00eddeo realizado por Ra\u00fal Gal\u00e1n en la localidad de Picassent.<\/p>\n<p>10:2009\/10\/2025<\/p>\n<p>Prealerta por posibles \u00abcrecidas s\u00fabitas\u00bb en Tarragona<\/p>\n<p class=\"c-paragraph\">Protecci\u00f3 Civil ha puesto en prealerta el plan Inuncat por la posibilidad de \u00abcrecidas s\u00fabitas\u00bb en barrancos y torrentes del Baix Ebre y Montsi\u00e0 (Tarragona) este jueves por la ma\u00f1ana. As\u00ed lo ha informado en un mensaje en &#8216;X&#8217; recogido por Europa Press, donde han se\u00f1alado que la Confederaci\u00f3n Hidrogr\u00e1fica del Ebro (CHE) \u00abintensifica la vigilancia\u00bb en estas zonas tarraconenses. Protecci\u00f3 Civil ha pedido \u00abir con cuidado\u00bb y no acercarse a zonas inundables.<\/p>\n<p>10:0909\/10\/2025<\/p>\n<p>Avisos en 13 provincias, con cuatro en nivel naranja y lluvias de hasta 100 l\/m2<\/p>\n<p class=\"c-paragraph\">Las lluvias y tormentas activan este jueves los avisos en 13 provincias, con cuatro en nivel naranja (importante) y precipitaciones de hasta 100 litros por metro cuadrado (l\/m2), seg\u00fan la predicci\u00f3n de la Agencia Estatal de Meteorolog\u00eda (AEMET). En concreto, estar\u00e1n en nivel naranja por tormentas Alicante, Valencia, Regi\u00f3n de Murcia (Campo de Cartagena y Mazarr\u00f3n) e Ibiza y Formentera. Las acumulaciones de lluvia de 100 l\/m2 se dar\u00e1n en los litorales norte y sur de Alicante, as\u00ed como en los litorales norte y sur de Valencia e Ibiza y Formentera. El resto de provincias con avisos por precipitaciones y tormentas son Castell\u00f3n, Regi\u00f3n de Murcia (Altiplano de Murcia, Noroeste de Murcia, Vega del Segura y Valle del Guadalent\u00edn, Lorca y \u00c1guilas), Barcelona, Tarragona, Albacete, Ciudad Real, Cuenca, Almer\u00eda, C\u00f3rdoba, Granada y Ja\u00e9n.<\/p>\n<p>09:3709\/10\/2025<\/p>\n<p>Las primeras lluvias por Alice dejan 45 litros en Valencia<\/p>\n<p class=\"c-paragraph\">Las lluvias en la Comunitat Valenciana por la dana Alice han dejado la madrugada de este jueves acumulados de 44,8 litros por metro cuadrado en L&#8217;Albufera de Valencia, 39,8 en Catarroja (Valencia) -una de las localidades m\u00e1s afectadas por la dana de hace casi un a\u00f1o- y 35,1 en Alc\u00e0sser (Valencia). Seg\u00fan los datos de la Associaci\u00f3 Valenciana de Meteorologia (Avamet), en Vila-real (Castell\u00f3n) se han acumulado 35 litros por metro cuadrado, en Vilamarxant (Valencia) 31,8, en Macastre (Valencia) 30,7, en El Saler (Valencia) 29, en Pedralba (Valencia) 28, en Alborache (Valencia) 27,7 y en Loriguilla (Valencia) 27,7.<\/p>\n<p>08:1409\/10\/2025<\/p>\n<p>Inestabilidad en el este peninsular y Baleares<\/p>\n<p class=\"c-paragraph\">Este jueves se prev\u00e9 que la DANA Alice deje una situaci\u00f3n de inestabilidad en la pen\u00ednsula -especialmente en la Comunidad Valenciana- y en las islas Baleares, con cielos nubosos o cubiertos y precipitaciones en varios puntos del pa\u00eds, mientras que descender\u00e1n de manera notable las temperaturas m\u00e1ximas en zonas del interior este peninsular. Seg\u00fan ha informado la Agencia Meteorol\u00f3gica estatal Aemet, se dar\u00e1n precipitaciones, d\u00e9biles y dispersas, en el Cant\u00e1brico y en el norte de Galicia, y ser\u00e1n m\u00e1s abundantes y con tormenta en el tercio oriental y en el \u00e1rea oeste de Baleares. Tambi\u00e9n es probable que se alcancen intensidades muy fuertes o localmente torrenciales, con acumulados significativos, en zonas de la Comunidad Valenciana, Murcia y el oeste de Baleares y, a lo largo del d\u00eda, los chubascos y tormentas se extender\u00e1n previsiblemente a interiores del sur peninsular.<\/p>\n<p>22:2808\/10\/2025<\/p>\n<p>Suspenden este jueves las clases en las Pitiusas<\/p>\n<p class=\"c-paragraph\">La Direcci\u00f3n General de Emergencias ha decidido suspender este jueves las clases en todos los centros educativos de Ibiza y Formentera, no solo en Ibiza como se hab\u00eda informado anteriormente, por prevenci\u00f3n ante la alerta naranja por fuertes lluvias previstas, dado el mayo<b>r \u00abcontexto de vulnerabilidad\u00bb de las Pitiusas <\/b>a causa de las inundaciones de la semana pasada. El director general, Pablo G\u00e1rriz, ha explicado que, tras la segunda reuni\u00f3n, que se ha adoptado esta decisi\u00f3n por el aviso naranja de la Agencia Estatal de Meteorolog\u00eda (Aemet), que se extender\u00e1 desde las 6.00 hasta las 18.00 horas, y que se tendr\u00e1 que \u00abreajustar en funci\u00f3n de la evoluci\u00f3n del fen\u00f3meno\u00bb.<\/p>\n<p>22:0508\/10\/2025<\/p>\n<p>Emergencias vigilar\u00e1 la zona cero de la DANA de 2024<\/p>\n<p class=\"c-paragraph\">El conseller de Emergencias e Interior, Juan Carlos Valderrama, ha solicitado que las administraciones competentes<b> redimensionen sus efectivos en base al episodio de precipitaciones<\/b> y ha avanzado que activar\u00e1n un plan en la zona cero de la DANA para vigilar los barrancos y la situaci\u00f3n del alcantarillado. As\u00ed se ha manifestado este mi\u00e9rcoles en declaraciones a los medios de comunicaci\u00f3n, tras participar en la reuni\u00f3n de coordinaci\u00f3n mantenida en el Centro de Coordinaci\u00f3n de Emergencias (CCE).\u00a0Valderrama ha resaltado que han solicitado que se redimensionen los efectivos en base al episodio de lluvias y que se active el plan en la zona cero, \u00abcon todos los dispositivos pendientes de la situaci\u00f3n\u00bb por la \u00absituaci\u00f3n de los barrancos, fundamentalmente por la situaci\u00f3n de alcantarillado y por estar pr\u00f3ximos y cercanos a la ciudadan\u00eda\u00bb.<\/p>\n<p>21:4608\/10\/2025<\/p>\n<p>Recomendaciones de Cruz Roja<\/p>\n<p>21:3308\/10\/2025<\/p>\n<p>Ibiza suspende las clases este jueves\u00a0<\/p>\n<p class=\"c-paragraph\">El Consell de Ibiza ha suspendido las clases este jueves ante la<b> alerta naranja<\/b> activada por la Agencia Estatal de Meteorolog\u00eda (Aemet) por lluvias y tormentas. La decisi\u00f3n de la instituci\u00f3n insular responde a indicaciones del servicio de Emergencias 112 del Govern, seg\u00fan ha informado el Consell en un mensaje en la red social X. Precisamente, la Direcci\u00f3n General de Emergencias e Interior ha convocado esta tarde al Comit\u00e9 T\u00e9cnico Asesor en segunda reuni\u00f3n del Plan Meteobal para analizar la evoluci\u00f3n de la situaci\u00f3n meteorol\u00f3gica y coordinar las acciones de los diferentes servicios operativos.<\/p>\n<p>20:1408\/10\/2025<\/p>\n<p>Comienzan las lluvias en Valencia<\/p>\n<p class=\"c-paragraph\">El Centro Coordinador de Emergencias de la Generalitat Valenciana ha indicado en redes sociales que las precipitaciones<b> han empezado a asomarse por el Rinc\u00f3n de Ademuz.<\/b> As\u00ed, en Vallanca se han registrado 23,4 mil\u00edmetros de lluvia, en Castielfabib, 21,6 mm; y Ademuz, 9,8 mm.<\/p>\n<p>20:0508\/10\/2025<\/p>\n<p>La CHE alerta de posibles crecidas en barrancos de Teruel<\/p>\n<p class=\"c-paragraph\">La Confederaci\u00f3n Hidrogr\u00e1fica del Ebro (CHE) ha alertado de posibles crecidas s\u00fabitas importantes en cauces menores y barrancos <b>dentro del sector m\u00e1s meridional del Sistema Ib\u00e9rico de la cuenca del Ebro,<\/b> que se corresponder\u00eda con la provincia de Teruel, durante la tarde este mi\u00e9rcoles ante el aviso amarillo de la Agencia Estatal de Meteorolog\u00eda (Aemet) por lluvias intensas de, al menos, 20 litros por metro cuadrado en 1 hora. Desde la CHE se recomienda a los ciudadanos siempre seguir las recomendaciones de los servicios de protecci\u00f3n civil, estar atentos a la evoluci\u00f3n de los datos meteorol\u00f3gicos e hidrol\u00f3gicos en los canales oficiales.<\/p>\n<p>19:4808\/10\/2025<\/p>\n<p>Actualizaci\u00f3n de avisos en Murcia<\/p>\n<p>19:3708\/10\/2025<\/p>\n<p>Cambios en el 9\u00a0<b>d&#8217;Octubre en\u00a0<\/b>Aldaia, Sedav\u00ed y Torrent<\/p>\n<p class=\"c-paragraph\">En <b>Aldaia<\/b>, la previsi\u00f3n meteorol\u00f3gica tambi\u00e9n ha obligado a cancelar la conmemoraci\u00f3n del 9 d&#8217;Octubre, que se iba a celebrar en el Teatro Auditorio Municipal de Aldaia (TAMA). Adem\u00e1s,\u00a0<b>Sedav\u00ed <\/b>ha aplazado la entrega de los Premios Octavi\u00e0, \u00abcon el objetivo de proteger a las personas y evitar desplazamientos\u00bb, en los que se iba a homenajear a asociaciones de v\u00edctimas de la DANA.\u00a0En el caso de <b>Torrent<\/b>, el Ayuntamiento ha acordado mantener los actos de este mi\u00e9rcoles por la tarde, entre ellos el nombramiento de cargos festeros de Moros y Cristianos 2026, que se celebra en el Auditori, y la X\u00e1quera de Torrent en Sant Lluis Bertr\u00e1n, que en caso de llover se trasladar\u00eda al interior de la Parroquia.<\/p>\n<p>19:2708\/10\/2025<\/p>\n<p>Cullera suspende varios actos<\/p>\n<p class=\"c-paragraph\">Cullera ha suspendido la recreaci\u00f3n hist\u00f3rica de la<b> entrada de Jaume I<\/b> a la localidad y los bailes populares y la muixeranga, previstas para este jueves. Tambi\u00e9n se ha cancelado la actuaci\u00f3n de la orquesta Panorama, que iba a tener lugar esta madrugada.<\/p>\n<p>19:2408\/10\/2025<\/p>\n<p>Gand\u00eda modifica su acto de celebraci\u00f3n\u00a0<b>del 9 d&#8217;Octubre<\/b><\/p>\n<p class=\"c-paragraph\">El Ayuntamiento de Gand\u00eda ha modificado el acto de celebraci\u00f3n del 9 d&#8217;Octubre y finalmente se celebrar\u00e1 en un <b>\u00abformato reducido\u00bb, <\/b>a partir de las 11.00 horas en el Sal\u00f3n de Plenos del consistorio. Consistir\u00e1 la interpretaci\u00f3n del himno de Gand\u00eda por la Banda de Beniopa y el tenor Borja Montesinos, seguido por la lectura del pasaje del Llibre dels fets por parte de los ni\u00f1os del Consell de la Inf\u00e0ncia y alumnado de la Escola Teatre Serrano. Para finalizar, se interpretar\u00e1 el himno de Val\u00e8ncia por la Banda de Beniopa y el tenor Borja Montesinos, mientras que los ni\u00f1os realizar\u00e1n la ofrenda de La Corona de laurel a la imagen de Jaume I.<\/p>\n<p>19:2008\/10\/2025<\/p>\n<p>Burjassot suspende todos los actos del 9 d&#8217;Octubre<\/p>\n<p class=\"c-paragraph\">Burjassot ha suspendido todas las actividades del programa de fiestas del 9 d&#8217;Octubre, <b>excepto las calderas de arr\u00f2s amb fesols i naps, <\/b>que se preparar\u00e1n para repartir y que la ciudadan\u00eda se lo coma en casa. El reparto se har\u00e1 en el Auditorio de la Casa de Cultura, a partir de las 13.30 horas, a cubierto y con dos puntos de reparto para evitar aglomeraciones. Las personas interesadas deben acudir provistas de cacerolas o cualquier otro recipiente con tapa.<\/p>\n<p>19:0808\/10\/2025<\/p>\n<p>La Generalitat Valenciana aconseja no coger el coche<\/p>\n<p>19:0108\/10\/2025<\/p>\n<p>Activan\u00a0el Meteocam en fase de alerta\u00a0para Cuenca y Albacete<\/p>\n<p class=\"c-paragraph\">El Gobierno de Castilla-La Mancha ha activado a las 16.00 horas de este mi\u00e9rcoles, en Fase de Alerta -Situaci\u00f3n Operativa 0-, el Plan Espec\u00edfico ante el Riesgo por Fen\u00f3menos Meteorol\u00f3gicos Adversos (Meteocam) en las provincias de Cuenca y Albacete. La activaci\u00f3n de este Plan se ha decretado tras los avisos elaborados por la Agencia Estatal de Meteorolog\u00eda (Aemet), de nivel naranja por fuertes lluvias, en las comarcas de La Mancha conquense y la Serran\u00eda, ambas en la provincia de Cuenca, con <b>precipitaciones acumuladas en una hora de 30 mil\u00edmetros.<\/b> Tambi\u00e9n hay avisos amarillos por lluvias en la provincia de Albacete, en las comarcas de Hell\u00edn-Almansa y La Mancha, con precipitaciones acumuladas en una hora con 15 mil\u00edmetros, ha informado la Junta en nota de prensa.<\/p>\n<p>18:4708\/10\/2025<\/p>\n<p>Suspendida la manifestaci\u00f3n del 9 d&#8217;Octubre<\/p>\n<p class=\"c-paragraph\">La Comissi\u00f3 9 d&#8217;Octubre ha acordado suspender la &#8216;Manifestaci\u00f3n de la Diada del Pa\u00eds Valenci\u00e0&#8217; prevista para la tarde de este jueves en la ciudad de Valencia, <b>ante la alerta meteorol\u00f3gica y por la seguridad de las personas participantes<\/b>. La Comissi\u00f3 9 d&#8217;Octubre informa de que la decisi\u00f3n se ha tomado de manera consensuada por todos sus integrantes. La suspensi\u00f3n de la protesta, a\u00f1ade en un comunicado, se ha adoptado despu\u00e9s de valorar las informaciones oficiales de la Agencia Estatal de Meteorolog\u00eda (Aemet) y \u00abpor responsabilidad hacia la seguridad y el bienestar de todas las persones participantes\u00bb.<\/p>\n<p>18:4308\/10\/2025<\/p>\n<p>El Ayuntamiento de Murcia activa el dispositivo especial<\/p>\n<p class=\"c-paragraph\">El Ayuntamiento de Murcia ha activado un dispositivo especial ante el aviso amarillo por lluvias tormentas emitido por la Agencia Estatal de Meteorolog\u00eda (Aemet) para este jueves, de 10.00 horas a 20.59 horas. Este operativo integra a diversos servicios municipales, entre ellos Polic\u00eda Local, Bomberos, Tr\u00e1fico, Aguas de Murcia, Limpieza Viaria, Alumbrado P\u00fablico, Parques y Jardines y el Servicio de Emergencia M\u00f3vil y Atenci\u00f3n Social (SEMAS), \u00abgarantizando una r<b>espuesta r\u00e1pida y eficaz ante cualquier incidencia<\/b> que pueda producirse durante el episodio meteorol\u00f3gico\u00bb, seg\u00fan ha informado en una nota de prensa.\u00a0<\/p>\n<p>18:3608\/10\/2025<\/p>\n<p class=\"c-paragraph\">La Generalitat ha aplazado el acto institucional con motivo de la celebraci\u00f3n del D\u00eda de la Comunidad Valenciana, el 9 d&#8217;Octubre, ante la <b>alerta naranja por lluvias en Valencia y Alicante<\/b>, un acto que preside el president, Carlos Maz\u00f3n, quien emitir\u00e1 este jueves una declaraci\u00f3n institucional. La Generalitat ha informado respecto a la entrega de las distinciones de 2025, que este a\u00f1o reconocen a las comunidades aut\u00f3nomas por \u00abla eficacia, la entrega y el compromiso demostrado\u00bb en la DANA del 29 de octubre, y la solidaridad mostrada con los valencianos por sectores, entidades, organismos, y asociaciones, que se determinar\u00e1 pr\u00f3ximamente una nueva fecha. <a href=\"https:\/\/www.20minutos.es\/comunidad-valenciana\/valencia\/valencia-suspende-procesion-civica-9-d-octubre-ante-alerta-por-lluvias_6513512_0.html\" title=\"Valencia suspende la procesi\u00f3n c\u00edvica del 9 d&#039;Octubre ante la alerta naranja por lluvias\" rel=\"nofollow noopener\" target=\"_blank\">[Sigue leyendo]<\/a><\/p>\n<p>18:3208\/10\/2025<\/p>\n<p>Baleares da recomendaciones a sus ciudadanos<\/p>\n<p>18:2408\/10\/2025<\/p>\n<p>La Generalitat Valenciana pide \u00abextremar las precauciones\u00bb<\/p>\n<p class=\"c-paragraph\">La Conselleria de Emergencias e Interior ha emitido un nuevo aviso especial en el que recomienda a las agencias y ayuntamientos implicados en situaciones de emergencia por inundaciones y a toda la ciudadan\u00eda que <b>\u00abextremen las medidas de precauci\u00f3n y que se mantengan informados en todo momento\u00bb<\/b> sobre la evoluci\u00f3n de la DANA Alice. Adem\u00e1s, insiste en que el episodio ser\u00e1 \u00abpersistente\u00bb durante varios d\u00edas y que afectar\u00e1 principalmente al tercio este peninsular desde este mi\u00e9rcoles.<\/p>\n<p>18:2108\/10\/2025<\/p>\n<p>D\u00edas \u00e1lgidos de la DANA<\/p>\n<p class=\"c-paragraph\">De acuerdo con el aviso de la Aemet, los d\u00edas \u00e1lgidos del episodio ser\u00e1n el viernes y el s\u00e1bado, cuando los vientos del nordeste alcanzar\u00e1n su m\u00e1xima intensidad. Durante estas dos jornadas,<b> los chubascos m\u00e1s intensos se esperan en Valencia, Alicante y Murcia,<\/b> donde ser\u00e1n localmente muy fuertes, probablemente de intensidad torrencial y con acumulados que podr\u00edan superar los 140 l\/m2 en doce horas, de forma m\u00e1s probable en la provincia de Valencia.<\/p>\n<p>18:1508\/10\/2025<\/p>\n<p>D\u00f3nde ser\u00e1n las primeras lluvias<\/p>\n<p class=\"c-paragraph\">Los primeros chubascos se esperan este mi\u00e9rcoles en el e<b>ste de Castilla-La Mancha e interiores de la Comunidad Valenciana y norte de Murcia<\/b>, y se extender\u00e1n desde primeras horas del jueves al litoral de Tarragona, Barcelona y Comunidad Valenciana. A lo largo del d\u00eda llegar\u00e1n a Ibiza y Formentera, resto de Murcia, mitad oriental de Andaluc\u00eda y sur de Castilla-La Mancha. A su vez, tampoco se puede descartar que caigan en otras zonas de Castilla-La Mancha, de Catalu\u00f1a y Sistema Central.<\/p>\n<p>18:0008\/10\/2025<\/p>\n<p>La Aemet extiende hasta el lunes el aviso por la DANA Alice<\/p>\n<p class=\"c-paragraph\">La Agencia Estatal de Meteorolog\u00eda (Aemet) ha extendido hasta \u00abal menos\u00bb el lunes el aviso especial por la DANA Alice, que dejar\u00e1 lluvias y chubascos muy fuertes y persistentes en el tercio este peninsular y Baleares desde \u00faltimas horas de este mi\u00e9rcoles.<b> La zona de mayores acumulados ser\u00e1 a priori el entorno del cabo de la Nao, sobre todo las zonas litorales y prelitorales de Valencia y Alicant<\/b>e, que podr\u00e1n registrar lluvias localmente torrenciales, es decir, superiores a los 60 litros por metro cuadrado (l\/m2).\u00a0<\/p>\n","protected":false},"excerpt":{"rendered":"Los tel\u00e9fonos m\u00f3viles de la poblaci\u00f3n de diferentes zonas de la provincia de Alicante han recibido a las&hellip;\n","protected":false},"author":2,"featured_media":165562,"comment_status":"","ping_status":"","sticky":false,"template":"","format":"standard","meta":{"footnotes":""},"categories":[8],"tags":[25031,17,18,1681,2125,4978,25,24,13,14,11,19,20,9,10,15,16,23,12,21,22],"class_list":{"0":"post-165561","1":"post","2":"type-post","3":"status-publish","4":"format-standard","5":"has-post-thumbnail","7":"category-espana","8":"tag-alice","9":"tag-breaking-news","10":"tag-breakingnews","11":"tag-dana","12":"tag-directo","13":"tag-emergencias","14":"tag-es","15":"tag-espana","16":"tag-featured-news","17":"tag-featurednews","18":"tag-headlines","19":"tag-latest-news","20":"tag-latestnews","21":"tag-news","22":"tag-noticias","23":"tag-noticias-destacadas","24":"tag-noticiasdestacadas","25":"tag-spain","26":"tag-titulares","27":"tag-ultimas-noticias","28":"tag-ultimasnoticias"},"share_on_mastodon":{"url":"","error":""},"_links":{"self":[{"href":"https:\/\/www.europesays.com\/es\/wp-json\/wp\/v2\/posts\/165561","targetHints":{"allow":["GET"]}}],"collection":[{"href":"https:\/\/www.europesays.com\/es\/wp-json\/wp\/v2\/posts"}],"about":[{"href":"https:\/\/www.europesays.com\/es\/wp-json\/wp\/v2\/types\/post"}],"author":[{"embeddable":true,"href":"https:\/\/www.europesays.com\/es\/wp-json\/wp\/v2\/users\/2"}],"replies":[{"embeddable":true,"href":"https:\/\/www.europesays.com\/es\/wp-json\/wp\/v2\/comments?post=165561"}],"version-history":[{"count":0,"href":"https:\/\/www.europesays.com\/es\/wp-json\/wp\/v2\/posts\/165561\/revisions"}],"wp:featuredmedia":[{"embeddable":true,"href":"https:\/\/www.europesays.com\/es\/wp-json\/wp\/v2\/media\/165562"}],"wp:attachment":[{"href":"https:\/\/www.europesays.com\/es\/wp-json\/wp\/v2\/media?parent=165561"}],"wp:term":[{"taxonomy":"category","embeddable":true,"href":"https:\/\/www.europesays.com\/es\/wp-json\/wp\/v2\/categories?post=165561"},{"taxonomy":"post_tag","embeddable":true,"href":"https:\/\/www.europesays.com\/es\/wp-json\/wp\/v2\/tags?post=165561"}],"curies":[{"name":"wp","href":"https:\/\/api.w.org\/{rel}","templated":true}]}}