{"id":165569,"date":"2025-10-09T17:20:10","date_gmt":"2025-10-09T17:20:10","guid":{"rendered":"https:\/\/www.europesays.com\/es\/165569\/"},"modified":"2025-10-09T17:20:10","modified_gmt":"2025-10-09T17:20:10","slug":"ejecutan-en-plena-calle-a-un-luchador-de-ufc-de-33-anos-en-australia","status":"publish","type":"post","link":"https:\/\/www.europesays.com\/es\/165569\/","title":{"rendered":"Ejecutan en plena calle a un luchador de UFC de 33 a\u00f1os en Australia"},"content":{"rendered":"<p class=\"v-mdl-ath__p v-mdl-ath__p--6\">\nJueves, 9 de octubre 2025, 17:46<\/p>\n<p>| Actualizado 18:39h.<\/p>\n<p class=\"v-p\">El luchador de Artes Marciales Mixtas (MMA) Suman Mokhtarian, de 33 a\u00f1os, fue asesinado al recibir un disparo cuando paseaba por una calle en un suburbio de Sidney, en Australia. La v\u00edctima, que lleg\u00f3 a competir en la UFC -donde est\u00e1 Topuria-, recibi\u00f3 un impacto de bala procedente de un Audi rojo, seg\u00fan testificaron varios testigos. <\/p>\n<p class=\"v-p\">Las autoridades han abierto una investigaci\u00f3n, pero barajan que pueda tratarse de un ataque planificado. Mokhtarian recibi\u00f3 un impacto de bala en la parte superior del torso. Los servicios m\u00e9dicos desplazados al lugar atendieron a la v\u00edctima, pero no pudieron hacer nada para salvar su vida. <\/p>\n<p class=\"v-p\">La Polic\u00eda tambi\u00e9n investiga un fuego provocado en un coche aparcado cerca de la zona donde se produjo el disparo. Las autoriades apuntan a que ese veh\u00edculo podr\u00eda estar relacionada con el ataque. <\/p>\n<p class=\"v-p\">Mokhtarian ya sufri\u00f3 un intento de asesinato el a\u00f1o pasado. Un pistolero disfrazado de repartidor le dispar\u00f3 varias veces cuando sal\u00eda de un gimnasio, pero su punter\u00eda fall\u00f3 y el deportista se salv\u00f3. Este a\u00f1o, en abril, cancel\u00f3 una pelea de MMA en la que particiba ante la sospecha de que pudiera ser v\u00edcitma de un ataque. <\/p>\n<p>Reporta un error<\/p>\n","protected":false},"excerpt":{"rendered":"Jueves, 9 de octubre 2025, 17:46 | Actualizado 18:39h. El luchador de Artes Marciales Mixtas (MMA) Suman Mokhtarian,&hellip;\n","protected":false},"author":2,"featured_media":165570,"comment_status":"","ping_status":"","sticky":false,"template":"","format":"standard","meta":{"footnotes":""},"categories":[276],"tags":[988,4699,10872,168,48713,25,24,4459,5670,23,167,343],"class_list":{"0":"post-165569","1":"post","2":"type-post","3":"status-publish","4":"format-standard","5":"has-post-thumbnail","7":"category-ufc","8":"tag-anos","9":"tag-australia","10":"tag-calle","11":"tag-deportes","12":"tag-ejecutan","13":"tag-es","14":"tag-espana","15":"tag-luchador","16":"tag-plena","17":"tag-spain","18":"tag-sports","19":"tag-ufc"},"share_on_mastodon":{"url":"","error":""},"_links":{"self":[{"href":"https:\/\/www.europesays.com\/es\/wp-json\/wp\/v2\/posts\/165569","targetHints":{"allow":["GET"]}}],"collection":[{"href":"https:\/\/www.europesays.com\/es\/wp-json\/wp\/v2\/posts"}],"about":[{"href":"https:\/\/www.europesays.com\/es\/wp-json\/wp\/v2\/types\/post"}],"author":[{"embeddable":true,"href":"https:\/\/www.europesays.com\/es\/wp-json\/wp\/v2\/users\/2"}],"replies":[{"embeddable":true,"href":"https:\/\/www.europesays.com\/es\/wp-json\/wp\/v2\/comments?post=165569"}],"version-history":[{"count":0,"href":"https:\/\/www.europesays.com\/es\/wp-json\/wp\/v2\/posts\/165569\/revisions"}],"wp:featuredmedia":[{"embeddable":true,"href":"https:\/\/www.europesays.com\/es\/wp-json\/wp\/v2\/media\/165570"}],"wp:attachment":[{"href":"https:\/\/www.europesays.com\/es\/wp-json\/wp\/v2\/media?parent=165569"}],"wp:term":[{"taxonomy":"category","embeddable":true,"href":"https:\/\/www.europesays.com\/es\/wp-json\/wp\/v2\/categories?post=165569"},{"taxonomy":"post_tag","embeddable":true,"href":"https:\/\/www.europesays.com\/es\/wp-json\/wp\/v2\/tags?post=165569"}],"curies":[{"name":"wp","href":"https:\/\/api.w.org\/{rel}","templated":true}]}}