{"id":165610,"date":"2025-10-09T17:42:10","date_gmt":"2025-10-09T17:42:10","guid":{"rendered":"https:\/\/www.europesays.com\/es\/165610\/"},"modified":"2025-10-09T17:42:10","modified_gmt":"2025-10-09T17:42:10","slug":"alvaro-serrano-el-circuito-de-madrid-ha-sido-trampolin-para-que-la-gente-conozca-mi-toreo","status":"publish","type":"post","link":"https:\/\/www.europesays.com\/es\/165610\/","title":{"rendered":"\u00c1lvaro Serrano: \u00abEl Circuito de Madrid ha sido trampol\u00edn para que la gente conozca mi toreo\u00bb"},"content":{"rendered":"<p>            <a href=\"https:\/\/www.lascosasdeltoro.com\/wp-content\/uploads\/2025\/10\/Alvaro-Serrano.jpg\" data-caption=\"\" rel=\"nofollow noopener\" target=\"_blank\"><img loading=\"lazy\" decoding=\"async\" width=\"696\" height=\"696\" class=\"entry-thumb td-modal-image\" src=\"https:\/\/www.europesays.com\/es\/wp-content\/uploads\/2025\/10\/Alvaro-Serrano-696x696.jpg\"   alt=\"\" title=\"\u00c1lvaro Serrano\"\/><\/a><\/p>\n<p><strong>Triunfador del Circuito de Madrid y con 24 novilladas en la temporada, el novillero madrile\u00f1o afronta su crecimiento con ambici\u00f3n y disciplina<\/strong><\/p>\n<p>Constante, humilde y ambicioso, el joven madrile\u00f1o ha firmado una temporada que ha marcado un punto de inflexi\u00f3n en su carrera.\u00a0<strong>Triunfador del Circuito de Madrid<\/strong>\u00a0y protagonista de\u00a0<strong>24 pase\u00edllos\u00a0<\/strong>durante el a\u00f1o,\u00a0<strong>Serrano<\/strong>\u00a0se ha ganado un lugar destacado en el escalaf\u00f3n novilleril gracias a una evoluci\u00f3n s\u00f3lida y un concepto cada vez m\u00e1s definido.\u00a0\u201cHa sido una temporada de ensue\u00f1o\u201d, confiesa, satisfecho pero consciente de que su camino no ha hecho m\u00e1s que empezar.<\/p>\n<p>El\u00a0<strong>Circuito de Madrid\u00a0<\/strong>ha supuesto un impulso decisivo para su proyecci\u00f3n. Lo explica con claridad y sin artificios:\u00a0\u201cEl Circuito de Madrid me ha aportado la oportunidad de darme a conocer al aficionado y que puedan ver mi toreo y lo que llevo dentro, lo que quiero llegar a ser\u201d. Su participaci\u00f3n en el certamen no solo le permiti\u00f3 sumar experiencias y contratos, sino tambi\u00e9n crecer como torero:\u00a0\u201cHa sido un a\u00f1o muy redondo para m\u00ed, en el que he tenido mucha evoluci\u00f3n y he disfrutado mucho en la plaza\u201d.<\/p>\n<p>Para Serrano,\u00a0<strong>representar a su tierra<\/strong>\u00a0es una responsabilidad que asume con orgullo.\u00a0\u201cSupone para m\u00ed un gran orgullo poder representar a Madrid\u201d, afirma. \u201cEs una oportunidad para seguir mostrando mi concepto y que la gente siga viendo c\u00f3mo evoluciono como torero\u201d. Consciente de que cada tarde cuenta, afronta sus compromisos con serenidad y determinaci\u00f3n:\u00a0\u201cEspero que sea una tarde redonda, que embista el novillo, poder cuajarlo y cortar las orejas\u201d.<\/p>\n<p>No reh\u00faye la\u00a0<strong>competencia\u00a0<\/strong>ni se esconde detr\u00e1s de excusas. Lo tiene claro:\u00a0\u201cCada uno tenemos nuestras armas y yo tengo las m\u00edas. Vamos a dar lo mejor de nosotros mismos\u201d.\u00a0Su\u00a0<strong>preparaci\u00f3n\u00a0<\/strong>es diaria y sostenida en el tiempo. No hay secretos: disciplina, sacrificio y una mentalidad firme.\u00a0\u201cLa mejor preparaci\u00f3n ha sido torear todo lo que he toreado este a\u00f1o. Ahora, que tenemos un poco de tiempo de par\u00f3n, seguimos entrenando y prepar\u00e1ndonos mentalmente para lo que venga\u201d.<\/p>\n<p>Aunque su vida gira alrededor del toro, no abandona su formaci\u00f3n acad\u00e9mica.\u00a0<strong>Estudia deporte<\/strong>\u00a0porque, seg\u00fan explica, \u201csiempre hay que tener algo por lo que pueda pasar\u201d. Sin embargo, no lo ve como un plan alternativo, sino como una herramienta \u00fatil para el toreo.\u00a0\u201cEl deporte me aporta la sabidur\u00eda de c\u00f3mo entrenar bien, c\u00f3mo recuperarme de lo que me pueda pasar. S\u00ed que est\u00e1 relacionado con el mundo del toro porque te ayuda a conocerte f\u00edsicamente\u201d.<\/p>\n<p>En su\u00a0<strong>evoluci\u00f3n\u00a0<\/strong>personal y taurina ha influido la figura del maestro con el que trabaja actualmente.\u00a0\u201cAdmiro a muchos grandes toreros, pero ahora tengo la suerte de trabajar con el maestro Alberto Aguilar, y es un torero al que admiro mucho\u201d, asegura.<\/p>\n<p>Con ilusi\u00f3n y determinaci\u00f3n,\u00a0<strong>\u00c1lvaro Serrano<\/strong>\u00a0mira hacia adelante con los pies en la tierra y la vista en el horizonte.\u00a0\u201cTengo la oportunidad de darme a conocer en el mundo del toro y seguir creciendo como torero\u201d, afirma.\u00a0\u201cQuiero que la gente vea qui\u00e9n soy en la plaza\u201d.<\/p>\n<p><a href=\"#\"><img decoding=\"async\" src=\"https:\/\/www.lascosasdeltoro.com\/wp-content\/uploads\/2016\/10\/rec728.jpg\"\/><\/a>        <\/p>\n","protected":false},"excerpt":{"rendered":"Triunfador del Circuito de Madrid y con 24 novilladas en la temporada, el novillero madrile\u00f1o afronta su crecimiento&hellip;\n","protected":false},"author":2,"featured_media":165611,"comment_status":"","ping_status":"","sticky":false,"template":"","format":"standard","meta":{"footnotes":""},"categories":[277],"tags":[373,168,25,24,23,167,374],"class_list":{"0":"post-165610","1":"post","2":"type-post","3":"status-publish","4":"format-standard","5":"has-post-thumbnail","7":"category-toreo","8":"tag-bullfighting","9":"tag-deportes","10":"tag-es","11":"tag-espana","12":"tag-spain","13":"tag-sports","14":"tag-toreo"},"share_on_mastodon":{"url":"","error":""},"_links":{"self":[{"href":"https:\/\/www.europesays.com\/es\/wp-json\/wp\/v2\/posts\/165610","targetHints":{"allow":["GET"]}}],"collection":[{"href":"https:\/\/www.europesays.com\/es\/wp-json\/wp\/v2\/posts"}],"about":[{"href":"https:\/\/www.europesays.com\/es\/wp-json\/wp\/v2\/types\/post"}],"author":[{"embeddable":true,"href":"https:\/\/www.europesays.com\/es\/wp-json\/wp\/v2\/users\/2"}],"replies":[{"embeddable":true,"href":"https:\/\/www.europesays.com\/es\/wp-json\/wp\/v2\/comments?post=165610"}],"version-history":[{"count":0,"href":"https:\/\/www.europesays.com\/es\/wp-json\/wp\/v2\/posts\/165610\/revisions"}],"wp:featuredmedia":[{"embeddable":true,"href":"https:\/\/www.europesays.com\/es\/wp-json\/wp\/v2\/media\/165611"}],"wp:attachment":[{"href":"https:\/\/www.europesays.com\/es\/wp-json\/wp\/v2\/media?parent=165610"}],"wp:term":[{"taxonomy":"category","embeddable":true,"href":"https:\/\/www.europesays.com\/es\/wp-json\/wp\/v2\/categories?post=165610"},{"taxonomy":"post_tag","embeddable":true,"href":"https:\/\/www.europesays.com\/es\/wp-json\/wp\/v2\/tags?post=165610"}],"curies":[{"name":"wp","href":"https:\/\/api.w.org\/{rel}","templated":true}]}}