{"id":165612,"date":"2025-10-09T17:43:09","date_gmt":"2025-10-09T17:43:09","guid":{"rendered":"https:\/\/www.europesays.com\/es\/165612\/"},"modified":"2025-10-09T17:43:09","modified_gmt":"2025-10-09T17:43:09","slug":"bajacaliforniano-logro-contrato-en-ufc","status":"publish","type":"post","link":"https:\/\/www.europesays.com\/es\/165612\/","title":{"rendered":"Bajacaliforniano logr\u00f3 contrato en UFC"},"content":{"rendered":"<p class=\"ei-articleAperture__BreadCrumbContainer-sc-1fibpeo-5 dtLqC ei-article-aperture-breadcrumb-container\"><a href=\"https:\/\/www.elimparcial.com\" aria-label=\"El Imparcial\" class=\"ei-articleAperture__BreadcrumbAnchor-sc-1fibpeo-6 bthIHH ei-article-aperture-breadcrumb-anchor\" rel=\"nofollow noopener\" target=\"_blank\">El Imparcial<\/a> \/ <a href=\"https:\/\/www.elimparcial.com\/mxl\/mexicali\" aria-label=\"Mexicali\" class=\"ei-articleAperture__BreadcrumbAnchor-sc-1fibpeo-6 bthIHH ei-article-aperture-breadcrumb-anchor\" rel=\"nofollow noopener\" target=\"_blank\">Mexicali<\/a> \/ <a href=\"https:\/\/www.elimparcial.com\/tags\/ufc\/\" aria-label=\"UFC\" class=\"ei-articleAperture__BreadcrumbAnchor-sc-1fibpeo-6 bthIHH ei-article-aperture-breadcrumb-anchor\" rel=\"nofollow noopener\" target=\"_blank\">UFC<\/a><\/p>\n<p>Luego de est\u00e1 victoria, Imanol se convirti\u00f3 en el s\u00e9ptimo bajacaliforniano activo en llegar a la UFC.<img alt=\"Bajacaliforniano logr\u00f3 contrato en UFC\" class=\"global-image\" decoding=\"async\" height=\"75\" src=\"https:\/\/www.europesays.com\/es\/wp-content\/uploads\/2025\/10\/42BDT7XJMZEF7IJ7PMGKERTOOE.jpeg\" data-lightbox=\"https:\/\/www.europesays.com\/es\/wp-content\/uploads\/2025\/10\/42BDT7XJMZEF7IJ7PMGKERTOOE.jpeg\" width=\"100\" fetchpriority=\"high\" loading=\"eager\"\/><\/p>\n<p class=\"image-meta-data__MetadataParagraph-sc-1uy1w81-0 kfSQp image-metadata\">cortes\u00eda <\/p>\n<p class=\"ei-articleAperture__ByLineAuthorParagraph-sc-1fibpeo-10 cRBqZU ei-article-aperture-byline-author-paragraph\">Por <a href=\"https:\/\/www.elimparcial.com\/staff\/jesus-cota\/\" title=\"Noticias de Jes\u00fas Cota\" aria-label=\"Author name link\" class=\"ei-articleAperture__ByLineAuthorAnchor-sc-1fibpeo-8 lOGjW ei-article-aperture-byline-author-anchor\" rel=\"nofollow noopener\" target=\"_blank\">Jes\u00fas Cota<\/a> \u00a0<\/p>\n<p class=\"ei-articleAperture__ByLineAuthorParagraph-sc-1fibpeo-10 cRBqZU ei-article-aperture-byline-author-paragraph\">09 de octubre 2025<\/p>\n<p class=\"ei-articleBody__StyledText-sc-1wmd47a-1 gXgyFY body-paragraph ei-article-body-text\">Mexicali,B.C.- El peleador bajacaliforniano<b> Imanol Rodr\u00edguez consigui\u00f3 contrato<\/b> de <a href=\"https:\/\/www.elimparcial.com\/deporte\/2025\/09\/14\/la-noche-de-baja-california-en-ufc\/\" target=\"_self\" rel=\"nofollow noopener\" title=\"https:\/\/www.elimparcial.com\/deporte\/2025\/09\/14\/la-noche-de-baja-california-en-ufc\/\">UFC<\/a> luego de vencer por nocaut al brasile\u00f1o Roque Conceicao en el Contender Series que se realiz\u00f3 en Las Vegas, Nevada.<\/p>\n<p class=\"ei-articleBody__StyledText-sc-1wmd47a-1 gXgyFY body-paragraph ei-article-body-text\"><b>Faltando dos minutos con 48 segundos del primer asalto, el ensenadense solt\u00f3 varias combinaciones de golpes, incluyendo un fuerte derechazo al rostro <\/b>que mand\u00f3 a la lona al rival para finalizar con la contienda dentro de las 125 libras.<\/p>\n<p class=\"ei-articleBody__StyledText-sc-1wmd47a-1 gXgyFY body-paragraph ei-article-body-text\">\u201cYa no quer\u00eda ser una promesa y de aqu\u00ed en adelante lo voy a demostrar, siento bonito y ahora quiero transmitirle a la gente eso, que los sue\u00f1os se pueden hacer realidad, siempre y cuando se trabaje\u201d, coment\u00f3 el peleador de 25 a\u00f1os.<\/p>\n<p><a aria-label=\"recommended card article link\" href=\"https:\/\/www.elimparcial.com\/mxl\/mexicali\/2025\/09\/13\/cachanilla-buscara-dar-el-grito-en-la-ufc\/\" class=\"ei-recommendedCard__RecommendedCardAnchor-sc-1walexe-1 iRTihv ei-recommended-card-anchor\" rel=\"nofollow noopener\" target=\"_blank\"><img alt=\"Cachanilla buscar\u00e1 dar el grito en la UFC\" decoding=\"async\" src=\"https:\/\/www.europesays.com\/es\/wp-content\/uploads\/2025\/10\/SK7ICOIXIRA7FIFMVLVLOSE3OM.jpeg\" class=\"ei-recommendedCard__RecommendedCardImg-sc-1walexe-2 dMwBkH ei-recommended-card-img\"\/><\/a><\/p>\n<p class=\"ei-articleBody__StyledText-sc-1wmd47a-1 gXgyFY body-paragraph ei-article-body-text\"><b>Rodr\u00edguez adelant\u00f3 tambi\u00e9n que quiere debutar el 15 de noviembre dentro de las artes marciales mixtas.<\/b><\/p>\n<p class=\"ei-articleBody__StyledText-sc-1wmd47a-1 gXgyFY body-paragraph ei-article-body-text\">\u201cSi me dan la oportunidad, estar\u00e9 listo, quiero debutar en el d\u00eda de mi cumplea\u00f1os, entonces quiero celebrarlo como me gusta; peleando\u201d, indic\u00f3 el bajacaliforniano.<\/p>\n<p class=\"ei-articleBody__StyledText-sc-1wmd47a-1 gXgyFY body-paragraph ei-article-body-text\"><b>Luego de est\u00e1 victoria, Imanol se convirti\u00f3 en el s\u00e9ptimo bajacaliforniano activo en llegar a la UFC.<\/b><\/p>\n<p class=\"ei-articleBody__StyledText-sc-1wmd47a-1 gXgyFY body-paragraph ei-article-body-text\">\u201cEs un buen resultado para los de Baja California con Ramiro, viene una camada muy buena detr\u00e1s de nosotros, Ernesto Ibarra es uno de ellos que viene empujando fuerte y \u00e9l tambi\u00e9n merece est\u00e1 oportunidad\u201d, concluy\u00f3 el peleador del Gimnasio Blackxicans de Ensenada. <\/p>\n","protected":false},"excerpt":{"rendered":"El Imparcial \/ Mexicali \/ UFC Luego de est\u00e1 victoria, Imanol se convirti\u00f3 en el s\u00e9ptimo bajacaliforniano activo&hellip;\n","protected":false},"author":2,"featured_media":165613,"comment_status":"","ping_status":"","sticky":false,"template":"","format":"standard","meta":{"footnotes":""},"categories":[276],"tags":[168,25,24,23,167,343],"class_list":{"0":"post-165612","1":"post","2":"type-post","3":"status-publish","4":"format-standard","5":"has-post-thumbnail","7":"category-ufc","8":"tag-deportes","9":"tag-es","10":"tag-espana","11":"tag-spain","12":"tag-sports","13":"tag-ufc"},"share_on_mastodon":{"url":"","error":""},"_links":{"self":[{"href":"https:\/\/www.europesays.com\/es\/wp-json\/wp\/v2\/posts\/165612","targetHints":{"allow":["GET"]}}],"collection":[{"href":"https:\/\/www.europesays.com\/es\/wp-json\/wp\/v2\/posts"}],"about":[{"href":"https:\/\/www.europesays.com\/es\/wp-json\/wp\/v2\/types\/post"}],"author":[{"embeddable":true,"href":"https:\/\/www.europesays.com\/es\/wp-json\/wp\/v2\/users\/2"}],"replies":[{"embeddable":true,"href":"https:\/\/www.europesays.com\/es\/wp-json\/wp\/v2\/comments?post=165612"}],"version-history":[{"count":0,"href":"https:\/\/www.europesays.com\/es\/wp-json\/wp\/v2\/posts\/165612\/revisions"}],"wp:featuredmedia":[{"embeddable":true,"href":"https:\/\/www.europesays.com\/es\/wp-json\/wp\/v2\/media\/165613"}],"wp:attachment":[{"href":"https:\/\/www.europesays.com\/es\/wp-json\/wp\/v2\/media?parent=165612"}],"wp:term":[{"taxonomy":"category","embeddable":true,"href":"https:\/\/www.europesays.com\/es\/wp-json\/wp\/v2\/categories?post=165612"},{"taxonomy":"post_tag","embeddable":true,"href":"https:\/\/www.europesays.com\/es\/wp-json\/wp\/v2\/tags?post=165612"}],"curies":[{"name":"wp","href":"https:\/\/api.w.org\/{rel}","templated":true}]}}