{"id":165614,"date":"2025-10-09T17:44:08","date_gmt":"2025-10-09T17:44:08","guid":{"rendered":"https:\/\/www.europesays.com\/es\/165614\/"},"modified":"2025-10-09T17:44:08","modified_gmt":"2025-10-09T17:44:08","slug":"golf-alcaraz-raul-y-el-consuelo-del-putt-entre-rahm-y-lowry-deportes","status":"publish","type":"post","link":"https:\/\/www.europesays.com\/es\/165614\/","title":{"rendered":"Golf: Alcaraz, Ra\u00fal y el consuelo del \u2018putt\u2019 entre Rahm y Lowry | Deportes"},"content":{"rendered":"<p class=\"\">Como si todav\u00eda pisara el \u00e1rea de f\u00fatbol a la caza del gol, Ra\u00fal Gonz\u00e1lez Blanco no pierde detalle de todo lo que sucede a su alrededor. Hay miradas eternas y el mito del Real Madrid tiene la misma cara de concentraci\u00f3n mientras sigue a Jon Rahm en la primera ronda del<a href=\"https:\/\/elpais.com\/deportes\/2025-10-08\/un-open-de-espana-de-golf-con-premio-gordo-masters-y-open-britanico.html\" target=\"_blank\" rel=\"noreferrer nofollow noopener\" title=\"https:\/\/elpais.com\/deportes\/2025-10-08\/un-open-de-espana-de-golf-con-premio-gordo-masters-y-open-britanico.html\"> Open de Espa\u00f1a, en el Club de Campo,<\/a> que cuando esperaba el rechace de un portero. El exdelantero apenas aparta los ojos de cada golpe del golfista vasco y de sus compa\u00f1eros de ronda, \u00c1ngel Hidalgo y Shane Lowry, para atender alguna petici\u00f3n de fotograf\u00eda, primero con gesto serio y luego con sonrisa de cortes\u00eda. Ra\u00fal repite visita al campeonato nacional y completa como un jabato los 18 hoyos del partido estelar. Para Carlos Alcaraz es el debut entre los aficionados. Y con un pase privilegiado dentro de las cuerdas junto a David Ferrer y Sergio Reguil\u00f3n. En primera fila, el ganador de seis grandes anima durante nueve hoyos a Rahm, con quien ya jug\u00f3 el mi\u00e9rcoles en el torneo entre profesionales y amateurs: del 15 al 18 y del 1 al 5 para luego acompa\u00f1ar a David Puig. <\/p>\n<blockquote class=\"twitter-tweet\">\n<p lang=\"es\" dir=\"ltr\">\ud83c\uddea\ud83c\uddf8 Hidalgo (-1)<br \/>\ud83c\uddea\ud83c\uddf8 Rahm (+1)<br \/>\ud83c\uddee\ud83c\uddea Lowry (+4)<\/p>\n<p>Los favoritos se enfrentan a lo in\u00e9dito en un estreno complicado.<a href=\"https:\/\/twitter.com\/hashtag\/OpenEspana?src=hash&amp;ref_src=twsrc%5Etfw\" rel=\"nofollow noopener\" target=\"_blank\">#OpenEspana<\/a><\/p>\n<p>\u2014 Open de Espa\u00f1a presented by Madrid (@OpendeEspana) <a href=\"https:\/\/twitter.com\/OpendeEspana\/status\/1976272293975543919?ref_src=twsrc%5Etfw\" rel=\"nofollow noopener\" target=\"_blank\">October 9, 2025<\/a><\/p><\/blockquote>\n<p class=\"\">Ra\u00fal y Alcaraz se mezclan entre cientos de seguidores, tambi\u00e9n ni\u00f1os que faltan al colegio, como espectadores del amanecer de Rahm en este Open en el que busca su cuarto t\u00edtulo y superar al maestro Seve. Para abrir boca, un sabor amargo, una tarjeta de un golpe sobre el par tras unos segundos nueve hoyos cerrados en tres arriba. El tr\u00edo arranc\u00f3 en el hoyo 10 en medio de una ovaci\u00f3n. <a href=\"https:\/\/elpais.com\/deportes\/2025-09-28\/europa-se-asegura-al-menos-retener-la-ryder-cup-en-nueva-york.html\" target=\"_blank\" rel=\"noreferrer nofollow noopener\" title=\"https:\/\/elpais.com\/deportes\/2025-09-28\/europa-se-asegura-al-menos-retener-la-ryder-cup-en-nueva-york.html\">A Rahm y Lowry por la Ryder abrochada con una gran actuaci\u00f3n del vasco y un putt del irland\u00e9s;<\/a> a Hidalgo por la condici\u00f3n de campe\u00f3n defensor de la corona. <\/p>\n<p class=\"\">Una corbata tras un putt a un metro tuerce el gesto de Rahm en el hoyo 13, o m\u00e1s bien le sacude, porque el espa\u00f1ol deja en la siguiente parada un golpe de antolog\u00eda, un eagle desde el b\u00fanker en el par cinco del 14. Un birdie en el 15 y unos pares salvados a continuaci\u00f3n le permit\u00edan cerrar la primera vuelta en la parte noble de la tabla. Hasta que a la vuelta de la esquina se estrope\u00f3 el asunto: bogeys en el 1 y el 2, el par cinco del 7 sin estrujar y otro golpe de m\u00e1s para acabar en el 9 con deberes pendientes.<\/p>\n<p class=\"\">\u201cMi pelea ha sido con el viento. No he jugado mal, pero no he acertado a leer bien esos golpes\u201d, afirma Rahm, enfundado en las zapatillas europeas de la Ryder igual que Lowry todav\u00eda juega con muchos detalles de <a href=\"https:\/\/elpais.com\/deportes\/2025-09-28\/europa-se-asegura-al-menos-retener-la-ryder-cup-en-nueva-york.html\" target=\"_blank\" rel=\"noreferrer nofollow noopener\" title=\"https:\/\/elpais.com\/deportes\/2025-09-28\/europa-se-asegura-al-menos-retener-la-ryder-cup-en-nueva-york.html\">la gran cita de Nueva York <\/a>en la bolsa. Los recuerdos de la gesta vuelven a la pareja durante este Open de Espa\u00f1a, sobre todo cuando el irland\u00e9s fallaba un putt detr\u00e1s de otro. As\u00ed lo recordaba el vasco: \u201cEn plan broma en el campo le he dicho a Shane: \u2018No te preocupes que has metido un putt que pocos en su vida pueden decir que han metido\u2019. Fue hist\u00f3rico. Me ha sonre\u00eddo y me ha dado las gracias. Al menos le ha servido para recordar un buen momento\u201d. Un resultado final de +4 le devolvi\u00f3 a la dura realidad del golf, un deporte que no concede tregua por muy campe\u00f3n que seas. Hidalgo entreg\u00f3 una tarjeta de -1, igual que Josele Ballester; David Puig y Rafa Cabrera-Bello, -2; Reed, -3; Sergio Garc\u00eda, en el par; Niemann, +2; Eugenio L\u00f3pez-Chacarra, +3. <\/p>\n<p><img decoding=\"auto\" class=\"_re lazyload a_m-h\" height=\"277\"  width=\"414\"  src=\"https:\/\/www.europesays.com\/es\/wp-content\/uploads\/2025\/10\/NK5YS7B2GVMJFJOFL5RURWCV3E.jpg\" loading=\"lazy\"\/>\u00c1ngel Ayora, en la salida del 12.AFP7 v\u00eda Europa Press (AFP7 v\u00eda Europa Press)<\/p>\n<p class=\"\">En las alturas de la clasificaci\u00f3n brilla el franc\u00e9s Ugo Coussaud con -6, seguido del ingl\u00e9s Marco Penge, el franc\u00e9s Frederic Lacroix y el austriaco Bernd Wiesberger con -5; y el malague\u00f1o \u00c1ngel Ayora con -4. Con tres birdies y un eagle en la segunda parte de su recorrido, del 1 al 9, el espa\u00f1ol recorre el camino contrario a Rahm en ese tramo. Ayora tiene como representante a Javier Ballesteros, que le habla de la garra de su padre, y eso le motiva, adem\u00e1s de lucir la palabra Seve en el cuello del polo. <a href=\"https:\/\/elpais.com\/deportes\/2024-12-27\/angel-ayora-la-historia-antes-que-el-dinero.html\" target=\"_blank\" rel=\"noreferrer nofollow noopener\" title=\"https:\/\/elpais.com\/deportes\/2024-12-27\/angel-ayora-la-historia-antes-que-el-dinero.html\">El andaluz renunci\u00f3 a la millonada de LIV<\/a> para quedarse en el circuito europeo y luchar por obtener la tarjeta del circuito americano de cara a la pr\u00f3xima temporada. Ahora puja tambi\u00e9n por <a href=\"https:\/\/elpais.com\/deportes\/2025-10-08\/un-open-de-espana-de-golf-con-premio-gordo-masters-y-open-britanico.html\" target=\"_blank\" rel=\"noreferrer nofollow noopener\" title=\"https:\/\/elpais.com\/deportes\/2025-10-08\/un-open-de-espana-de-golf-con-premio-gordo-masters-y-open-britanico.html\">un Open que da acceso al Masters de Augusta y al British.<\/a> Su juego de tee a green es soberbio, y si afina con los putts tiene el derecho a so\u00f1ar a lo grande.<\/p>\n<p class=\"\"><a href=\"https:\/\/www.europeantour.com\/dpworld-tour\/open-de-espana-presented-by-madrid-2025\/leaderboard?round=1\" target=\"_blank\" rel=\"noreferrer nofollow noopener\" title=\"https:\/\/www.europeantour.com\/dpworld-tour\/open-de-espana-presented-by-madrid-2025\/leaderboard?round=1\"><b>Resultados y clasificaci\u00f3n del Open de Espa\u00f1a.<\/b><\/a><\/p>\n<p><script async src=\"https:\/\/platform.twitter.com\/widgets.js\" charset=\"utf-8\"><\/script><\/p>\n","protected":false},"excerpt":{"rendered":"Como si todav\u00eda pisara el \u00e1rea de f\u00fatbol a la caza del gol, Ra\u00fal Gonz\u00e1lez Blanco no pierde&hellip;\n","protected":false},"author":2,"featured_media":165615,"comment_status":"","ping_status":"","sticky":false,"template":"","format":"standard","meta":{"footnotes":""},"categories":[275],"tags":[4688,545,168,25,24,329,607,390,48337,37403,2624,396,23,167],"class_list":{"0":"post-165614","1":"post","2":"type-post","3":"status-publish","4":"format-standard","5":"has-post-thumbnail","7":"category-golf","8":"tag-angel-hidalgo","9":"tag-carlos-alcaraz","10":"tag-deportes","11":"tag-es","12":"tag-espana","13":"tag-golf","14":"tag-golfistas","15":"tag-jon-rahm","16":"tag-open-espana","17":"tag-raul-gonzalez","18":"tag-ryder-cup","19":"tag-shane-lowry","20":"tag-spain","21":"tag-sports"},"share_on_mastodon":{"url":"","error":""},"_links":{"self":[{"href":"https:\/\/www.europesays.com\/es\/wp-json\/wp\/v2\/posts\/165614","targetHints":{"allow":["GET"]}}],"collection":[{"href":"https:\/\/www.europesays.com\/es\/wp-json\/wp\/v2\/posts"}],"about":[{"href":"https:\/\/www.europesays.com\/es\/wp-json\/wp\/v2\/types\/post"}],"author":[{"embeddable":true,"href":"https:\/\/www.europesays.com\/es\/wp-json\/wp\/v2\/users\/2"}],"replies":[{"embeddable":true,"href":"https:\/\/www.europesays.com\/es\/wp-json\/wp\/v2\/comments?post=165614"}],"version-history":[{"count":0,"href":"https:\/\/www.europesays.com\/es\/wp-json\/wp\/v2\/posts\/165614\/revisions"}],"wp:featuredmedia":[{"embeddable":true,"href":"https:\/\/www.europesays.com\/es\/wp-json\/wp\/v2\/media\/165615"}],"wp:attachment":[{"href":"https:\/\/www.europesays.com\/es\/wp-json\/wp\/v2\/media?parent=165614"}],"wp:term":[{"taxonomy":"category","embeddable":true,"href":"https:\/\/www.europesays.com\/es\/wp-json\/wp\/v2\/categories?post=165614"},{"taxonomy":"post_tag","embeddable":true,"href":"https:\/\/www.europesays.com\/es\/wp-json\/wp\/v2\/tags?post=165614"}],"curies":[{"name":"wp","href":"https:\/\/api.w.org\/{rel}","templated":true}]}}