{"id":165616,"date":"2025-10-09T17:45:22","date_gmt":"2025-10-09T17:45:22","guid":{"rendered":"https:\/\/www.europesays.com\/es\/165616\/"},"modified":"2025-10-09T17:45:22","modified_gmt":"2025-10-09T17:45:22","slug":"todo-lo-que-hay-detras-de-sus-exitos-deportivos","status":"publish","type":"post","link":"https:\/\/www.europesays.com\/es\/165616\/","title":{"rendered":"todo lo que hay detr\u00e1s de sus \u00e9xitos deportivos"},"content":{"rendered":"<p class=\"ft-text\">M\u00e1s all\u00e1 de los ingresos deportivos que genera<a class=\"ft-link ft-link--decoration\" href=\"https:\/\/www.superdeporte.es\/tags\/carlos-alcaraz\/\" rel=\"nofollow noopener\" target=\"_blank\"> Carlos Alcaraz<\/a>, el n\u00famero uno del mundo tiene m\u00e1s negocios asociados a su imagen. <a class=\"ft-link ft-link--decoration\" href=\"https:\/\/www.superdeporte.es\/tenis\/2025\/10\/06\/cuentas-alcaraz-terminar-2025-numero-atp-tenis-122324963.html\" rel=\"nofollow noopener\" target=\"_blank\"><strong>La marca Carlos Alcaraz est\u00e1 de mod<\/strong><\/a><strong>a <\/strong>y eso se traduce en dinero. Es <strong>una apuesta segura para las empresas<\/strong> que buscan retorno y que se ha ido comprobando desde su fulgurante irrupci\u00f3n en el circuito ATP, el cual ahora lidera tras haber conquistado 24 t\u00edtulos como profesional -seis de ellos del Grand Slam- con apenas 22 a\u00f1os cumplidos el 5 de mayo.<\/p>\n<p class=\"ft-text\">El tenista murciano <strong>est\u00e1 a punto de estrenar el logotipo de su propia marca<\/strong>, la cual ha dise\u00f1ado para \u00e9l la multinacional estadounidense Nike, que viste y calza al joven jugador de El Palmar, quien, por otra parte, <strong>sigue ampliando el negocio<\/strong> que hay en torno a su figura con <a class=\"ft-link ft-link--decoration\" href=\"https:\/\/www.danone.es\/\" rel=\"nofollow noopener\" target=\"_blank\">Danone <\/a>e Ita\u00fa como \u00faltimas firmas comerciales que le han fichado, tal y como anunciaron ambas.<\/p>\n<p>Logotipo propio comoo Jordan o Nadal <\/p>\n<p class=\"ft-text\">Nike, con la que tiene contrato firmado desde el a\u00f1o 2019 -la empresa con sede en Atlanta reclut\u00f3 al de El Palmar, quien comenz\u00f3 con Lotto-, es su principal sustento econ\u00f3mico -gana m\u00e1s por ah\u00ed incluso de lo que se embolsa en premios con sus victorias-. Que Alcaraz es un <strong>cliente preferencial <\/strong>lo demuestra que se le haya creado un dise\u00f1o exclusivo para \u00e9l como hizo con otros deportistas de talla mundial -Rafa Nadal y Michael Jordan entre ellos-.<\/p>\n<p class=\"ft-text\">Ese dise\u00f1o, ya ultimado y que <strong>tiene el visto bueno del propio protagonista<\/strong>, se mantiene en secreto porque se pretende que genere el mayor impacto posible al ser mostrado, algo que se prev\u00e9 hacer durante las Nitto ATP Finals, que se celebrar\u00e1n del 9 al 16 del pr\u00f3ximo mes de noviembre en la ciudad italiana de Tur\u00edn con la presencia de los ocho mejores jugadores del a\u00f1o 2025.<\/p>\n<p class=\"ft-text\">Ser\u00e1 un momento especial, como cuando se present\u00f3 el documental sobre el tenista palmare\u00f1o, y se le dar\u00e1 el boato que merece la ocasi\u00f3n.<\/p>\n<p>M\u00e1s firmas<\/p>\n<p class=\"ft-text\">Mientras tanto, Carlos Alcaraz, un negocio en s\u00ed mismo, <strong>no deja de sumar firmas a las que se une<\/strong>. A las ya conocidas de Nike -ropa y zapatillas-, Babolat -raquetas-, Rolex -relojes-, Isdin -cosm\u00e9ticos-, BMW -coches-, Calvin Klein y Louis Vuitton y -moda y complementos- hay que a\u00f1adir las de la Regi\u00f3n de Murcia. As\u00ed, <a class=\"ft-link ft-link--decoration\" href=\"https:\/\/www.elpozo.com\/\" rel=\"nofollow noopener\" target=\"_blank\">ElPozo Alimentaci\u00f3n<\/a> y la Comunidad Aut\u00f3noma tambi\u00e9n explotan su imagen y tienen al murciano m\u00e1s reconocido a nivel universal como embajador.<\/p>\n<p><img decoding=\"async\" src=\"https:\/\/www.europesays.com\/es\/wp-content\/uploads\/2025\/10\/f78a2d44-6aa4-4f7f-8e3b-7c28ab8f86a5_alta-libre-aspect-ratio_default_0.jpg\" width=\"1200\" height=\"800\" alt=\"Alcaraz celebra su victoria en el ATP 500 de Tokio.\" class=\"ft-helper-img-rd\" loading=\"lazy\" hasdataaida=\"true\"\/><\/p>\n<p class=\"ft-helper-fontColor-quaternary ft-helper-fontSize-body-S ft-helper-spacer-t-xxs\">Alcaraz celebra su victoria en el ATP 500 de Tokio.  \/ Louise Delmotte \/ AP<\/p>\n<p class=\"ft-text\">Las \u00faltimas compa\u00f1\u00edas en apoyar al fen\u00f3meno de El Palmar son Grupo Danone e Ita\u00fa Unibanco. La multinacional agroalimentaria francesa l\u00edder en su sector y el fondo de inversiones financieras brasile\u00f1o con gran peso especialmente en Sudam\u00e9rica tambi\u00e9n apuestan por Alcaraz, quien aparecer\u00e1 en las <strong>campa\u00f1as publicitarias <\/strong>de ambas sociedades mercantiles.<\/p>\n","protected":false},"excerpt":{"rendered":"M\u00e1s all\u00e1 de los ingresos deportivos que genera Carlos Alcaraz, el n\u00famero uno del mundo tiene m\u00e1s negocios&hellip;\n","protected":false},"author":2,"featured_media":165617,"comment_status":"","ping_status":"","sticky":false,"template":"","format":"standard","meta":{"footnotes":""},"categories":[274],"tags":[4736,1691,545,168,26790,1635,25,24,9223,1634,2733,48725,23,167,327,326],"class_list":{"0":"post-165616","1":"post","2":"type-post","3":"status-publish","4":"format-standard","5":"has-post-thumbnail","7":"category-tenis","8":"tag-alcaraz","9":"tag-atp","10":"tag-carlos-alcaraz","11":"tag-deportes","12":"tag-deportivos","13":"tag-detras","14":"tag-es","15":"tag-espana","16":"tag-exitos","17":"tag-hay","18":"tag-negocios","19":"tag-nike","20":"tag-spain","21":"tag-sports","22":"tag-tenis","23":"tag-tennis"},"share_on_mastodon":{"url":"","error":""},"_links":{"self":[{"href":"https:\/\/www.europesays.com\/es\/wp-json\/wp\/v2\/posts\/165616","targetHints":{"allow":["GET"]}}],"collection":[{"href":"https:\/\/www.europesays.com\/es\/wp-json\/wp\/v2\/posts"}],"about":[{"href":"https:\/\/www.europesays.com\/es\/wp-json\/wp\/v2\/types\/post"}],"author":[{"embeddable":true,"href":"https:\/\/www.europesays.com\/es\/wp-json\/wp\/v2\/users\/2"}],"replies":[{"embeddable":true,"href":"https:\/\/www.europesays.com\/es\/wp-json\/wp\/v2\/comments?post=165616"}],"version-history":[{"count":0,"href":"https:\/\/www.europesays.com\/es\/wp-json\/wp\/v2\/posts\/165616\/revisions"}],"wp:featuredmedia":[{"embeddable":true,"href":"https:\/\/www.europesays.com\/es\/wp-json\/wp\/v2\/media\/165617"}],"wp:attachment":[{"href":"https:\/\/www.europesays.com\/es\/wp-json\/wp\/v2\/media?parent=165616"}],"wp:term":[{"taxonomy":"category","embeddable":true,"href":"https:\/\/www.europesays.com\/es\/wp-json\/wp\/v2\/categories?post=165616"},{"taxonomy":"post_tag","embeddable":true,"href":"https:\/\/www.europesays.com\/es\/wp-json\/wp\/v2\/tags?post=165616"}],"curies":[{"name":"wp","href":"https:\/\/api.w.org\/{rel}","templated":true}]}}